{"id":51535,"date":"2025-11-12T15:09:05","date_gmt":"2025-11-12T18:09:05","guid":{"rendered":"https:\/\/atecordoba.org\/?p=51535"},"modified":"2025-11-12T15:09:05","modified_gmt":"2025-11-12T18:09:05","slug":"mendiolaza-ate-cierra-la-paritaria-con-la-municipalidad-con-un-acuerdo-salarial-hasta-marzode-2026","status":"publish","type":"post","link":"https:\/\/atecordoba.org\/?p=51535","title":{"rendered":"Mendiolaza: ATE cierra la paritaria con la Municipalidad con un acuerdo salarial hasta marzode 2026"},"content":{"rendered":"<p><img loading=\"lazy\" decoding=\"async\" class=\"aligncenter wp-image-51536 \" src=\"https:\/\/atecordoba.org\/wp-content\/uploads\/2025\/11\/WhatsApp-Image-2025-11-12-at-11.42.00-1024x576.jpeg\" alt=\"\" width=\"613\" height=\"345\" srcset=\"https:\/\/atecordoba.org\/wp-content\/uploads\/2025\/11\/WhatsApp-Image-2025-11-12-at-11.42.00-1024x576.jpeg 1024w, https:\/\/atecordoba.org\/wp-content\/uploads\/2025\/11\/WhatsApp-Image-2025-11-12-at-11.42.00-300x169.jpeg 300w, https:\/\/atecordoba.org\/wp-content\/uploads\/2025\/11\/WhatsApp-Image-2025-11-12-at-11.42.00-768x432.jpeg 768w, https:\/\/atecordoba.org\/wp-content\/uploads\/2025\/11\/WhatsApp-Image-2025-11-12-at-11.42.00-750x422.jpeg 750w, https:\/\/atecordoba.org\/wp-content\/uploads\/2025\/11\/WhatsApp-Image-2025-11-12-at-11.42.00-1140x641.jpeg 1140w, https:\/\/atecordoba.org\/wp-content\/uploads\/2025\/11\/WhatsApp-Image-2025-11-12-at-11.42.00.jpeg 1280w\" sizes=\"auto, (max-width: 613px) 100vw, 613px\" \/>La Secretaria de Trabajo de la provincia laud\u00f3 hoy un acuerdo salarial entre ATE y el sindicato local con la Municipalidad de Mendiolaza, tras una larga negociaci\u00f3n en la paritaria municipal que cierra un conflicto gremial.<\/p>\n<p>Se arrib\u00f3 a esta instancia de acuerdo despu\u00e9s de que las y los trabajadores municipales de la localidad realizaron un fuerte plan de lucha, ante la negativa del Departamento Ejecutivo de otorgar aumento salarial.<\/p>\n<p>Ahora, la cartera laboral estableci\u00f3 una serie de aumentos mensuales para los meses de noviembre, diciembre, enero, febrero y marzo.<\/p>\n<p>La delegaci\u00f3n estatal estuvo integrada por el secretario Gremial de ATE C\u00f3rdoba, Jorge Chalup, su par de Organizaci\u00f3n, Javier Bracamonte, y las delegadas Luciana P\u00e9rez D\u00e1vila y \u00c1ngela G\u00f3mez, en tanto la Municipalidad estuvo representada por la secretaria de Hacienda, Mar\u00eda Gabriela D\u00edaz.<\/p>\n<p>El cronograma de aumentos se estableci\u00f3 de la siguiente manera:<\/p>\n<ul>\n<li>Noviembre: aumento del 7% no remunerativo sobre el salario bruto.<\/li>\n<li>Diciembre: se mantiene el 7% del mes anterior, m\u00e1s 4% de aumento remunerativo sobre el salario b\u00e1sico.<\/li>\n<li>Enero: a los aumentos de diciembre se incorpora 6% de incremento no remunerativo sobre el salario bruto de diciembre.<\/li>\n<li>Febrero: a la suba de haberes de enero se agrega 3% remunerativo en base al b\u00e1sico salarial.<\/li>\n<li>Marzo: En base al salario de febrero se otorga un aumento del 3% sobre el b\u00e1sico salarial.<\/li>\n<\/ul>\n<p>Entre otros items del acuerdo, las partes se comprometieron a abordar la situaci\u00f3n del personal comprendido en el Plan Trabajar.<\/p>\n<p>Adem\u00e1s, se acord\u00f3 un nueva reuni\u00f3n paritaria en febrero a los fines de analizar la incorporaci\u00f3n de los montos no remunerativos a la base remunerativa y definir la pauta salarial 2026, la cual deber\u00e1 aplicarse a partir del mes de marzo, a pagar en el mes de abril.<\/p>\n<p>De esta manera, ATE contin\u00faa defendiendo los derechos de las y los municipales del interior provincial.<\/p>\n","protected":false},"excerpt":{"rendered":"<p>La Secretaria de Trabajo de la provincia laud\u00f3 hoy un acuerdo salarial entre ATE y el sindicato local con la Municipalidad de Mendiolaza, tras una larga negociaci\u00f3n en la paritaria municipal que cierra un conflicto gremial. Se arrib\u00f3 a esta instancia de acuerdo despu\u00e9s de que las y los trabajadores municipales de la localidad realizaron [&hellip;]<\/p>\n","protected":false},"author":7,"featured_media":51536,"comment_status":"open","ping_status":"open","sticky":false,"template":"","format":"standard","meta":{"_exactmetrics_skip_tracking":false,"_exactmetrics_sitenote_active":false,"_exactmetrics_sitenote_note":"","_exactmetrics_sitenote_category":0,"jnews-multi-image_gallery":[],"jnews_single_post":[],"jnews_primary_category":[],"jnews_social_meta":[],"jnews_review":[],"enable_review":"","type":"","name":"","summary":"","brand":"","sku":"","good":[],"bad":[],"score_override":"","override_value":"","rating":[],"price":[],"jnews_override_counter":[],"jnews_post_split":[],"footnotes":""},"categories":[20],"tags":[],"class_list":["post-51535","post","type-post","status-publish","format-standard","has-post-thumbnail","hentry","category-municipales"],"jetpack_featured_media_url":"https:\/\/atecordoba.org\/wp-content\/uploads\/2025\/11\/WhatsApp-Image-2025-11-12-at-11.42.00.jpeg","_links":{"self":[{"href":"https:\/\/atecordoba.org\/index.php?rest_route=\/wp\/v2\/posts\/51535","targetHints":{"allow":["GET"]}}],"collection":[{"href":"https:\/\/atecordoba.org\/index.php?rest_route=\/wp\/v2\/posts"}],"about":[{"href":"https:\/\/atecordoba.org\/index.php?rest_route=\/wp\/v2\/types\/post"}],"author":[{"embeddable":true,"href":"https:\/\/atecordoba.org\/index.php?rest_route=\/wp\/v2\/users\/7"}],"replies":[{"embeddable":true,"href":"https:\/\/atecordoba.org\/index.php?rest_route=%2Fwp%2Fv2%2Fcomments&post=51535"}],"version-history":[{"count":1,"href":"https:\/\/atecordoba.org\/index.php?rest_route=\/wp\/v2\/posts\/51535\/revisions"}],"predecessor-version":[{"id":51537,"href":"https:\/\/atecordoba.org\/index.php?rest_route=\/wp\/v2\/posts\/51535\/revisions\/51537"}],"wp:featuredmedia":[{"embeddable":true,"href":"https:\/\/atecordoba.org\/index.php?rest_route=\/wp\/v2\/media\/51536"}],"wp:attachment":[{"href":"https:\/\/atecordoba.org\/index.php?rest_route=%2Fwp%2Fv2%2Fmedia&parent=51535"}],"wp:term":[{"taxonomy":"category","embeddable":true,"href":"https:\/\/atecordoba.org\/index.php?rest_route=%2Fwp%2Fv2%2Fcategories&post=51535"},{"taxonomy":"post_tag","embeddable":true,"href":"https:\/\/atecordoba.org\/index.php?rest_route=%2Fwp%2Fv2%2Ftags&post=51535"}],"curies":[{"name":"wp","href":"https:\/\/api.w.org\/{rel}","templated":true}]}}