{"id":51528,"date":"2025-11-12T13:53:58","date_gmt":"2025-11-12T16:53:58","guid":{"rendered":"https:\/\/atecordoba.org\/?p=51528"},"modified":"2025-11-12T14:11:51","modified_gmt":"2025-11-12T17:11:51","slug":"solidaridad-internacional-contra-la-criminalizacion-de-la-protesta-giuliani-recibio-el-apoyo-de-la-central-sindical-vasca-lab","status":"publish","type":"post","link":"https:\/\/atecordoba.org\/?p=51528","title":{"rendered":"Solidaridad Internacional contra la criminalizaci\u00f3n de la protesta: Giuliani recibi\u00f3 el apoyo de la central sindical vasca LAB"},"content":{"rendered":"<p><img loading=\"lazy\" decoding=\"async\" class=\"aligncenter wp-image-51529 size-large\" src=\"https:\/\/atecordoba.org\/wp-content\/uploads\/2025\/11\/WhatsApp-Image-2025-11-12-at-13.13.47-1-1024x768.jpeg\" alt=\"\" width=\"1024\" height=\"768\" \/>En el marco de las gestiones que ATE y la CTAA C\u00f3rdoba vienen llevando adelante para recibir apoyo internacional contra la criminalizaci\u00f3n de la protesta social, que imponen Milei y el cordobesismo, el secretario General del Consejo Directivo Provincial (CDP) y la CTAA C\u00f3rdoba, Federico Giuliani, obtuvo el acompa\u00f1amiento de la central sindical de Euskal Erria LAB, &#8220;Comisiones de Obreros Abertzaleses&#8221; (Langile Abertzaleen Batzordeak en euskera).<\/p>\n<p>Giuliani mantuvo hoy una audiencia con parte de la Conducci\u00f3n de LAB, encabezada por Igor Arroyo, Coordinador General, Koldo S\u00e1enz, Responsable de la Secretar\u00eda de Relaciones Internacionales, Josefina Roco, Responsable de la Secretar\u00eda Antirracista y Amanda Verrone, miembro de la Secretar\u00eda de Relaciones Internacionales.<\/p>\n<p>&#8220;Seguimos construyendo solidaridad internacional&#8221;, destac\u00f3 el secretario General de ATE, que debi\u00f3 enfrentar siete causas armadas por el Poder Judicial de provincia, tras participar de diversas manifestaciones en C\u00f3rdoba Capital, siempre de manera pac\u00edfica y reclamando derechos para las y los trabajadores, as\u00ed como comida comprometida a comederos de las barriadas populares de las ciudad.<\/p>\n<p>As\u00ed, el dirigente sigue cosechando apoyos y exponiendo c\u00f3mo la criminalizaci\u00f3n de la protesta social y la judicializaci\u00f3n de las y los dirigentes sociales forma parte de una pol\u00edtica de represi\u00f3n ante el ajuste, que aplican en igual sinton\u00eda Milei y el gobernador Mart\u00edn Llaryora.<\/p>\n<p>En la oportunidad, Giuliani recibi\u00f3 un ejemplar del libro que cuenta la historia de LAB, fundada en la clandestinidad durante al dictadura fascista de Francisco Franco.<\/p>\n","protected":false},"excerpt":{"rendered":"<p>En el marco de las gestiones que ATE y la CTAA C\u00f3rdoba vienen llevando adelante para recibir apoyo internacional contra la criminalizaci\u00f3n de la protesta social, que imponen Milei y el cordobesismo, el secretario General del Consejo Directivo Provincial (CDP) y la CTAA C\u00f3rdoba, Federico Giuliani, obtuvo el acompa\u00f1amiento de la central sindical de Euskal [&hellip;]<\/p>\n","protected":false},"author":7,"featured_media":51529,"comment_status":"open","ping_status":"open","sticky":false,"template":"","format":"standard","meta":{"_exactmetrics_skip_tracking":false,"_exactmetrics_sitenote_active":false,"_exactmetrics_sitenote_note":"","_exactmetrics_sitenote_category":0,"jnews-multi-image_gallery":[],"jnews_single_post":{"format":"standard","override":[{"template":"1","parallax":"1","fullscreen":"1","layout":"no-sidebar-narrow","sidebar":"default-sidebar","second_sidebar":"default-sidebar","sticky_sidebar":"1","share_position":"bottom","share_float_style":"share-monocrhome","show_share_counter":"1","show_view_counter":"1","show_post_meta":"1","show_post_author_image":"1","show_post_date":"1","post_date_format":"default","post_date_format_custom":"Y\/m\/d","show_post_category":"1","show_post_reading_time":"0","post_reading_time_wpm":"300","post_calculate_word_method":"str_word_count","show_zoom_button":"0","zoom_button_out_step":"2","zoom_button_in_step":"3","show_post_tag":"1","number_popup_post":"1","show_post_related":"1","show_inline_post_related":"0"}],"image_override":[{"single_post_thumbnail_size":"crop-500","single_post_gallery_size":"crop-500"}],"trending_post_position":"meta","trending_post_label":"Trending","sponsored_post_label":"Sponsored by","disable_ad":"0"},"jnews_primary_category":[],"jnews_social_meta":[],"jnews_review":[],"enable_review":"","type":"percentage","name":"","summary":"","brand":"","sku":"","good":[],"bad":[],"score_override":"","override_value":"","rating":[],"price":[],"jnews_override_counter":{"view_counter_number":"0","share_counter_number":"0","like_counter_number":"0","dislike_counter_number":"0"},"jnews_post_split":{"post_split":[{"template":"1","tag":"h2","numbering":"asc","mode":"normal","first":"0","enable_toc":"0","toc_type":"normal"}]},"footnotes":""},"categories":[10],"tags":[],"class_list":["post-51528","post","type-post","status-publish","format-standard","has-post-thumbnail","hentry","category-accion-politica"],"jetpack_featured_media_url":"https:\/\/atecordoba.org\/wp-content\/uploads\/2025\/11\/WhatsApp-Image-2025-11-12-at-13.13.47-1-e1762966433771.jpeg","_links":{"self":[{"href":"https:\/\/atecordoba.org\/index.php?rest_route=\/wp\/v2\/posts\/51528","targetHints":{"allow":["GET"]}}],"collection":[{"href":"https:\/\/atecordoba.org\/index.php?rest_route=\/wp\/v2\/posts"}],"about":[{"href":"https:\/\/atecordoba.org\/index.php?rest_route=\/wp\/v2\/types\/post"}],"author":[{"embeddable":true,"href":"https:\/\/atecordoba.org\/index.php?rest_route=\/wp\/v2\/users\/7"}],"replies":[{"embeddable":true,"href":"https:\/\/atecordoba.org\/index.php?rest_route=%2Fwp%2Fv2%2Fcomments&post=51528"}],"version-history":[{"count":3,"href":"https:\/\/atecordoba.org\/index.php?rest_route=\/wp\/v2\/posts\/51528\/revisions"}],"predecessor-version":[{"id":51534,"href":"https:\/\/atecordoba.org\/index.php?rest_route=\/wp\/v2\/posts\/51528\/revisions\/51534"}],"wp:featuredmedia":[{"embeddable":true,"href":"https:\/\/atecordoba.org\/index.php?rest_route=\/wp\/v2\/media\/51529"}],"wp:attachment":[{"href":"https:\/\/atecordoba.org\/index.php?rest_route=%2Fwp%2Fv2%2Fmedia&parent=51528"}],"wp:term":[{"taxonomy":"category","embeddable":true,"href":"https:\/\/atecordoba.org\/index.php?rest_route=%2Fwp%2Fv2%2Fcategories&post=51528"},{"taxonomy":"post_tag","embeddable":true,"href":"https:\/\/atecordoba.org\/index.php?rest_route=%2Fwp%2Fv2%2Ftags&post=51528"}],"curies":[{"name":"wp","href":"https:\/\/api.w.org\/{rel}","templated":true}]}}