{"id":51520,"date":"2025-11-12T13:34:16","date_gmt":"2025-11-12T16:34:16","guid":{"rendered":"https:\/\/atecordoba.org\/?p=51520"},"modified":"2025-11-12T16:27:50","modified_gmt":"2025-11-12T19:27:50","slug":"ate-llevo-a-la-legislatura-el-proyecto-de-ley-de-convenio-colectivo-de-trabajo-para-los-y-las-municipales-de-la-provincia","status":"publish","type":"post","link":"https:\/\/atecordoba.org\/?p=51520","title":{"rendered":"ATE llev\u00f3 a la Legislatura el proyecto de ley de Convenio Colectivo de Trabajo para los y las municipales de la provincia"},"content":{"rendered":"<p><img loading=\"lazy\" decoding=\"async\" class=\"aligncenter wp-image-51521 \" src=\"https:\/\/atecordoba.org\/wp-content\/uploads\/2025\/11\/WhatsApp-Image-2025-11-12-at-11.47.23-771x1024.jpeg\" alt=\"\" width=\"616\" height=\"818\" \/>Una delegaci\u00f3n de ATE C\u00f3rdoba llev\u00f3 a Legislatura el proyecto de ley para crear un Convenio Colectivo de Trabajo para los y las trabajadoras de los municipios de la provincia y mantuvo sendas reuniones con Luciana Echevarr\u00eda y Dante Rossi, legisladores del MST en el FITU y la UCR respectivamente.<\/p>\n<p>Encabez\u00f3 la comitiva estatal la secretaria de Prensa Julia Giuliani, el secretario General de ATE San Justo Dar\u00edo Paredes, el delegado de ATE en la Municipalidad de R\u00edo Primero, Jos\u00e9 Baigorria, y el compa\u00f1ero de Parques Nacionales e integrante del comit\u00e9 que elabor\u00f3 el proyecto de ley, Leonardo Barrios Caro.<img loading=\"lazy\" decoding=\"async\" class=\"aligncenter wp-image-51522 \" src=\"https:\/\/atecordoba.org\/wp-content\/uploads\/2025\/11\/WhatsApp-Image-2025-11-12-at-10.19.50-1024x771.jpeg\" alt=\"\" width=\"627\" height=\"472\" srcset=\"https:\/\/atecordoba.org\/wp-content\/uploads\/2025\/11\/WhatsApp-Image-2025-11-12-at-10.19.50-1024x771.jpeg 1024w, https:\/\/atecordoba.org\/wp-content\/uploads\/2025\/11\/WhatsApp-Image-2025-11-12-at-10.19.50-300x226.jpeg 300w, https:\/\/atecordoba.org\/wp-content\/uploads\/2025\/11\/WhatsApp-Image-2025-11-12-at-10.19.50-768x578.jpeg 768w, https:\/\/atecordoba.org\/wp-content\/uploads\/2025\/11\/WhatsApp-Image-2025-11-12-at-10.19.50-1536x1156.jpeg 1536w, https:\/\/atecordoba.org\/wp-content\/uploads\/2025\/11\/WhatsApp-Image-2025-11-12-at-10.19.50-750x564.jpeg 750w, https:\/\/atecordoba.org\/wp-content\/uploads\/2025\/11\/WhatsApp-Image-2025-11-12-at-10.19.50-1140x858.jpeg 1140w, https:\/\/atecordoba.org\/wp-content\/uploads\/2025\/11\/WhatsApp-Image-2025-11-12-at-10.19.50.jpeg 1600w\" sizes=\"auto, (max-width: 627px) 100vw, 627px\" \/><\/p>\n<p>Ambos\/as legisladores recibieron con agrado el proyecto de ley y se comprometieron a estudiar la iniciativa, al tiempo que reconocieron las dif\u00edciles condiciones laborales que afronta el personal municipal del interior provincial, situaci\u00f3n que justifica una intervenci\u00f3n legislativa que fije un piso de derechos tal como lo impulsa ATE.<\/p>\n<p>&#8220;Este 8 de noviembre fue el D\u00eda de Trabajador y la Trabajadora Municipal. Desde ATE nos dimos la pol\u00edtica que generar este a\u00f1o un modelo de Convenio Colectivo de Trabajo para los municipales con la perspectiva que sea una ley provincial y de esta forma los municipios y comunas de la provincia garanticen un piso de dignidad en materia de derechos&#8221;, explic\u00f3 Giuliani.<\/p>\n<p>Y adelant\u00f3 que tras la buena recepci\u00f3n de la propuesta por parte de Echevarria y Rossi &#8220;vamos a continuar manteniendo reuniones, creemos que es el momento pol\u00edtico porque a nivel nacional se est\u00e1 por presentar una reforma laboral que embiste los derechos laborales en el pa\u00eds. Como sindicato presentamos propuestas concretas que, por el contrario, buscan avanzar en nuevos derechos de las y los trabajadores municipales, que son el eslab\u00f3n m\u00e1s d\u00e9bil de la cadena del empleo p\u00fablico&#8221;.<img loading=\"lazy\" decoding=\"async\" class=\"aligncenter wp-image-51523 \" src=\"https:\/\/atecordoba.org\/wp-content\/uploads\/2025\/11\/WhatsApp-Image-2025-11-12-at-11.47.21-771x1024.jpeg\" alt=\"\" width=\"614\" height=\"815\" srcset=\"https:\/\/atecordoba.org\/wp-content\/uploads\/2025\/11\/WhatsApp-Image-2025-11-12-at-11.47.21-771x1024.jpeg 771w, https:\/\/atecordoba.org\/wp-content\/uploads\/2025\/11\/WhatsApp-Image-2025-11-12-at-11.47.21-226x300.jpeg 226w, https:\/\/atecordoba.org\/wp-content\/uploads\/2025\/11\/WhatsApp-Image-2025-11-12-at-11.47.21-768x1021.jpeg 768w, https:\/\/atecordoba.org\/wp-content\/uploads\/2025\/11\/WhatsApp-Image-2025-11-12-at-11.47.21-1156x1536.jpeg 1156w, https:\/\/atecordoba.org\/wp-content\/uploads\/2025\/11\/WhatsApp-Image-2025-11-12-at-11.47.21-750x997.jpeg 750w, https:\/\/atecordoba.org\/wp-content\/uploads\/2025\/11\/WhatsApp-Image-2025-11-12-at-11.47.21-1140x1515.jpeg 1140w, https:\/\/atecordoba.org\/wp-content\/uploads\/2025\/11\/WhatsApp-Image-2025-11-12-at-11.47.21.jpeg 1204w\" sizes=\"auto, (max-width: 614px) 100vw, 614px\" \/><\/p>\n<p>&#8220;Es una se\u00f1al que nuestro gremio est\u00e1 en el camino correcto y esperamos el acompa\u00f1amiento del oficialismo y de la primera minor\u00eda de la Legislatura. El gobierno de C\u00f3rdoba debe tomar cartas en el asunto para que los municipios y la comunas den garant\u00eda de derechos porque los y las municipales son quienes llevan adelante la pol\u00edtica p\u00fablica en los territorios de la provincia&#8221;, concluy\u00f3.<\/p>\n","protected":false},"excerpt":{"rendered":"<p>Una delegaci\u00f3n de ATE C\u00f3rdoba llev\u00f3 a Legislatura el proyecto de ley para crear un Convenio Colectivo de Trabajo para los y las trabajadoras de los municipios de la provincia y mantuvo sendas reuniones con Luciana Echevarr\u00eda y Dante Rossi, legisladores del MST en el FITU y la UCR respectivamente. Encabez\u00f3 la comitiva estatal la [&hellip;]<\/p>\n","protected":false},"author":7,"featured_media":51521,"comment_status":"open","ping_status":"open","sticky":false,"template":"","format":"standard","meta":{"_exactmetrics_skip_tracking":false,"_exactmetrics_sitenote_active":false,"_exactmetrics_sitenote_note":"","_exactmetrics_sitenote_category":0,"jnews-multi-image_gallery":[],"jnews_single_post":{"format":"standard","override":[{"template":"1","parallax":"1","fullscreen":"1","layout":"no-sidebar-narrow","sidebar":"default-sidebar","second_sidebar":"default-sidebar","sticky_sidebar":"1","share_position":"bottom","share_float_style":"share-monocrhome","show_share_counter":"1","show_view_counter":"1","show_post_meta":"1","show_post_author_image":"1","show_post_date":"1","post_date_format":"default","post_date_format_custom":"Y\/m\/d","show_post_category":"1","show_post_reading_time":"0","post_reading_time_wpm":"300","post_calculate_word_method":"str_word_count","show_zoom_button":"0","zoom_button_out_step":"2","zoom_button_in_step":"3","show_post_tag":"1","number_popup_post":"1","show_post_related":"1","show_inline_post_related":"0"}],"image_override":[{"single_post_thumbnail_size":"crop-500","single_post_gallery_size":"crop-500"}],"trending_post_position":"meta","trending_post_label":"Trending","sponsored_post_label":"Sponsored by","disable_ad":"0"},"jnews_primary_category":[],"jnews_social_meta":[],"jnews_review":[],"enable_review":"","type":"percentage","name":"","summary":"","brand":"","sku":"","good":[],"bad":[],"score_override":"","override_value":"","rating":[],"price":[],"jnews_override_counter":{"view_counter_number":"0","share_counter_number":"0","like_counter_number":"0","dislike_counter_number":"0"},"jnews_post_split":{"post_split":[{"template":"1","tag":"h2","numbering":"asc","mode":"normal","first":"0","enable_toc":"0","toc_type":"normal"}]},"footnotes":""},"categories":[20],"tags":[],"class_list":["post-51520","post","type-post","status-publish","format-standard","has-post-thumbnail","hentry","category-municipales"],"jetpack_featured_media_url":"https:\/\/atecordoba.org\/wp-content\/uploads\/2025\/11\/WhatsApp-Image-2025-11-12-at-11.47.23-e1762965245583.jpeg","_links":{"self":[{"href":"https:\/\/atecordoba.org\/index.php?rest_route=\/wp\/v2\/posts\/51520","targetHints":{"allow":["GET"]}}],"collection":[{"href":"https:\/\/atecordoba.org\/index.php?rest_route=\/wp\/v2\/posts"}],"about":[{"href":"https:\/\/atecordoba.org\/index.php?rest_route=\/wp\/v2\/types\/post"}],"author":[{"embeddable":true,"href":"https:\/\/atecordoba.org\/index.php?rest_route=\/wp\/v2\/users\/7"}],"replies":[{"embeddable":true,"href":"https:\/\/atecordoba.org\/index.php?rest_route=%2Fwp%2Fv2%2Fcomments&post=51520"}],"version-history":[{"count":4,"href":"https:\/\/atecordoba.org\/index.php?rest_route=\/wp\/v2\/posts\/51520\/revisions"}],"predecessor-version":[{"id":51538,"href":"https:\/\/atecordoba.org\/index.php?rest_route=\/wp\/v2\/posts\/51520\/revisions\/51538"}],"wp:featuredmedia":[{"embeddable":true,"href":"https:\/\/atecordoba.org\/index.php?rest_route=\/wp\/v2\/media\/51521"}],"wp:attachment":[{"href":"https:\/\/atecordoba.org\/index.php?rest_route=%2Fwp%2Fv2%2Fmedia&parent=51520"}],"wp:term":[{"taxonomy":"category","embeddable":true,"href":"https:\/\/atecordoba.org\/index.php?rest_route=%2Fwp%2Fv2%2Fcategories&post=51520"},{"taxonomy":"post_tag","embeddable":true,"href":"https:\/\/atecordoba.org\/index.php?rest_route=%2Fwp%2Fv2%2Ftags&post=51520"}],"curies":[{"name":"wp","href":"https:\/\/api.w.org\/{rel}","templated":true}]}}