{"id":5152,"date":"2015-04-30T16:14:59","date_gmt":"2015-04-30T19:14:59","guid":{"rendered":"http:\/\/www.atecordoba.org\/?p=5152"},"modified":"2015-04-30T16:14:59","modified_gmt":"2015-04-30T19:14:59","slug":"el-plenario-de-trabajadores-de-ate-senasa-resolvio-un-paro-nacional-de-96-horas","status":"publish","type":"post","link":"https:\/\/atecordoba.org\/?p=5152","title":{"rendered":"El plenario de trabajadores de ATE-SENASA resolvi\u00f3 un paro nacional de 96 horas"},"content":{"rendered":"<p><em>La medida de fuerza se llevar\u00e1 a cabo entre el lunes 4 y el jueves 7 de mayo, en reclamo de aumento salarial, apertura de la paritaria sectorial y mejora de las condiciones de trabajo. Adem\u00e1s, los trabajadores exigen que finalice la privatizaci\u00f3n encubierta de servicios del organismo.<\/em><\/p>\n<p><a href=\"http:\/\/www.atecordoba.org\/wp-content\/uploads\/2015\/04\/plenario-senasa-_-paro-72-hs-e1430421181785.jpg\"><img loading=\"lazy\" decoding=\"async\" class=\"aligncenter size-full wp-image-5153\" src=\"http:\/\/www.atecordoba.org\/wp-content\/uploads\/2015\/04\/plenario-senasa-_-paro-72-hs-e1430421181785.jpg\" alt=\"plenario senasa _ paro 72 hs\" width=\"550\" height=\"413\" \/><\/a><\/p>\n<p>En un plenario general de delegados de SENASA de todo el pa\u00eds, llevado a cabo en la sede de ATE nacional, los trabajadores del organismo resolvieron realizar un paro nacional de 96 horas, que se extender\u00e1 desde el lunes 4 al jueves 7 de mayo inclusive. En la oportunidad, participaron delegaciones de C\u00f3rdoba, Buenos Aires, Capital Federal, Santa Fe, Mendoza, Entre R\u00edos, Neuqu\u00e9n, Tucum\u00e1n, Chaco, Mendoza, R\u00edo Negro, San Luis, Misiones y La Pampa.<\/p>\n<p>Se trata de una medida de fuerza acordada\u00a0ante la falta permanente de respuestas de las autoridades ante un panorama que los compa\u00f1eros describen como &#8220;desolador&#8221;. Se reclama un aumento salarial de emergencia del 40% y el pago de adicionales adeudados; de la misma manera, el pedido de apertura de la paritaria sectorial hist\u00f3ricamente postergada.<\/p>\n<p>En los considerandos del acta resolutiva, los delegados expresaron la &#8220;decadencia de los puestos de frontera, sin insumos, sin ropa adecuada para el control ni identificatoria del organismo y trabajando en precarias condiciones laborales&#8221;.<\/p>\n<p>En ese sentido, el plenario afirm\u00f3 que\u00a0&#8220;no alcanza con recuperar funciones indelegables del Estado sino que tambi\u00e9n hay que garantizar su funcionamiento&#8221;, asumiendo el compromiso de reivindicar la tarea de los compa\u00f1eros que estuvieron abandonados durante a\u00f1os. El vaciamiento del SENASA tambi\u00e9n se evidencia en Capital Federal y Buenos Aires, as\u00ed como en C\u00f3rdoba.<\/p>\n<p>A las presiones permanentes de ciertos funcionarios sobre los trabajadores precarizados en el organismo \u00a0se suma la situaci\u00f3n de la &#8216;autogesti\u00f3n de empresas&#8217;, privatizaci\u00f3n encubierta donde se reemplazan &#8220;las funciones de los trabajadores estatales&#8221;. As\u00ed, los trabajadores s\u00f3lo acceden al final de los procesos cuando deber\u00edan certificar\u00a0todo el sistema de producci\u00f3n.<\/p>\n<p>Los reclamos del sector incluyen tambi\u00e9n la apertura de las mesas de relaciones laborales, pase a planta de los trabajadores contratados, implementaci\u00f3n de la banda horaria de barreras sanitarias, extensi\u00f3n del derecho a horas extras sin tope salarial, veedores gremiales en todas las auditor\u00edas internas y externas, 82% m\u00f3vil para todos los trabajadores del organismo y el fin del impuesto al salario.<\/p>\n<p>Ante este cuadro de situaci\u00f3n, el paro de 96 horas tendr\u00e1 la modalidad de acci\u00f3n directa para hacer visible el conflicto. En C\u00f3rdoba, los trabajadores cortar\u00e1n la calle Rosario de Santa Fe a partir de las 10 horas.<\/p>\n<p>&nbsp;<\/p>\n","protected":false},"excerpt":{"rendered":"<p>La medida de fuerza se llevar\u00e1 a cabo entre el lunes 4 y el jueves 7 de mayo, en reclamo de aumento salarial, apertura de la paritaria sectorial y mejora de las condiciones de trabajo. Adem\u00e1s, los trabajadores exigen que finalice la privatizaci\u00f3n encubierta de servicios del organismo. En un plenario general de delegados de [&hellip;]<\/p>\n","protected":false},"author":1,"featured_media":19220,"comment_status":"open","ping_status":"open","sticky":false,"template":"","format":"standard","meta":{"_exactmetrics_skip_tracking":false,"_exactmetrics_sitenote_active":false,"_exactmetrics_sitenote_note":"","_exactmetrics_sitenote_category":0,"jnews-multi-image_gallery":[],"jnews_single_post":[],"jnews_primary_category":[],"jnews_social_meta":[],"jnews_review":[],"enable_review":"","type":"","name":"","summary":"","brand":"","sku":"","good":[],"bad":[],"score_override":"","override_value":"","rating":[],"price":[],"jnews_override_counter":[],"jnews_post_split":[],"footnotes":""},"categories":[18,112],"tags":[],"class_list":["post-5152","post","type-post","status-publish","format-standard","has-post-thumbnail","hentry","category-nacionales","category-senasa"],"jetpack_featured_media_url":"https:\/\/atecordoba.org\/wp-content\/uploads\/2020\/05\/logo-nuevochico-e1561581322808.png","_links":{"self":[{"href":"https:\/\/atecordoba.org\/index.php?rest_route=\/wp\/v2\/posts\/5152","targetHints":{"allow":["GET"]}}],"collection":[{"href":"https:\/\/atecordoba.org\/index.php?rest_route=\/wp\/v2\/posts"}],"about":[{"href":"https:\/\/atecordoba.org\/index.php?rest_route=\/wp\/v2\/types\/post"}],"author":[{"embeddable":true,"href":"https:\/\/atecordoba.org\/index.php?rest_route=\/wp\/v2\/users\/1"}],"replies":[{"embeddable":true,"href":"https:\/\/atecordoba.org\/index.php?rest_route=%2Fwp%2Fv2%2Fcomments&post=5152"}],"version-history":[{"count":0,"href":"https:\/\/atecordoba.org\/index.php?rest_route=\/wp\/v2\/posts\/5152\/revisions"}],"wp:featuredmedia":[{"embeddable":true,"href":"https:\/\/atecordoba.org\/index.php?rest_route=\/wp\/v2\/media\/19220"}],"wp:attachment":[{"href":"https:\/\/atecordoba.org\/index.php?rest_route=%2Fwp%2Fv2%2Fmedia&parent=5152"}],"wp:term":[{"taxonomy":"category","embeddable":true,"href":"https:\/\/atecordoba.org\/index.php?rest_route=%2Fwp%2Fv2%2Fcategories&post=5152"},{"taxonomy":"post_tag","embeddable":true,"href":"https:\/\/atecordoba.org\/index.php?rest_route=%2Fwp%2Fv2%2Ftags&post=5152"}],"curies":[{"name":"wp","href":"https:\/\/api.w.org\/{rel}","templated":true}]}}