{"id":51516,"date":"2025-11-12T12:15:45","date_gmt":"2025-11-12T15:15:45","guid":{"rendered":"https:\/\/atecordoba.org\/?p=51516"},"modified":"2025-11-12T12:15:45","modified_gmt":"2025-11-12T15:15:45","slug":"ate-lanzo-un-paro-nacional-con-movilizacion-en-rechazo-a-la-reforma-laboral","status":"publish","type":"post","link":"https:\/\/atecordoba.org\/?p=51516","title":{"rendered":"ATE lanz\u00f3 un Paro Nacional con Movilizaci\u00f3n en rechazo a la Reforma Laboral"},"content":{"rendered":"<p><img loading=\"lazy\" decoding=\"async\" class=\"aligncenter wp-image-51517 \" src=\"https:\/\/atecordoba.org\/wp-content\/uploads\/2025\/11\/plenario-nacional-1024x682.jpg\" alt=\"\" width=\"600\" height=\"400\" srcset=\"https:\/\/atecordoba.org\/wp-content\/uploads\/2025\/11\/plenario-nacional-1024x682.jpg 1024w, https:\/\/atecordoba.org\/wp-content\/uploads\/2025\/11\/plenario-nacional-300x200.jpg 300w, https:\/\/atecordoba.org\/wp-content\/uploads\/2025\/11\/plenario-nacional-768x512.jpg 768w, https:\/\/atecordoba.org\/wp-content\/uploads\/2025\/11\/plenario-nacional-750x500.jpg 750w, https:\/\/atecordoba.org\/wp-content\/uploads\/2025\/11\/plenario-nacional-1140x760.jpg 1140w, https:\/\/atecordoba.org\/wp-content\/uploads\/2025\/11\/plenario-nacional.jpg 1280w\" sizes=\"auto, (max-width: 600px) 100vw, 600px\" \/>Mediante un Plenario Federal de Delegados de todo el pa\u00eds, ATE Nacional resolvi\u00f3 por unanimidad la realizaci\u00f3n de un Paro Nacional de 24 horas para el mi\u00e9rcoles 19 de noviembre, con movilizaci\u00f3n en Capital Federal a la Secretar\u00eda de Trabajo a partir de las 12 del mediod\u00eda, en rechazo a la Reforma Laboral planeada por el Gobierno y exigiendo la inmediata reapertura de las paritarias.<\/p>\n<p>\u201cLos trabajadores no tenemos que esperar a conocer ninguna letra chica para saber que nos quieren joder. No podemos esperar hasta el recambio parlamentario. Tenemos que empezar a enfrentar ya en la calle a esta reforma. Las amenazas, las mentiras organizadas y el desprestigio de las organizaciones sindicales son el veh\u00edculo que el Gobierno ha elegido para debatir esta legislaci\u00f3n. Despu\u00e9s que no nos digan que no queremos dialogar\u201d, asever\u00f3 Rodolfo Aguiar, Secretario General de ATE.<\/p>\n<p>En este marco, nuestro sindicato pudo averiguar que el Ejecutivo prepara el desguace de \u00e1reas sensibles de control y fiscalizaci\u00f3n para adaptar el Estado a esta nueva normativa prevista: \u201cVamos a movilizar al ex Ministerio de Trabajo porque a los efectos de facilitar la posterior quita de derechos, ya pretenden empezar a adaptar la m\u00e1xima autoridad laboral del pa\u00eds con esa finalidad. Intentan desmantelar \u00e1reas completas, casualmente las de fiscalizaci\u00f3n o las agencias territoriales, para impartir nuevas reglas y que las patronales no tengan ning\u00fan tipo de control\u201d.<\/p>\n<p>\u201cDespu\u00e9s de 23 meses de Milei, la administraci\u00f3n p\u00fablica entr\u00f3 en emergencia salarial. Cada d\u00eda que pasa, el pluriempleo comprende a una cada vez mayor cantidad de empleados p\u00fablicos que ya no pueden cubrir las necesidades b\u00e1sicas ni sostener dignamente sus hogares\u201d, agreg\u00f3 Aguiar.<\/p>\n<p>\u201cLa medida de fuerza tiene que servir para cuestionar fuertemente la posibilidad que se aniquilen todos los derechos laborales detr\u00e1s de la modernizaci\u00f3n, pero tambi\u00e9n para obligar al Gobierno a reabrir las paritarias y reparar el da\u00f1o grave que se ha producido en los salarios\u201d, concluy\u00f3 el Secretario General de ATE Nacional.<\/p>\n<p>Cabe recordar que el proyecto de reforma laboral que prepara el Gobierno se presentar\u00eda en el Congreso luego del 10 de diciembre, cuando asuman los nuevos legisladores, y el mismo incluir\u00eda la extensi\u00f3n de la jornada laboral a 12 horas, el pago de indemnizaciones en cuotas, acuerdos de trabajo por empresa en lugar de por actividad, aumentos salariales por productividad, entre otros puntos que se barajan. El mismo ser\u00eda presentado en el Congreso luego del 10 de diciembre, cuando asuman los nuevos legisladores.<\/p>\n<p>En cuanto a la situaci\u00f3n salarial del Sector P\u00fablico, el periodo paritario que va desde junio de 2025 a mayo de 2026 inici\u00f3 con la mesa de negociaci\u00f3n del 23 de julio. En aquel encuentro, la comitiva del Ministerio de Trabajo ofreci\u00f3 un 1,3% para junio (retroactivo), 1,3 para julio, 1,3 para agosto, 1,2 para septiembre, 1,1 para octubre y 1,1 para noviembre. ATE rechaz\u00f3 el ofrecimiento, mientras que UPCN acept\u00f3.<\/p>\n<p>Hasta el momento, todos esos incrementos quedaron por debajo de la evoluci\u00f3n de los precios publicada por el INDEC: 1,6% en junio, 1,9 en julio, 1,9 en agosto y 2,1 en septiembre.<\/p>\n","protected":false},"excerpt":{"rendered":"<p>Mediante un Plenario Federal de Delegados de todo el pa\u00eds, ATE Nacional resolvi\u00f3 por unanimidad la realizaci\u00f3n de un Paro Nacional de 24 horas para el mi\u00e9rcoles 19 de noviembre, con movilizaci\u00f3n en Capital Federal a la Secretar\u00eda de Trabajo a partir de las 12 del mediod\u00eda, en rechazo a la Reforma Laboral planeada por [&hellip;]<\/p>\n","protected":false},"author":7,"featured_media":51517,"comment_status":"open","ping_status":"open","sticky":false,"template":"","format":"standard","meta":{"_exactmetrics_skip_tracking":false,"_exactmetrics_sitenote_active":false,"_exactmetrics_sitenote_note":"","_exactmetrics_sitenote_category":0,"jnews-multi-image_gallery":[],"jnews_single_post":[],"jnews_primary_category":[],"jnews_social_meta":[],"jnews_review":[],"enable_review":"","type":"","name":"","summary":"","brand":"","sku":"","good":[],"bad":[],"score_override":"","override_value":"","rating":[],"price":[],"jnews_override_counter":[],"jnews_post_split":[],"footnotes":""},"categories":[756],"tags":[],"class_list":["post-51516","post","type-post","status-publish","format-standard","has-post-thumbnail","hentry","category-consejo-directivo-nacional-cdn"],"jetpack_featured_media_url":"https:\/\/atecordoba.org\/wp-content\/uploads\/2025\/11\/plenario-nacional.jpg","_links":{"self":[{"href":"https:\/\/atecordoba.org\/index.php?rest_route=\/wp\/v2\/posts\/51516","targetHints":{"allow":["GET"]}}],"collection":[{"href":"https:\/\/atecordoba.org\/index.php?rest_route=\/wp\/v2\/posts"}],"about":[{"href":"https:\/\/atecordoba.org\/index.php?rest_route=\/wp\/v2\/types\/post"}],"author":[{"embeddable":true,"href":"https:\/\/atecordoba.org\/index.php?rest_route=\/wp\/v2\/users\/7"}],"replies":[{"embeddable":true,"href":"https:\/\/atecordoba.org\/index.php?rest_route=%2Fwp%2Fv2%2Fcomments&post=51516"}],"version-history":[{"count":1,"href":"https:\/\/atecordoba.org\/index.php?rest_route=\/wp\/v2\/posts\/51516\/revisions"}],"predecessor-version":[{"id":51518,"href":"https:\/\/atecordoba.org\/index.php?rest_route=\/wp\/v2\/posts\/51516\/revisions\/51518"}],"wp:featuredmedia":[{"embeddable":true,"href":"https:\/\/atecordoba.org\/index.php?rest_route=\/wp\/v2\/media\/51517"}],"wp:attachment":[{"href":"https:\/\/atecordoba.org\/index.php?rest_route=%2Fwp%2Fv2%2Fmedia&parent=51516"}],"wp:term":[{"taxonomy":"category","embeddable":true,"href":"https:\/\/atecordoba.org\/index.php?rest_route=%2Fwp%2Fv2%2Fcategories&post=51516"},{"taxonomy":"post_tag","embeddable":true,"href":"https:\/\/atecordoba.org\/index.php?rest_route=%2Fwp%2Fv2%2Ftags&post=51516"}],"curies":[{"name":"wp","href":"https:\/\/api.w.org\/{rel}","templated":true}]}}