{"id":51511,"date":"2025-11-12T12:03:19","date_gmt":"2025-11-12T15:03:19","guid":{"rendered":"https:\/\/atecordoba.org\/?p=51511"},"modified":"2025-11-12T12:03:19","modified_gmt":"2025-11-12T15:03:19","slug":"reforma-laboral-no-hay-ninguna-modernizacion-es-una-precarizacion","status":"publish","type":"post","link":"https:\/\/atecordoba.org\/?p=51511","title":{"rendered":"Reforma Laboral: \u201cNo hay ninguna modernizaci\u00f3n, es una precarizaci\u00f3n\u201d"},"content":{"rendered":"<p><img loading=\"lazy\" decoding=\"async\" class=\"aligncenter wp-image-51512 size-full\" src=\"https:\/\/atecordoba.org\/wp-content\/uploads\/2025\/11\/biafore2.jpg\" alt=\"\" width=\"466\" height=\"307\" srcset=\"https:\/\/atecordoba.org\/wp-content\/uploads\/2025\/11\/biafore2.jpg 466w, https:\/\/atecordoba.org\/wp-content\/uploads\/2025\/11\/biafore2-300x198.jpg 300w\" sizes=\"auto, (max-width: 466px) 100vw, 466px\" \/>Ma\u00f1ana 13 de noviembre se realizar\u00e1 un Conversatorio sobre la nueva Reforma Laboral que impulsa el Gobierno Nacional y las implicancias que la misma traer\u00eda sobre los trabajadores en la Universidad Nacional de R\u00edo Cuarto (UNRC). La actividad es convocada por la Asociaci\u00f3n Gremial Docente (AGD) y disertar\u00e1 en la misma el abogado laboralista Eugenio Biafore, asesor letrado de ATE C\u00f3rdoba.<\/p>\n<p>\u201cLo que se viene no es ninguna modernizaci\u00f3n, es una precarizaci\u00f3n que baja derechos\u201d, expres\u00f3 Biafore y denunci\u00f3 que lo impulsado por el Gobierno de Milei \u201cno es nada nuevo, lo vivimos hace algunas d\u00e9cadas atr\u00e1s pero muchos no lo vivieron\u201d.<\/p>\n<p>Sobre el apoyo de parte del universo de los trabajadores a la Reforma Laboral, el abogado responsabiliz\u00f3 a la \u201cincertidumbre econ\u00f3mica\u201d y sostuvo que en lugar de favorecer a la creaci\u00f3n de empleo \u201cse crear\u00e1 un trabajo profundamente precario\u201d.<\/p>\n<p>\u201cLo que se viene no es ninguna reforma ni modernizaci\u00f3n, es una precarizaci\u00f3n que baja derechos y que va enmarcado en un proyecto de pa\u00eds. Los m\u00e1s \u201cgrandecitos\u201d ya vivimos los 90 y vimos como toda una generaci\u00f3n se desangraba tras la idolatr\u00eda en el congelamiento de las condiciones econ\u00f3micas\u201d, remarc\u00f3.<\/p>\n<p>\u201cEn los trabajadores operan muchas capas de terror econ\u00f3mico y pol\u00edtico. Desde la inestabilidad econ\u00f3mica y las crisis implican para el recuerdo de los trabajadores un momento de angustia. En la medida que se produce esta incertidumbre personal, que va forjando opiniones, se va creando un trabajo profundamente precario\u201d, advirti\u00f3 Biafore.<\/p>\n<p>Y concluy\u00f3 se\u00f1alando que \u201chay que poner en discusi\u00f3n por qu\u00e9 hay trabajadores que militan y expresan ideas que parecen comerse su propio futuro. No se entiende c\u00f3mo apoyan un plan que precariza a\u00fan m\u00e1s el empleo. La reforma laboral nos va a hacer trabajar todos los d\u00edas de la vida, toda la vida\u201d.<\/p>\n<h6>Fuente: Programa \u201cAs\u00ed son las Cosas\u201d que se difunde por FM Gospel de R\u00edo Cuarto<\/h6>\n","protected":false},"excerpt":{"rendered":"<p>Ma\u00f1ana 13 de noviembre se realizar\u00e1 un Conversatorio sobre la nueva Reforma Laboral que impulsa el Gobierno Nacional y las implicancias que la misma traer\u00eda sobre los trabajadores en la Universidad Nacional de R\u00edo Cuarto (UNRC). La actividad es convocada por la Asociaci\u00f3n Gremial Docente (AGD) y disertar\u00e1 en la misma el abogado laboralista Eugenio [&hellip;]<\/p>\n","protected":false},"author":7,"featured_media":51512,"comment_status":"open","ping_status":"open","sticky":false,"template":"","format":"standard","meta":{"_exactmetrics_skip_tracking":false,"_exactmetrics_sitenote_active":false,"_exactmetrics_sitenote_note":"","_exactmetrics_sitenote_category":0,"jnews-multi-image_gallery":[],"jnews_single_post":[],"jnews_primary_category":[],"jnews_social_meta":[],"jnews_review":[],"enable_review":"","type":"","name":"","summary":"","brand":"","sku":"","good":[],"bad":[],"score_override":"","override_value":"","rating":[],"price":[],"jnews_override_counter":[],"jnews_post_split":[],"footnotes":""},"categories":[10],"tags":[],"class_list":["post-51511","post","type-post","status-publish","format-standard","has-post-thumbnail","hentry","category-accion-politica"],"jetpack_featured_media_url":"https:\/\/atecordoba.org\/wp-content\/uploads\/2025\/11\/biafore2.jpg","_links":{"self":[{"href":"https:\/\/atecordoba.org\/index.php?rest_route=\/wp\/v2\/posts\/51511","targetHints":{"allow":["GET"]}}],"collection":[{"href":"https:\/\/atecordoba.org\/index.php?rest_route=\/wp\/v2\/posts"}],"about":[{"href":"https:\/\/atecordoba.org\/index.php?rest_route=\/wp\/v2\/types\/post"}],"author":[{"embeddable":true,"href":"https:\/\/atecordoba.org\/index.php?rest_route=\/wp\/v2\/users\/7"}],"replies":[{"embeddable":true,"href":"https:\/\/atecordoba.org\/index.php?rest_route=%2Fwp%2Fv2%2Fcomments&post=51511"}],"version-history":[{"count":1,"href":"https:\/\/atecordoba.org\/index.php?rest_route=\/wp\/v2\/posts\/51511\/revisions"}],"predecessor-version":[{"id":51513,"href":"https:\/\/atecordoba.org\/index.php?rest_route=\/wp\/v2\/posts\/51511\/revisions\/51513"}],"wp:featuredmedia":[{"embeddable":true,"href":"https:\/\/atecordoba.org\/index.php?rest_route=\/wp\/v2\/media\/51512"}],"wp:attachment":[{"href":"https:\/\/atecordoba.org\/index.php?rest_route=%2Fwp%2Fv2%2Fmedia&parent=51511"}],"wp:term":[{"taxonomy":"category","embeddable":true,"href":"https:\/\/atecordoba.org\/index.php?rest_route=%2Fwp%2Fv2%2Fcategories&post=51511"},{"taxonomy":"post_tag","embeddable":true,"href":"https:\/\/atecordoba.org\/index.php?rest_route=%2Fwp%2Fv2%2Ftags&post=51511"}],"curies":[{"name":"wp","href":"https:\/\/api.w.org\/{rel}","templated":true}]}}