{"id":51500,"date":"2025-11-11T14:57:00","date_gmt":"2025-11-11T17:57:00","guid":{"rendered":"https:\/\/atecordoba.org\/?p=51500"},"modified":"2025-11-11T14:57:00","modified_gmt":"2025-11-11T17:57:00","slug":"mapa-de-los-municipales-del-interior-provincial-muestra-fuerte-demanda-en-las-condiciones-de-trabajo-2","status":"publish","type":"post","link":"https:\/\/atecordoba.org\/?p=51500","title":{"rendered":"Mapa de los municipales del interior provincial muestra fuerte demanda en las condiciones de trabajo"},"content":{"rendered":"<p><img loading=\"lazy\" decoding=\"async\" class=\"aligncenter wp-image-51495 \" src=\"https:\/\/atecordoba.org\/wp-content\/uploads\/2025\/11\/536279781_1178604374289475_7590179409713705815_n-1024x769.jpg\" alt=\"\" width=\"607\" height=\"456\" \/><\/p>\n<p>Una encuesta realizada entre afiliados y afiliadas municipales de ATE C\u00f3rdoba revela que las malas condiciones de trabajo son una realidad que atraviesa la mayor\u00eda de los sectores de trabajo en los municipios del interior provincial.<\/p>\n<p>De esta forma, nuestra organizaci\u00f3n genera herramientas de primera mano para desarrollar estrategias que respondan a las demandas de las y los trabajadores municipales. Al mismo tiempo, permite desarrollar pol\u00edticas que consoliden el crecimiento territorial sindical. Los estudios de estas caracter\u00edsticas conforman los informes t\u00e9cnicos que permiten arribar con datos duros a las paritarias municipales.<\/p>\n<p>El sondeo, que garantiza el anonimato de los consultados, da cuenta que es generalizada la problem\u00e1tica de las falencias, incumplimientos y violencia en el \u00e1mbito del trabajo, entre otros puntos, que se suma a la carencia de normativas municipales del ampliaci\u00f3n de derechos, como la licencia por violencia de g\u00e9nero o la licencia para el personal sanitario.<img loading=\"lazy\" decoding=\"async\" class=\"aligncenter wp-image-51496 \" src=\"https:\/\/atecordoba.org\/wp-content\/uploads\/2025\/11\/banderola-municipales-1024x576.jpg\" alt=\"\" width=\"615\" height=\"346\" srcset=\"https:\/\/atecordoba.org\/wp-content\/uploads\/2025\/11\/banderola-municipales-1024x576.jpg 1024w, https:\/\/atecordoba.org\/wp-content\/uploads\/2025\/11\/banderola-municipales-300x169.jpg 300w, https:\/\/atecordoba.org\/wp-content\/uploads\/2025\/11\/banderola-municipales-768x432.jpg 768w, https:\/\/atecordoba.org\/wp-content\/uploads\/2025\/11\/banderola-municipales-750x422.jpg 750w, https:\/\/atecordoba.org\/wp-content\/uploads\/2025\/11\/banderola-municipales.jpg 1140w\" sizes=\"auto, (max-width: 615px) 100vw, 615px\" \/><\/p>\n<p>La carencia de elementos de protecci\u00f3n personal (EPP) o mudas de ropa de trabajo son parte del paisaje habitual. En ese marco, el 45% dijo con contar con EPP y el 30% no recibe las mudas correspondientes.<\/p>\n<p>En t\u00e9rminos de normativa interna de los municipios, el 20% dijo que no hay Estatuto municipal que regule su actividad, en tanto casi la totalidad que goza de Estatuto lo se\u00f1alan como desactualizado; por otro lado el 70% no cuenta con licencia por violencia de g\u00e9nero o desconoce su existencia. Parecido es el caso de la licencia para el personal sanitario, donde el 55% no tiene el derecho de licencias sanitarias o lo ignora .<\/p>\n<p>Cap\u00edtulo aparte para la violencia laboral: el 40% ha sufrido situaciones de violencia en el trabajo o conoce quien la haya sufrido.<img loading=\"lazy\" decoding=\"async\" class=\"aligncenter wp-image-51498 \" src=\"https:\/\/atecordoba.org\/wp-content\/uploads\/2025\/11\/535909463_1178667024283210_6599918611084373154_n-1024x768.jpg\" alt=\"\" width=\"621\" height=\"466\" srcset=\"https:\/\/atecordoba.org\/wp-content\/uploads\/2025\/11\/535909463_1178667024283210_6599918611084373154_n-1024x768.jpg 1024w, https:\/\/atecordoba.org\/wp-content\/uploads\/2025\/11\/535909463_1178667024283210_6599918611084373154_n-300x225.jpg 300w, https:\/\/atecordoba.org\/wp-content\/uploads\/2025\/11\/535909463_1178667024283210_6599918611084373154_n-768x576.jpg 768w, https:\/\/atecordoba.org\/wp-content\/uploads\/2025\/11\/535909463_1178667024283210_6599918611084373154_n-750x563.jpg 750w, https:\/\/atecordoba.org\/wp-content\/uploads\/2025\/11\/535909463_1178667024283210_6599918611084373154_n-1140x855.jpg 1140w, https:\/\/atecordoba.org\/wp-content\/uploads\/2025\/11\/535909463_1178667024283210_6599918611084373154_n.jpg 1440w\" sizes=\"auto, (max-width: 621px) 100vw, 621px\" \/><\/p>\n<p>No obstante la crudeza de los datos, cabe se\u00f1alar que los porcentajes marcan una mejora en la percepci\u00f3n del personal municipal respecto a cu\u00e1ndo ATE no ten\u00eda presencia en las localidades involucradas en la encuesta. Gracias a la presencia de ATE en esos municipios y a la lucha que se viene dando, se facilita mejoras concretas en la negociaci\u00f3n con los Departamentos Ejecutivos con el aumento de alg\u00fan \u00edtem, recategorizaciones, etc., con impacto salarial. De la misma forma, la pol\u00edtica por la estabilidad laboral, logrando pases a planta permanente, significan una verdadera mejora en las condiciones de trabajo.<\/p>\n<p>Los municipios involucrados en la consulta son: Villa Cura Brochero, Salsipuedes, Villa Yacanto, R\u00edo Primero, Agua de Oro, Sald\u00e1n, Rio Cuarto, Coronel Baigorria, Alejandro Roca, Santiago Temple, Mendiolaza, Adelia Mar\u00eda, R\u00edo Ceballos, Cruz del Eje, San Francisco, Tr\u00e1nsito, Los Hornillos, Valle de Anisacate, Villa Ciudad Parque, Los Aromos y Alta Gracia.<\/p>\n<p>&nbsp;<\/p>\n","protected":false},"excerpt":{"rendered":"<p>Una encuesta realizada entre afiliados y afiliadas municipales de ATE C\u00f3rdoba revela que las malas condiciones de trabajo son una realidad que atraviesa la mayor\u00eda de los sectores de trabajo en los municipios del interior provincial. De esta forma, nuestra organizaci\u00f3n genera herramientas de primera mano para desarrollar estrategias que respondan a las demandas de [&hellip;]<\/p>\n","protected":false},"author":7,"featured_media":51495,"comment_status":"open","ping_status":"open","sticky":false,"template":"","format":"standard","meta":{"_exactmetrics_skip_tracking":false,"_exactmetrics_sitenote_active":false,"_exactmetrics_sitenote_note":"","_exactmetrics_sitenote_category":0,"jnews-multi-image_gallery":[],"jnews_single_post":[],"jnews_primary_category":[],"jnews_social_meta":[],"jnews_review":[],"enable_review":"","type":"","name":"","summary":"","brand":"","sku":"","good":[],"bad":[],"score_override":"","override_value":"","rating":[],"price":[],"jnews_override_counter":[],"jnews_post_split":[],"footnotes":""},"categories":[20],"tags":[],"class_list":["post-51500","post","type-post","status-publish","format-standard","has-post-thumbnail","hentry","category-municipales"],"jetpack_featured_media_url":"https:\/\/atecordoba.org\/wp-content\/uploads\/2025\/11\/536279781_1178604374289475_7590179409713705815_n-e1762883718395.jpg","_links":{"self":[{"href":"https:\/\/atecordoba.org\/index.php?rest_route=\/wp\/v2\/posts\/51500","targetHints":{"allow":["GET"]}}],"collection":[{"href":"https:\/\/atecordoba.org\/index.php?rest_route=\/wp\/v2\/posts"}],"about":[{"href":"https:\/\/atecordoba.org\/index.php?rest_route=\/wp\/v2\/types\/post"}],"author":[{"embeddable":true,"href":"https:\/\/atecordoba.org\/index.php?rest_route=\/wp\/v2\/users\/7"}],"replies":[{"embeddable":true,"href":"https:\/\/atecordoba.org\/index.php?rest_route=%2Fwp%2Fv2%2Fcomments&post=51500"}],"version-history":[{"count":1,"href":"https:\/\/atecordoba.org\/index.php?rest_route=\/wp\/v2\/posts\/51500\/revisions"}],"predecessor-version":[{"id":51501,"href":"https:\/\/atecordoba.org\/index.php?rest_route=\/wp\/v2\/posts\/51500\/revisions\/51501"}],"wp:featuredmedia":[{"embeddable":true,"href":"https:\/\/atecordoba.org\/index.php?rest_route=\/wp\/v2\/media\/51495"}],"wp:attachment":[{"href":"https:\/\/atecordoba.org\/index.php?rest_route=%2Fwp%2Fv2%2Fmedia&parent=51500"}],"wp:term":[{"taxonomy":"category","embeddable":true,"href":"https:\/\/atecordoba.org\/index.php?rest_route=%2Fwp%2Fv2%2Fcategories&post=51500"},{"taxonomy":"post_tag","embeddable":true,"href":"https:\/\/atecordoba.org\/index.php?rest_route=%2Fwp%2Fv2%2Ftags&post=51500"}],"curies":[{"name":"wp","href":"https:\/\/api.w.org\/{rel}","templated":true}]}}