{"id":51491,"date":"2025-11-11T14:51:35","date_gmt":"2025-11-11T17:51:35","guid":{"rendered":"https:\/\/atecordoba.org\/?p=51491"},"modified":"2025-11-11T15:30:47","modified_gmt":"2025-11-11T18:30:47","slug":"giuliani-logra-el-acompanamiento-de-la-central-sindical-vasca-frente-a-la-criminalizacion-de-la-protesta-y-la-persecucion-judicial-que-impone-el-modelo-de-milei","status":"publish","type":"post","link":"https:\/\/atecordoba.org\/?p=51491","title":{"rendered":"Giuliani logra el acompa\u00f1amiento de la Central Sindical mayoritaria vasca frente a la criminalizaci\u00f3n de la protesta y la persecuci\u00f3n judicial que impone el modelo de Milei"},"content":{"rendered":"<p><img loading=\"lazy\" decoding=\"async\" class=\"aligncenter wp-image-51492 \" src=\"https:\/\/atecordoba.org\/wp-content\/uploads\/2025\/11\/fede-pais-vasco-1024x711.png\" alt=\"\" width=\"612\" height=\"425\" srcset=\"https:\/\/atecordoba.org\/wp-content\/uploads\/2025\/11\/fede-pais-vasco-1024x711.png 1024w, https:\/\/atecordoba.org\/wp-content\/uploads\/2025\/11\/fede-pais-vasco-300x208.png 300w, https:\/\/atecordoba.org\/wp-content\/uploads\/2025\/11\/fede-pais-vasco-768x533.png 768w, https:\/\/atecordoba.org\/wp-content\/uploads\/2025\/11\/fede-pais-vasco-1536x1066.png 1536w, https:\/\/atecordoba.org\/wp-content\/uploads\/2025\/11\/fede-pais-vasco-2048x1421.png 2048w, https:\/\/atecordoba.org\/wp-content\/uploads\/2025\/11\/fede-pais-vasco-750x521.png 750w, https:\/\/atecordoba.org\/wp-content\/uploads\/2025\/11\/fede-pais-vasco-1140x791.png 1140w\" sizes=\"auto, (max-width: 612px) 100vw, 612px\" \/>A trav\u00e9s de Martin Etxea, casa de acogida de personas migrantes y defensores de derechos humanos perseguidos, vinculada a la Central Sindical Vasca ELA (Eusko Langileen Alkartasuna, Solidaridad de los Trabajadores Vascos) se extiende a nivel internacional la solidaridad de las organizaciones combatientes, frente a la denuncia del secretario General de ATE C\u00f3rdoba, Federico Giuliani, por la creciente criminalizaci\u00f3n de la protesta y la persecuci\u00f3n de luchadores populares, que imponen el gobierno de Milei y el cordobesismo provincial.<\/p>\n<p>De esta forma, Martin Etxea acompa\u00f1ar\u00e1 durante los pr\u00f3ximos meses al sindicalista y secretario General de CTAA C\u00f3rdoba en la campa\u00f1a internacional en apoyo al dirigente, que desde 2023 sufre siete procesos judiciales por liderar diferentes protestas sociales.<\/p>\n<p>Su \u00faltima detenci\u00f3n fue en septiembre durante cinco d\u00edas tras reclamar alimentos para los comedores sociales de C\u00f3rdoba. Durante la detenci\u00f3n sufri\u00f3 la fractura de un brazo, fue esposado a una camilla y encerrado en una prisi\u00f3n de m\u00e1xima seguridad.<img loading=\"lazy\" decoding=\"async\" class=\"alignleft wp-image-51493 \" src=\"https:\/\/atecordoba.org\/wp-content\/uploads\/2025\/11\/WhatsApp-Image-2025-11-11-at-13.52.18-1024x768.jpeg\" alt=\"\" width=\"449\" height=\"337\" srcset=\"https:\/\/atecordoba.org\/wp-content\/uploads\/2025\/11\/WhatsApp-Image-2025-11-11-at-13.52.18-1024x768.jpeg 1024w, https:\/\/atecordoba.org\/wp-content\/uploads\/2025\/11\/WhatsApp-Image-2025-11-11-at-13.52.18-300x225.jpeg 300w, https:\/\/atecordoba.org\/wp-content\/uploads\/2025\/11\/WhatsApp-Image-2025-11-11-at-13.52.18-768x576.jpeg 768w, https:\/\/atecordoba.org\/wp-content\/uploads\/2025\/11\/WhatsApp-Image-2025-11-11-at-13.52.18-750x563.jpeg 750w, https:\/\/atecordoba.org\/wp-content\/uploads\/2025\/11\/WhatsApp-Image-2025-11-11-at-13.52.18-1140x855.jpeg 1140w, https:\/\/atecordoba.org\/wp-content\/uploads\/2025\/11\/WhatsApp-Image-2025-11-11-at-13.52.18.jpeg 1280w\" sizes=\"auto, (max-width: 449px) 100vw, 449px\" \/><\/p>\n<p>\u201cCon toda esta persecuci\u00f3n a los l\u00edderes sociales hay un mensaje al resto de las personas, un disciplinamiento para las bases: si esto nos hacen a nosotros, qu\u00e9 no le har\u00e1n al resto\u201d, denuncia Giuliani,. Y agrega: \u201cMilei abusa del poder con la connivencia de todos los gobernadores, como el de C\u00f3rdoba, liderado por Mart\u00edn Llaryora\u201d, matiza.<\/p>\n<p>En la ocasi\u00f3n, el Secretario General de ATE C\u00f3rdoba mantuvo un encuentro fraterno con las y los dirigentes vascos del ELA Eider Azkunaga miembro del \u00e1rea internacional,\u00a0Amaia Mu\u00f1oa, Secretaria general adjunta y responsable del \u00e1rea internacional,\u00a0Roser Espelt, miembro del gabinete de estudios y del \u00e1rea internacional,\u00a0Aitor Murgia responsable del gabinete de estudios, y\u00a0Leire Gallego responsable de acci\u00f3n social.<\/p>\n<p><strong>La criminalizaci\u00f3n de la protesta ante el auge de la extrema derecha<\/strong><\/p>\n<p>Giuliani reclama el derecho a la protesta ante el saqueo que sufre nuestro pa\u00eds, ya que cada provincia negocia con empresas multinacionales la explotaci\u00f3n de los recursos. Las nuevas normas fiscales graban m\u00e1s a los pobres que a los ricos y mientras que exportamos 400 millones de carne, grano y cereal en el pa\u00eds no hay alimentos para 25 millones\u2026\u201d, enumera. \u201cEl hambre es un crimen en un pa\u00eds hecho de trigo y de pan. Y mientras tanto, las personas que protestan est\u00e1n cada vez m\u00e1s solas, m\u00e1s judicializadas y con el riesgo de entrar en prisi\u00f3n m\u00e1s cerca\u201d, insiste.<\/p>\n<p>Ante este contexto, reclama la presi\u00f3n internacional para evitar que \u201cla impunidad con la que opera la extrema derecha sea posible\u201d. Y advierte: \u201cEsto es lo que le espera a los movimientos sociales de Europa sin no pone freno al auge de la extrema derecha en sus pa\u00edses\u201d.<\/p>\n<p>El ELA es la central sindical vasca mayoritaria en Euskal Erria, territorio nacional vasco que incluye a las tres provincias de Euskadi, m\u00e1s Navarra y las tres provincias vascas del lado franc\u00e9s.<\/p>\n<p>Durante los pr\u00f3ximos meses, Giuliani realizar\u00e1 charlas, encuentros, coloquios con diferentes entidades, as\u00ed como reuniones con sindicatos, partidos pol\u00edticos y agentes activos interesados en conocer de cerca la realidad que sufre hoy Argentina. A la vez, convivir\u00e1 en Martin Etxea junto con otros activistas llegados de pa\u00edses como Palestina, Rif, Sahara, Guatemala, El Salvador y Colombia, entre otros.<\/p>\n","protected":false},"excerpt":{"rendered":"<p>A trav\u00e9s de Martin Etxea, casa de acogida de personas migrantes y defensores de derechos humanos perseguidos, vinculada a la Central Sindical Vasca ELA (Eusko Langileen Alkartasuna, Solidaridad de los Trabajadores Vascos) se extiende a nivel internacional la solidaridad de las organizaciones combatientes, frente a la denuncia del secretario General de ATE C\u00f3rdoba, Federico Giuliani, [&hellip;]<\/p>\n","protected":false},"author":7,"featured_media":51493,"comment_status":"open","ping_status":"open","sticky":false,"template":"","format":"standard","meta":{"_exactmetrics_skip_tracking":false,"_exactmetrics_sitenote_active":false,"_exactmetrics_sitenote_note":"","_exactmetrics_sitenote_category":0,"jnews-multi-image_gallery":[],"jnews_single_post":{"format":"standard","override":[{"template":"1","parallax":"1","fullscreen":"1","layout":"no-sidebar-narrow","sidebar":"default-sidebar","second_sidebar":"default-sidebar","sticky_sidebar":"1","share_position":"bottom","share_float_style":"share-monocrhome","show_share_counter":"1","show_view_counter":"1","show_post_meta":"1","show_post_author_image":"1","show_post_date":"1","post_date_format":"default","post_date_format_custom":"Y\/m\/d","show_post_category":"1","show_post_reading_time":"0","post_reading_time_wpm":"300","post_calculate_word_method":"str_word_count","show_zoom_button":"0","zoom_button_out_step":"2","zoom_button_in_step":"3","show_post_tag":"1","number_popup_post":"1","show_post_related":"1","show_inline_post_related":"0"}],"image_override":[{"single_post_thumbnail_size":"crop-500","single_post_gallery_size":"crop-500"}],"trending_post_position":"meta","trending_post_label":"Trending","sponsored_post_label":"Sponsored by","disable_ad":"0"},"jnews_primary_category":[],"jnews_social_meta":[],"jnews_review":[],"enable_review":"","type":"percentage","name":"","summary":"","brand":"","sku":"","good":[],"bad":[],"score_override":"","override_value":"","rating":[],"price":[],"jnews_override_counter":{"view_counter_number":"0","share_counter_number":"0","like_counter_number":"0","dislike_counter_number":"0"},"jnews_post_split":{"post_split":[{"template":"1","tag":"h2","numbering":"asc","mode":"normal","first":"0","enable_toc":"0","toc_type":"normal"}]},"footnotes":""},"categories":[10],"tags":[],"class_list":["post-51491","post","type-post","status-publish","format-standard","has-post-thumbnail","hentry","category-accion-politica"],"jetpack_featured_media_url":"https:\/\/atecordoba.org\/wp-content\/uploads\/2025\/11\/WhatsApp-Image-2025-11-11-at-13.52.18.jpeg","_links":{"self":[{"href":"https:\/\/atecordoba.org\/index.php?rest_route=\/wp\/v2\/posts\/51491","targetHints":{"allow":["GET"]}}],"collection":[{"href":"https:\/\/atecordoba.org\/index.php?rest_route=\/wp\/v2\/posts"}],"about":[{"href":"https:\/\/atecordoba.org\/index.php?rest_route=\/wp\/v2\/types\/post"}],"author":[{"embeddable":true,"href":"https:\/\/atecordoba.org\/index.php?rest_route=\/wp\/v2\/users\/7"}],"replies":[{"embeddable":true,"href":"https:\/\/atecordoba.org\/index.php?rest_route=%2Fwp%2Fv2%2Fcomments&post=51491"}],"version-history":[{"count":5,"href":"https:\/\/atecordoba.org\/index.php?rest_route=\/wp\/v2\/posts\/51491\/revisions"}],"predecessor-version":[{"id":51505,"href":"https:\/\/atecordoba.org\/index.php?rest_route=\/wp\/v2\/posts\/51491\/revisions\/51505"}],"wp:featuredmedia":[{"embeddable":true,"href":"https:\/\/atecordoba.org\/index.php?rest_route=\/wp\/v2\/media\/51493"}],"wp:attachment":[{"href":"https:\/\/atecordoba.org\/index.php?rest_route=%2Fwp%2Fv2%2Fmedia&parent=51491"}],"wp:term":[{"taxonomy":"category","embeddable":true,"href":"https:\/\/atecordoba.org\/index.php?rest_route=%2Fwp%2Fv2%2Fcategories&post=51491"},{"taxonomy":"post_tag","embeddable":true,"href":"https:\/\/atecordoba.org\/index.php?rest_route=%2Fwp%2Fv2%2Ftags&post=51491"}],"curies":[{"name":"wp","href":"https:\/\/api.w.org\/{rel}","templated":true}]}}