{"id":51468,"date":"2025-11-10T13:13:22","date_gmt":"2025-11-10T16:13:22","guid":{"rendered":"https:\/\/atecordoba.org\/?p=51468"},"modified":"2025-11-10T13:27:04","modified_gmt":"2025-11-10T16:27:04","slug":"personal-civil-de-las-ffaa-asamblea-en-la-esfac-para-construir-el-paro-provincial-del-20-de-noviembre","status":"publish","type":"post","link":"https:\/\/atecordoba.org\/?p=51468","title":{"rendered":"Personal Civil de las FFAA: asamblea en la ESFAC para construir el paro provincial del 20 de noviembre"},"content":{"rendered":"<p><img loading=\"lazy\" decoding=\"async\" class=\"aligncenter wp-image-51469 \" src=\"https:\/\/atecordoba.org\/wp-content\/uploads\/2025\/11\/WhatsApp-Image-2025-11-10-at-12.10.36-1024x576.jpeg\" alt=\"\" width=\"616\" height=\"347\" srcset=\"https:\/\/atecordoba.org\/wp-content\/uploads\/2025\/11\/WhatsApp-Image-2025-11-10-at-12.10.36-1024x576.jpeg 1024w, https:\/\/atecordoba.org\/wp-content\/uploads\/2025\/11\/WhatsApp-Image-2025-11-10-at-12.10.36-300x169.jpeg 300w, https:\/\/atecordoba.org\/wp-content\/uploads\/2025\/11\/WhatsApp-Image-2025-11-10-at-12.10.36-768x432.jpeg 768w, https:\/\/atecordoba.org\/wp-content\/uploads\/2025\/11\/WhatsApp-Image-2025-11-10-at-12.10.36-1536x864.jpeg 1536w, https:\/\/atecordoba.org\/wp-content\/uploads\/2025\/11\/WhatsApp-Image-2025-11-10-at-12.10.36-750x422.jpeg 750w, https:\/\/atecordoba.org\/wp-content\/uploads\/2025\/11\/WhatsApp-Image-2025-11-10-at-12.10.36-1140x641.jpeg 1140w, https:\/\/atecordoba.org\/wp-content\/uploads\/2025\/11\/WhatsApp-Image-2025-11-10-at-12.10.36.jpeg 1600w\" sizes=\"auto, (max-width: 616px) 100vw, 616px\" \/>Trabajadores y trabajadoras del Personal Civil de la Fuerza A\u00e9rea C\u00f3rdoba aprobaron de manera un\u00e1nime el Paro Provincial que resolvi\u00f3 realizar ATE el pr\u00f3ximo 20 de noviembre\u00a0 en el sector.<\/p>\n<p>As\u00ed se iniciaron la serie de asambleas dispuestas por el <a href=\"https:\/\/atecordoba.org\/?p=51438\">Plenario<\/a> realizado la semana pasada, donde la ESFAC fue la primer parada, abriendo el debate con las y los compa\u00f1eros sobre la situaci\u00f3n que atraviesan debido a los baj\u00edsimos salarios y las resoluciones arbitrarias del Ministerio de Defensa -que otorgaron un aumento salarial a una porci\u00f3n minoritaria de las y los docentes del Personal Civil-, reclamos a la cabeza de la agenda gremial, seg\u00fan explic\u00f3 el secretario Gremial de ATE C\u00f3rdoba, Jorge Chalup.<\/p>\n<p><img loading=\"lazy\" decoding=\"async\" class=\"aligncenter wp-image-51470 \" src=\"https:\/\/atecordoba.org\/wp-content\/uploads\/2025\/11\/WhatsApp-Image-2025-11-10-at-12.10.35-1024x576.jpeg\" alt=\"\" width=\"613\" height=\"345\" srcset=\"https:\/\/atecordoba.org\/wp-content\/uploads\/2025\/11\/WhatsApp-Image-2025-11-10-at-12.10.35-1024x576.jpeg 1024w, https:\/\/atecordoba.org\/wp-content\/uploads\/2025\/11\/WhatsApp-Image-2025-11-10-at-12.10.35-300x169.jpeg 300w, https:\/\/atecordoba.org\/wp-content\/uploads\/2025\/11\/WhatsApp-Image-2025-11-10-at-12.10.35-768x432.jpeg 768w, https:\/\/atecordoba.org\/wp-content\/uploads\/2025\/11\/WhatsApp-Image-2025-11-10-at-12.10.35-1536x864.jpeg 1536w, https:\/\/atecordoba.org\/wp-content\/uploads\/2025\/11\/WhatsApp-Image-2025-11-10-at-12.10.35-750x422.jpeg 750w, https:\/\/atecordoba.org\/wp-content\/uploads\/2025\/11\/WhatsApp-Image-2025-11-10-at-12.10.35-1140x641.jpeg 1140w, https:\/\/atecordoba.org\/wp-content\/uploads\/2025\/11\/WhatsApp-Image-2025-11-10-at-12.10.35.jpeg 1600w\" sizes=\"auto, (max-width: 613px) 100vw, 613px\" \/><\/p>\n<p>En tal sentido, la delegada de ATE Natalia Pacheco dijo que la grilla completa de reivindicaciones estuvo compuesta por:<\/p>\n<ul>\n<li>Urgente recomposici\u00f3n salarial, somos el organismo del estado con haberes debajo de la l\u00ednea de indigencia .<\/li>\n<li>Reapertura de Comisi\u00f3n Permanente de Interpretaci\u00f3n y Carrera del Personal Civil de las Fuerzas Armadas y de Seguridad (COPICPECIFASE)<\/li>\n<li>Ascenso de grados y tramos Adeudados desde 2016.<\/li>\n<li>Informe de la situaci\u00f3n real de la IOSFA.<\/li>\n<li>Compulsa Sectorial de Afiliados. Para que dejemos de estar atados a la definici\u00f3n y amiguismo de otro sindicato que no sabe de nuestra situaci\u00f3n salarial deplorable.<\/li>\n<li>Por mandato de Asamblea<\/li>\n<li>Se voto PARO DE 24hs. 20 de Noviembre.<\/li>\n<li>Posteriormente al PARO abandono de tareas desde las 10hs m\u00e1s la posibilidad de parada en el frente del Instituto para visibilizar los sueldos de indigencia y la importancia del instituto.<\/li>\n<li>Se deja sentado el estado edilicio del mismo instituto por la falta de mantenimiento. Informado a trav\u00e9s de CYMAT<\/li>\n<li>Sin elementos de seguridad para el personal de mantenimiento.<\/li>\n<li>Falta de insumos b\u00e1sicos en grupos y escuadrones como hojas, lapiceras acceso a internet en secciones donde se elevan documentaciones por GDE.<\/li>\n<li>Capacitaciones para que cada trabajador acceda a su GDE y pueda gestionar todo tr\u00e1mite administrativo por el sistema que utiliza el resto del empleado estatal.<\/li>\n<\/ul>\n<p><img loading=\"lazy\" decoding=\"async\" class=\"aligncenter wp-image-51471 \" src=\"https:\/\/atecordoba.org\/wp-content\/uploads\/2025\/11\/WhatsApp-Image-2025-11-10-at-12.10.37-1024x576.jpeg\" alt=\"\" width=\"611\" height=\"344\" srcset=\"https:\/\/atecordoba.org\/wp-content\/uploads\/2025\/11\/WhatsApp-Image-2025-11-10-at-12.10.37-1024x576.jpeg 1024w, https:\/\/atecordoba.org\/wp-content\/uploads\/2025\/11\/WhatsApp-Image-2025-11-10-at-12.10.37-300x169.jpeg 300w, https:\/\/atecordoba.org\/wp-content\/uploads\/2025\/11\/WhatsApp-Image-2025-11-10-at-12.10.37-768x432.jpeg 768w, https:\/\/atecordoba.org\/wp-content\/uploads\/2025\/11\/WhatsApp-Image-2025-11-10-at-12.10.37-1536x864.jpeg 1536w, https:\/\/atecordoba.org\/wp-content\/uploads\/2025\/11\/WhatsApp-Image-2025-11-10-at-12.10.37-750x422.jpeg 750w, https:\/\/atecordoba.org\/wp-content\/uploads\/2025\/11\/WhatsApp-Image-2025-11-10-at-12.10.37-1140x641.jpeg 1140w, https:\/\/atecordoba.org\/wp-content\/uploads\/2025\/11\/WhatsApp-Image-2025-11-10-at-12.10.37.jpeg 1600w\" sizes=\"auto, (max-width: 611px) 100vw, 611px\" \/><\/p>\n<p>ATE continuar\u00e1 recorriendo sectores de trabajo para construir el Paro Provincial y poner en pie la dignidad salarial de los y las estatales del Personal Civil de las FF.AA.<\/p>\n","protected":false},"excerpt":{"rendered":"<p>Trabajadores y trabajadoras del Personal Civil de la Fuerza A\u00e9rea C\u00f3rdoba aprobaron de manera un\u00e1nime el Paro Provincial que resolvi\u00f3 realizar ATE el pr\u00f3ximo 20 de noviembre\u00a0 en el sector. As\u00ed se iniciaron la serie de asambleas dispuestas por el Plenario realizado la semana pasada, donde la ESFAC fue la primer parada, abriendo el debate [&hellip;]<\/p>\n","protected":false},"author":7,"featured_media":51469,"comment_status":"open","ping_status":"open","sticky":false,"template":"","format":"standard","meta":{"_exactmetrics_skip_tracking":false,"_exactmetrics_sitenote_active":false,"_exactmetrics_sitenote_note":"","_exactmetrics_sitenote_category":0,"jnews-multi-image_gallery":[],"jnews_single_post":{"format":"standard","override":[{"template":"1","parallax":"1","fullscreen":"1","layout":"no-sidebar-narrow","sidebar":"default-sidebar","second_sidebar":"default-sidebar","sticky_sidebar":"1","share_position":"bottom","share_float_style":"share-monocrhome","show_share_counter":"1","show_view_counter":"1","show_post_meta":"1","show_post_author_image":"1","show_post_date":"1","post_date_format":"default","post_date_format_custom":"Y\/m\/d","show_post_category":"1","show_post_reading_time":"0","post_reading_time_wpm":"300","post_calculate_word_method":"str_word_count","show_zoom_button":"0","zoom_button_out_step":"2","zoom_button_in_step":"3","show_post_tag":"1","number_popup_post":"1","show_post_related":"1","show_inline_post_related":"0"}],"image_override":[{"single_post_thumbnail_size":"crop-500","single_post_gallery_size":"crop-500"}],"trending_post_position":"meta","trending_post_label":"Trending","sponsored_post_label":"Sponsored by","disable_ad":"0"},"jnews_primary_category":[],"jnews_social_meta":[],"jnews_review":[],"enable_review":"","type":"percentage","name":"","summary":"","brand":"","sku":"","good":[],"bad":[],"score_override":"","override_value":"","rating":[],"price":[],"jnews_override_counter":{"view_counter_number":"0","share_counter_number":"0","like_counter_number":"0","dislike_counter_number":"0"},"jnews_post_split":{"post_split":[{"template":"1","tag":"h2","numbering":"asc","mode":"normal","first":"0","enable_toc":"0","toc_type":"normal"}]},"footnotes":""},"categories":[18],"tags":[],"class_list":["post-51468","post","type-post","status-publish","format-standard","has-post-thumbnail","hentry","category-nacionales"],"jetpack_featured_media_url":"https:\/\/atecordoba.org\/wp-content\/uploads\/2025\/11\/WhatsApp-Image-2025-11-10-at-12.10.36.jpeg","_links":{"self":[{"href":"https:\/\/atecordoba.org\/index.php?rest_route=\/wp\/v2\/posts\/51468","targetHints":{"allow":["GET"]}}],"collection":[{"href":"https:\/\/atecordoba.org\/index.php?rest_route=\/wp\/v2\/posts"}],"about":[{"href":"https:\/\/atecordoba.org\/index.php?rest_route=\/wp\/v2\/types\/post"}],"author":[{"embeddable":true,"href":"https:\/\/atecordoba.org\/index.php?rest_route=\/wp\/v2\/users\/7"}],"replies":[{"embeddable":true,"href":"https:\/\/atecordoba.org\/index.php?rest_route=%2Fwp%2Fv2%2Fcomments&post=51468"}],"version-history":[{"count":2,"href":"https:\/\/atecordoba.org\/index.php?rest_route=\/wp\/v2\/posts\/51468\/revisions"}],"predecessor-version":[{"id":51473,"href":"https:\/\/atecordoba.org\/index.php?rest_route=\/wp\/v2\/posts\/51468\/revisions\/51473"}],"wp:featuredmedia":[{"embeddable":true,"href":"https:\/\/atecordoba.org\/index.php?rest_route=\/wp\/v2\/media\/51469"}],"wp:attachment":[{"href":"https:\/\/atecordoba.org\/index.php?rest_route=%2Fwp%2Fv2%2Fmedia&parent=51468"}],"wp:term":[{"taxonomy":"category","embeddable":true,"href":"https:\/\/atecordoba.org\/index.php?rest_route=%2Fwp%2Fv2%2Fcategories&post=51468"},{"taxonomy":"post_tag","embeddable":true,"href":"https:\/\/atecordoba.org\/index.php?rest_route=%2Fwp%2Fv2%2Ftags&post=51468"}],"curies":[{"name":"wp","href":"https:\/\/api.w.org\/{rel}","templated":true}]}}