{"id":51463,"date":"2025-11-10T10:14:40","date_gmt":"2025-11-10T13:14:40","guid":{"rendered":"https:\/\/atecordoba.org\/?p=51463"},"modified":"2025-11-10T10:14:40","modified_gmt":"2025-11-10T13:14:40","slug":"plenario-virtual-de-delegados-as-municipales-de-toda-la-provincia","status":"publish","type":"post","link":"https:\/\/atecordoba.org\/?p=51463","title":{"rendered":"Plenario virtual de Delegados\/as Municipales de toda la provincia"},"content":{"rendered":"<p><img loading=\"lazy\" decoding=\"async\" class=\"aligncenter wp-image-51464 size-full\" src=\"https:\/\/atecordoba.org\/wp-content\/uploads\/2025\/11\/flyer-plneario-municipales.jpg\" alt=\"\" width=\"512\" height=\"640\" srcset=\"https:\/\/atecordoba.org\/wp-content\/uploads\/2025\/11\/flyer-plneario-municipales.jpg 512w, https:\/\/atecordoba.org\/wp-content\/uploads\/2025\/11\/flyer-plneario-municipales-240x300.jpg 240w\" sizes=\"auto, (max-width: 512px) 100vw, 512px\" \/>El Consejo Directivo Provincial convoca a delegados y delegadas municipales de toda la provincia a participar este martes 11 de noviembre, a las 18 horas, en el Plenario Virtual para seguir fortaleciendo nuestra organizaci\u00f3n y definir colectivamente las acciones gremiales y paritarias de cierre de a\u00f1o.<\/p>\n<p>La reuni\u00f3n es por Google Meet: <a href=\"http:\/\/meet.google.com\/pky-zydx-zej\">meet.google.com\/pky-zydx-zej<\/a><\/p>\n<p>Porque la lucha se construye desde cada territorio, con la voz y la fuerza de quienes todos los d\u00edas garantizan derechos en sus comunidades y consolidar las mejoras salariales y de condiciones de trabajo que ATE viene logrando en los territorios de la provincia.<\/p>\n<p>Particip\u00e1, sum\u00e1 tu mirada y llev\u00e1 la voz de tu sector.<\/p>\n","protected":false},"excerpt":{"rendered":"<p>El Consejo Directivo Provincial convoca a delegados y delegadas municipales de toda la provincia a participar este martes 11 de noviembre, a las 18 horas, en el Plenario Virtual para seguir fortaleciendo nuestra organizaci\u00f3n y definir colectivamente las acciones gremiales y paritarias de cierre de a\u00f1o. La reuni\u00f3n es por Google Meet: meet.google.com\/pky-zydx-zej Porque la [&hellip;]<\/p>\n","protected":false},"author":7,"featured_media":51465,"comment_status":"open","ping_status":"open","sticky":false,"template":"","format":"standard","meta":{"_exactmetrics_skip_tracking":false,"_exactmetrics_sitenote_active":false,"_exactmetrics_sitenote_note":"","_exactmetrics_sitenote_category":0,"jnews-multi-image_gallery":[],"jnews_single_post":[],"jnews_primary_category":[],"jnews_social_meta":[],"jnews_review":[],"enable_review":"","type":"","name":"","summary":"","brand":"","sku":"","good":[],"bad":[],"score_override":"","override_value":"","rating":[],"price":[],"jnews_override_counter":[],"jnews_post_split":[],"footnotes":""},"categories":[20],"tags":[],"class_list":["post-51463","post","type-post","status-publish","format-standard","has-post-thumbnail","hentry","category-municipales"],"jetpack_featured_media_url":"https:\/\/atecordoba.org\/wp-content\/uploads\/2025\/11\/bandera-municipales.jpeg","_links":{"self":[{"href":"https:\/\/atecordoba.org\/index.php?rest_route=\/wp\/v2\/posts\/51463","targetHints":{"allow":["GET"]}}],"collection":[{"href":"https:\/\/atecordoba.org\/index.php?rest_route=\/wp\/v2\/posts"}],"about":[{"href":"https:\/\/atecordoba.org\/index.php?rest_route=\/wp\/v2\/types\/post"}],"author":[{"embeddable":true,"href":"https:\/\/atecordoba.org\/index.php?rest_route=\/wp\/v2\/users\/7"}],"replies":[{"embeddable":true,"href":"https:\/\/atecordoba.org\/index.php?rest_route=%2Fwp%2Fv2%2Fcomments&post=51463"}],"version-history":[{"count":1,"href":"https:\/\/atecordoba.org\/index.php?rest_route=\/wp\/v2\/posts\/51463\/revisions"}],"predecessor-version":[{"id":51466,"href":"https:\/\/atecordoba.org\/index.php?rest_route=\/wp\/v2\/posts\/51463\/revisions\/51466"}],"wp:featuredmedia":[{"embeddable":true,"href":"https:\/\/atecordoba.org\/index.php?rest_route=\/wp\/v2\/media\/51465"}],"wp:attachment":[{"href":"https:\/\/atecordoba.org\/index.php?rest_route=%2Fwp%2Fv2%2Fmedia&parent=51463"}],"wp:term":[{"taxonomy":"category","embeddable":true,"href":"https:\/\/atecordoba.org\/index.php?rest_route=%2Fwp%2Fv2%2Fcategories&post=51463"},{"taxonomy":"post_tag","embeddable":true,"href":"https:\/\/atecordoba.org\/index.php?rest_route=%2Fwp%2Fv2%2Ftags&post=51463"}],"curies":[{"name":"wp","href":"https:\/\/api.w.org\/{rel}","templated":true}]}}