{"id":51458,"date":"2025-11-10T09:59:53","date_gmt":"2025-11-10T12:59:53","guid":{"rendered":"https:\/\/atecordoba.org\/?p=51458"},"modified":"2025-11-10T10:06:28","modified_gmt":"2025-11-10T13:06:28","slug":"colecta-solidaria-para-los-comedores-de-la-fenat-ctaa-cordoba","status":"publish","type":"post","link":"https:\/\/atecordoba.org\/?p=51458","title":{"rendered":"Colecta Solidaria para los comedores de la FeNaT-CTAA C\u00f3rdoba"},"content":{"rendered":"<p><img loading=\"lazy\" decoding=\"async\" class=\"aligncenter wp-image-51460 size-full\" src=\"https:\/\/atecordoba.org\/wp-content\/uploads\/2025\/11\/flyer-fenat.jpg\" alt=\"\" width=\"512\" height=\"640\" \/>Compa\u00f1eras y compa\u00f1eros:<\/p>\n<p>Se acerca Fin de A\u00f1o y desde ATE y la CTA Aut\u00f3noma C\u00f3rdoba ponemos en marcha una Campa\u00f1a Solidaria para que en las mesas de nuestras barriadas populares, donde tenemos presencia a trav\u00e9s de merenderos y comedores comunitarios de la Federaci\u00f3n Nacional Territorial (FeNaT-CTAA), no falte un plato de comida en la Cena Navide\u00f1a.<\/p>\n<p>Te invitamos a sumar tu aporte con alimentos no perecederos (arroz, fideos, legumbres, harina, az\u00facar, aceite, pan dulce, etc.).<\/p>\n<p>Pod\u00e9s acercarlos a la sede de ATE C\u00f3rdoba \u2013Entre R\u00edos 450- de lunes a viernes de 9 a 16 horas.<\/p>\n<p>Comunicate para colaborar:<\/p>\n<p>Julia: 3585 06371.<\/p>\n<p>Male: 11 5730 5654.<\/p>\n<p>Irina: 351 304 3738.<\/p>\n<p>Jesica: 351 681 9940.<\/p>\n<p>Porque la solidaridad tambi\u00e9n es una forma de lucha, y entre todas y todos hacemos posible una Navidad con dignidad y esperanza. Una Navidad digna es posible con la ayuda de todos. La CTA-A y ATE agradecen tu colaboraci\u00f3n. Los barrios unidos jam\u00e1s ser\u00e1n vencidos.<\/p>\n","protected":false},"excerpt":{"rendered":"<p>Compa\u00f1eras y compa\u00f1eros: Se acerca Fin de A\u00f1o y desde ATE y la CTA Aut\u00f3noma C\u00f3rdoba ponemos en marcha una Campa\u00f1a Solidaria para que en las mesas de nuestras barriadas populares, donde tenemos presencia a trav\u00e9s de merenderos y comedores comunitarios de la Federaci\u00f3n Nacional Territorial (FeNaT-CTAA), no falte un plato de comida en la [&hellip;]<\/p>\n","protected":false},"author":7,"featured_media":51460,"comment_status":"open","ping_status":"open","sticky":false,"template":"","format":"standard","meta":{"_exactmetrics_skip_tracking":false,"_exactmetrics_sitenote_active":false,"_exactmetrics_sitenote_note":"","_exactmetrics_sitenote_category":0,"jnews-multi-image_gallery":[],"jnews_single_post":{"format":"standard","override":[{"template":"1","parallax":"1","fullscreen":"1","layout":"no-sidebar-narrow","sidebar":"default-sidebar","second_sidebar":"default-sidebar","sticky_sidebar":"1","share_position":"bottom","share_float_style":"share-monocrhome","show_share_counter":"1","show_view_counter":"1","show_post_meta":"1","show_post_author_image":"1","show_post_date":"1","post_date_format":"default","post_date_format_custom":"Y\/m\/d","show_post_category":"1","show_post_reading_time":"0","post_reading_time_wpm":"300","post_calculate_word_method":"str_word_count","show_zoom_button":"0","zoom_button_out_step":"2","zoom_button_in_step":"3","show_post_tag":"1","number_popup_post":"1","show_post_related":"1","show_inline_post_related":"0"}],"image_override":[{"single_post_thumbnail_size":"crop-500","single_post_gallery_size":"crop-500"}],"trending_post_position":"meta","trending_post_label":"Trending","sponsored_post_label":"Sponsored by","disable_ad":"0"},"jnews_primary_category":[],"jnews_social_meta":[],"jnews_review":[],"enable_review":"","type":"percentage","name":"","summary":"","brand":"","sku":"","good":[],"bad":[],"score_override":"","override_value":"","rating":[],"price":[],"jnews_override_counter":{"view_counter_number":"0","share_counter_number":"0","like_counter_number":"0","dislike_counter_number":"0"},"jnews_post_split":{"post_split":[{"template":"1","tag":"h2","numbering":"asc","mode":"normal","first":"0","enable_toc":"0","toc_type":"normal"}]},"footnotes":""},"categories":[92],"tags":[],"class_list":["post-51458","post","type-post","status-publish","format-standard","has-post-thumbnail","hentry","category-cta"],"jetpack_featured_media_url":"https:\/\/atecordoba.org\/wp-content\/uploads\/2025\/11\/flyer-fenat-e1762779659738.jpg","_links":{"self":[{"href":"https:\/\/atecordoba.org\/index.php?rest_route=\/wp\/v2\/posts\/51458","targetHints":{"allow":["GET"]}}],"collection":[{"href":"https:\/\/atecordoba.org\/index.php?rest_route=\/wp\/v2\/posts"}],"about":[{"href":"https:\/\/atecordoba.org\/index.php?rest_route=\/wp\/v2\/types\/post"}],"author":[{"embeddable":true,"href":"https:\/\/atecordoba.org\/index.php?rest_route=\/wp\/v2\/users\/7"}],"replies":[{"embeddable":true,"href":"https:\/\/atecordoba.org\/index.php?rest_route=%2Fwp%2Fv2%2Fcomments&post=51458"}],"version-history":[{"count":1,"href":"https:\/\/atecordoba.org\/index.php?rest_route=\/wp\/v2\/posts\/51458\/revisions"}],"predecessor-version":[{"id":51461,"href":"https:\/\/atecordoba.org\/index.php?rest_route=\/wp\/v2\/posts\/51458\/revisions\/51461"}],"wp:featuredmedia":[{"embeddable":true,"href":"https:\/\/atecordoba.org\/index.php?rest_route=\/wp\/v2\/media\/51460"}],"wp:attachment":[{"href":"https:\/\/atecordoba.org\/index.php?rest_route=%2Fwp%2Fv2%2Fmedia&parent=51458"}],"wp:term":[{"taxonomy":"category","embeddable":true,"href":"https:\/\/atecordoba.org\/index.php?rest_route=%2Fwp%2Fv2%2Fcategories&post=51458"},{"taxonomy":"post_tag","embeddable":true,"href":"https:\/\/atecordoba.org\/index.php?rest_route=%2Fwp%2Fv2%2Ftags&post=51458"}],"curies":[{"name":"wp","href":"https:\/\/api.w.org\/{rel}","templated":true}]}}