{"id":51456,"date":"2025-11-10T09:43:50","date_gmt":"2025-11-10T12:43:50","guid":{"rendered":"https:\/\/atecordoba.org\/?p=51456"},"modified":"2025-11-10T09:43:50","modified_gmt":"2025-11-10T12:43:50","slug":"ate-debate-paro-general-contra-la-reforma-laboral-de-milei","status":"publish","type":"post","link":"https:\/\/atecordoba.org\/?p=51456","title":{"rendered":"ATE debate paro general contra la reforma laboral de Milei"},"content":{"rendered":"<h6><img loading=\"lazy\" decoding=\"async\" class=\"aligncenter wp-image-51455 size-large\" src=\"https:\/\/atecordoba.org\/wp-content\/uploads\/2025\/11\/bandera2-1024x684.jpg\" alt=\"\" width=\"1024\" height=\"684\" \/>(fuente: pagina12.com.ar)<\/h6>\n<p>En lo que seguramente ser\u00e1 la primera acci\u00f3n de protesta contra la reforma laboral, ATE Nacional resolver\u00e1 este martes, en un plenario federal de delegados, la fecha de un paro nacional.<\/p>\n<p>\u201cCon la nueva composici\u00f3n en el Congreso y el pragmatismo atroz de la mayor\u00eda de los gobernadores, va a ser dif\u00edcil lograr consensos en el Parlamento para defender la posici\u00f3n de los sindicatos y los trabajadores. El camino que nos queda es el de ejercer nuestros derechos constitucionales de manifestaci\u00f3n y protesta\u201d, anticip\u00f3 el\u00a0 secretario General del Consejo Directivo Nacional, Rodolfo Aguiar.<\/p>\n<p>El titular del sindicato le exigi\u00f3 al presidente Javier Milei \u201cque explique con claridad para qu\u00e9 quiere una reforma laboral, porque si nos dice que es para generar empleo y que crezca la econom\u00eda, eso es falso\u201d.<\/p>\n<p>Sobre la legitimidad de la reforma, Aguiar consider\u00f3 que si bien el Gobierno logr\u00f3 un aval electoral el 26 de octubre pasado, \u201ceso no lo habilita a hacer cualquier cosa ni a actuar al margen de la ley y contra la Constituci\u00f3n Nacional\u201d.<\/p>\n<p>El proyecto de reforma laboral que est\u00e1 redactando la administraci\u00f3n libertaria habilitar\u00e1 la posibilidad de que los empleadores exijan jornadas de trabajo de hasta de 12 horas, la fijaci\u00f3n de salarios ya no por inflaci\u00f3n sino por productividad, el pago de indemnizaciones en cuotas, acuerdos de trabajo por empresa en lugar de por actividad, entre otros puntos. Ser\u00e1 presentado en el Congreso luego de que asuman los nuevos legisladores, el 10 de diciembre.<\/p>\n<p>\u201cEsperar hasta el 10 de diciembre es suicida. Si nos quedamos quietos y no rechazamos en las calles esta reforma laboral regresiva, nos aplastan\u201d, indic\u00f3 Aguiar.<\/p>\n<p>El plenario de delegados federales de ATE fue convocado para este martes a las 14 horas, en la sede nacional del sindicato, ubicada en Avenida Belgrano 2527 (CABA).<\/p>\n","protected":false},"excerpt":{"rendered":"<p>(fuente: pagina12.com.ar) En lo que seguramente ser\u00e1 la primera acci\u00f3n de protesta contra la reforma laboral, ATE Nacional resolver\u00e1 este martes, en un plenario federal de delegados, la fecha de un paro nacional. \u201cCon la nueva composici\u00f3n en el Congreso y el pragmatismo atroz de la mayor\u00eda de los gobernadores, va a ser dif\u00edcil lograr [&hellip;]<\/p>\n","protected":false},"author":7,"featured_media":51455,"comment_status":"open","ping_status":"open","sticky":false,"template":"","format":"standard","meta":{"_exactmetrics_skip_tracking":false,"_exactmetrics_sitenote_active":false,"_exactmetrics_sitenote_note":"","_exactmetrics_sitenote_category":0,"jnews-multi-image_gallery":[],"jnews_single_post":[],"jnews_primary_category":[],"jnews_social_meta":[],"jnews_review":[],"enable_review":"","type":"","name":"","summary":"","brand":"","sku":"","good":[],"bad":[],"score_override":"","override_value":"","rating":[],"price":[],"jnews_override_counter":[],"jnews_post_split":[],"footnotes":""},"categories":[756],"tags":[],"class_list":["post-51456","post","type-post","status-publish","format-standard","has-post-thumbnail","hentry","category-consejo-directivo-nacional-cdn"],"jetpack_featured_media_url":"https:\/\/atecordoba.org\/wp-content\/uploads\/2025\/11\/bandera2-e1762777664750.jpg","_links":{"self":[{"href":"https:\/\/atecordoba.org\/index.php?rest_route=\/wp\/v2\/posts\/51456","targetHints":{"allow":["GET"]}}],"collection":[{"href":"https:\/\/atecordoba.org\/index.php?rest_route=\/wp\/v2\/posts"}],"about":[{"href":"https:\/\/atecordoba.org\/index.php?rest_route=\/wp\/v2\/types\/post"}],"author":[{"embeddable":true,"href":"https:\/\/atecordoba.org\/index.php?rest_route=\/wp\/v2\/users\/7"}],"replies":[{"embeddable":true,"href":"https:\/\/atecordoba.org\/index.php?rest_route=%2Fwp%2Fv2%2Fcomments&post=51456"}],"version-history":[{"count":1,"href":"https:\/\/atecordoba.org\/index.php?rest_route=\/wp\/v2\/posts\/51456\/revisions"}],"predecessor-version":[{"id":51457,"href":"https:\/\/atecordoba.org\/index.php?rest_route=\/wp\/v2\/posts\/51456\/revisions\/51457"}],"wp:featuredmedia":[{"embeddable":true,"href":"https:\/\/atecordoba.org\/index.php?rest_route=\/wp\/v2\/media\/51455"}],"wp:attachment":[{"href":"https:\/\/atecordoba.org\/index.php?rest_route=%2Fwp%2Fv2%2Fmedia&parent=51456"}],"wp:term":[{"taxonomy":"category","embeddable":true,"href":"https:\/\/atecordoba.org\/index.php?rest_route=%2Fwp%2Fv2%2Fcategories&post=51456"},{"taxonomy":"post_tag","embeddable":true,"href":"https:\/\/atecordoba.org\/index.php?rest_route=%2Fwp%2Fv2%2Ftags&post=51456"}],"curies":[{"name":"wp","href":"https:\/\/api.w.org\/{rel}","templated":true}]}}