{"id":5145,"date":"2015-04-29T18:04:15","date_gmt":"2015-04-29T21:04:15","guid":{"rendered":"http:\/\/www.atecordoba.org\/?p=5145"},"modified":"2015-04-29T18:04:15","modified_gmt":"2015-04-29T21:04:15","slug":"el-hospital-neuropsiquiatrico-de-pie-en-defensa-de-la-salud-mental","status":"publish","type":"post","link":"https:\/\/atecordoba.org\/?p=5145","title":{"rendered":"El hospital Neuropsiqui\u00e1trico de pie en defensa de la salud mental"},"content":{"rendered":"<p><em>La comunidad del hospital realiz\u00f3 hoy una asamblea, alarmada por\u00a0la falta de instrumentaci\u00f3n de la Ley de Salud Mental 9848, en vigencia hace cuatro a\u00f1os. Los talleres de recuperaci\u00f3n de pacientes salieron a la calle.<\/em><\/p>\n<p><a href=\"http:\/\/www.atecordoba.org\/wp-content\/uploads\/2015\/04\/IMG-20150429-WA0002-e1430341204180.jpg\"><img loading=\"lazy\" decoding=\"async\" class=\"aligncenter size-full wp-image-5146\" src=\"http:\/\/www.atecordoba.org\/wp-content\/uploads\/2015\/04\/IMG-20150429-WA0002-e1430341204180.jpg\" alt=\"IMG-20150429-WA0002\" width=\"550\" height=\"413\" \/><\/a><\/p>\n<p>La convocatoria realizada la semana pasada, dio como resultado una importante participaci\u00f3n en la asamblea realizada hoy, entre las 9.30 y las 11, para expresar las graves deficiencias que muestra el hospital Neuropsiqui\u00e1trico. La comunidad hospitalaria del centro de salud, integrada por trabajadores, pacientes, familiares, estudiantes e interesados en la problem\u00e1tica, cuestion\u00f3 la gesti\u00f3n que lleva adelante la Direcci\u00f3n de Salud Mental de la provincia, a cargo de Osvaldo Navarro, y reclamo su renuncia &#8220;ante la falta de cumplimiento de los objetivos&#8221; que se propone la ley 9848, que rige el funcionamiento del sistema de salud mental en C\u00f3rdoba.<\/p>\n<p>En la oportunidad en la asamblea cont\u00f3 con la adhesi\u00f3n de ATE, UTS, diversas agrupaciones estudiantiles universitarias,\u00a0alumnos de la Facultad de Psicolog\u00eda, la Asociaci\u00f3n Civil de Usuarios, Familiares y Amigos de los Servicios de Salud Mental y compa\u00f1eros del servicio de atenci\u00f3n primaria de salud municipal.<\/p>\n<p><a href=\"http:\/\/www.atecordoba.org\/wp-content\/uploads\/2015\/04\/IMG-20150429-WA0005-e1430341255944.jpg\"><img loading=\"lazy\" decoding=\"async\" class=\"aligncenter size-full wp-image-5147\" src=\"http:\/\/www.atecordoba.org\/wp-content\/uploads\/2015\/04\/IMG-20150429-WA0005-e1430341255944.jpg\" alt=\"IMG-20150429-WA0005\" width=\"550\" height=\"413\" \/><\/a><\/p>\n<p>&#8220;Estuvimos debatiendo el estado de la salud mental en general, la situaci\u00f3n particular del Neuro y como est\u00e1n sufriendo los pacientes por la falta de un contexto de contenci\u00f3n afuera del hospital. Estamos viendo que muchos pacientes est\u00e1n durmiendo en la calle y vienen a comer ac\u00e1. Eso es muy grave para su salud&#8221;, explic\u00f3 Carina Querio, delegada de ATE en la instituci\u00f3n.<\/p>\n<p>Tambi\u00e9n se expres\u00f3 el rechazo a las medidas tomadas recientemente por la direcci\u00f3n del nosocomio, que resta espacio de uso para el funcionamiento de los talleres de recuperaci\u00f3n de pacientes.<\/p>\n<p>Por eso, finalizada la asamblea, se instal\u00f3 una radio abierta en el ingreso de la instituci\u00f3n, iniciativa que forma parte de los talleres que se desarrollan en el lugar. Otros talleres salieron tambi\u00e9n a la calle, cortando la Le\u00f3n Morra.\u00a0As\u00ed, se realiz\u00f3 una olla popular donde los pacientes que participan del taller de cocina hicieron un guiso de lentejas y arroz que no dej\u00f3 a nadie con hambre.<\/p>\n<p>Para el pr\u00f3ximo mi\u00e9rcoles est\u00e1 convocada una nueva asamblea a las 9.30.<\/p>\n","protected":false},"excerpt":{"rendered":"<p>La comunidad del hospital realiz\u00f3 hoy una asamblea, alarmada por\u00a0la falta de instrumentaci\u00f3n de la Ley de Salud Mental 9848, en vigencia hace cuatro a\u00f1os. Los talleres de recuperaci\u00f3n de pacientes salieron a la calle. La convocatoria realizada la semana pasada, dio como resultado una importante participaci\u00f3n en la asamblea realizada hoy, entre las 9.30 [&hellip;]<\/p>\n","protected":false},"author":1,"featured_media":19220,"comment_status":"open","ping_status":"open","sticky":false,"template":"","format":"standard","meta":{"_exactmetrics_skip_tracking":false,"_exactmetrics_sitenote_active":false,"_exactmetrics_sitenote_note":"","_exactmetrics_sitenote_category":0,"jnews-multi-image_gallery":[],"jnews_single_post":[],"jnews_primary_category":[],"jnews_social_meta":[],"jnews_review":[],"enable_review":"","type":"","name":"","summary":"","brand":"","sku":"","good":[],"bad":[],"score_override":"","override_value":"","rating":[],"price":[],"jnews_override_counter":[],"jnews_post_split":[],"footnotes":""},"categories":[7,8],"tags":[],"class_list":["post-5145","post","type-post","status-publish","format-standard","has-post-thumbnail","hentry","category-hospitales","category-provinciales"],"jetpack_featured_media_url":"https:\/\/atecordoba.org\/wp-content\/uploads\/2020\/05\/logo-nuevochico-e1561581322808.png","_links":{"self":[{"href":"https:\/\/atecordoba.org\/index.php?rest_route=\/wp\/v2\/posts\/5145","targetHints":{"allow":["GET"]}}],"collection":[{"href":"https:\/\/atecordoba.org\/index.php?rest_route=\/wp\/v2\/posts"}],"about":[{"href":"https:\/\/atecordoba.org\/index.php?rest_route=\/wp\/v2\/types\/post"}],"author":[{"embeddable":true,"href":"https:\/\/atecordoba.org\/index.php?rest_route=\/wp\/v2\/users\/1"}],"replies":[{"embeddable":true,"href":"https:\/\/atecordoba.org\/index.php?rest_route=%2Fwp%2Fv2%2Fcomments&post=5145"}],"version-history":[{"count":0,"href":"https:\/\/atecordoba.org\/index.php?rest_route=\/wp\/v2\/posts\/5145\/revisions"}],"wp:featuredmedia":[{"embeddable":true,"href":"https:\/\/atecordoba.org\/index.php?rest_route=\/wp\/v2\/media\/19220"}],"wp:attachment":[{"href":"https:\/\/atecordoba.org\/index.php?rest_route=%2Fwp%2Fv2%2Fmedia&parent=5145"}],"wp:term":[{"taxonomy":"category","embeddable":true,"href":"https:\/\/atecordoba.org\/index.php?rest_route=%2Fwp%2Fv2%2Fcategories&post=5145"},{"taxonomy":"post_tag","embeddable":true,"href":"https:\/\/atecordoba.org\/index.php?rest_route=%2Fwp%2Fv2%2Ftags&post=5145"}],"curies":[{"name":"wp","href":"https:\/\/api.w.org\/{rel}","templated":true}]}}