{"id":51446,"date":"2025-11-07T11:04:08","date_gmt":"2025-11-07T14:04:08","guid":{"rendered":"https:\/\/atecordoba.org\/?p=51446"},"modified":"2025-11-07T11:09:40","modified_gmt":"2025-11-07T14:09:40","slug":"julia-giuliani-con-la-reforma-laboral-el-gobierno-de-milei-quiere-dejarnos-a-los-y-las-trabajadoras-sin-derechos","status":"publish","type":"post","link":"https:\/\/atecordoba.org\/?p=51446","title":{"rendered":"Julia Giuliani: &#8220;con la reforma laboral el Gobierno de Milei quiere dejarnos a los y las trabajadoras sin derechos&#8221;"},"content":{"rendered":"<p><img loading=\"lazy\" decoding=\"async\" class=\"aligncenter wp-image-51447 \" src=\"https:\/\/atecordoba.org\/wp-content\/uploads\/2025\/11\/julia2.jpeg\" alt=\"\" width=\"612\" height=\"623\" \/>En una entrevista brindada a un medio de prensa de Alta Gracia -1023.9 FM-, la secretaria de Prensa de ATE C\u00f3rdoba, Julia Giuliani, fustig\u00f3 la reforma laboral, defendi\u00f3 el papel de los sindicatos para sostener los convenios colectivos de trabajo y adelant\u00f3 que diciembre ser\u00e1 un mes caliente por la falta de recursos de las familias para gozar de la navidad con dignidad.<\/p>\n<p>En ese marco, la dirigente evalu\u00f3 el contexto en que se produce el debate sobre la reforma laboral: &#8220;despu\u00e9s del 26 de octubre el panorama es distinto y con unas nueva C\u00e1mara de diputados se vienen tiempos m\u00e1s complejos en t\u00e9rminos de la destrucci\u00f3n del empleo para quienes trabajamos en el Estado, sea nacional, provincial o municipal. Tambi\u00e9n en el sector privado: ya cerraron m\u00e1s de 13 mil pymes.\u00a0Los que vivimos en ciudades m\u00e1s peque\u00f1as, como R\u00edo Cuarto, vemos cada d\u00eda los locales comerciales en alquiler, que la gente no compra o se cuida qu\u00e9 comprar. Esta reforma de Milei va en desmedro del empleo y se prev\u00e9 una regresi\u00f3n en materia de derechos que no sabemos a d\u00f3nde llegar\u00e1&#8221;.<\/p>\n<p><strong>Cu\u00e1les son los derechos que se ver\u00edan avasallados en caso de aprobarse el proyecto.<\/strong><\/p>\n<p>Este gobierno, como siempre, genera un contracalendario en fechas que son hist\u00f3rica o emblem\u00e1ticas para la sociedad. Pretende presentar el proyecto de reforma laboral justamente el 10 de diciembre, que es el D\u00eda de los DDHH, para dejarnos sin derechos que tenemos como naturalizados quienes trabajamos en blanco: vacaciones, aguinaldo, etc. Pero esto busca abaratar de las patronas, sean p\u00fablicas o privadas, la extensi\u00f3n de la jornada laboral, que implicar\u00eda d\u00edas de trabajo de 12 o 14 horas. Si bien existe el pluriempleo y la gente trabaja muchas horas para juntar el dinero que necesita para llegar a fin de mes, la reforma ser\u00eda a\u00fan peor. Vamos a ser rehenes del trabajo sin tener vida, y encima se va a interferir en las posibilidad de mantener otros trabajaos porque el patr\u00f3n te va a poder decir hoy trabaja 12 y ma\u00f1ana 6. Vivimos pagando deudas y tarjeteando la comida.<\/p>\n<p>En el mundo lo que est\u00e1 en discusi\u00f3n es recortar la jornada laboral, no extenderla. Ac\u00e1 queremos volver a la \u00e9poca de la esclavitud, con el solo fin de abaratarle el costo a los despidos, que las indemnizaciones sean en cuotas, etc.<\/p>\n<p><strong>\u00bfEs un golpe a los sindicatos?<\/strong><\/p>\n<p>El trasfondo es destruir el sistema sindical, porque Argentina es el pa\u00eds de Latinoam\u00e9rica con mayores \u00edndices de sindicalizaci\u00f3n, con una fuerte historia de ganar derechos en la lucha.<\/p>\n<p>M\u00e1s all\u00e1 de los sindicalistas bur\u00f3cratas y millonarios, el 95% de los dirigentes sindicales vivimos de nuestro trabajo, no llegamos a fin de mes y recorremos los sectores de trabajo para tener contacto permanente con nuestros afiliados. Hay una estigmatizaci\u00f3n de los sindicalistas que este gobierno tom\u00f3 como discurso y la mayor\u00eda de la gente crey\u00f3 ese verso, cuando nuestra organizaciones son las que sostienen los convenios colectivos de trabajo.<\/p>\n<p><strong>\u00bfSer\u00e1 un fin de a\u00f1o complicado?<\/strong><\/p>\n<p>Va a ser clave el 10 de diciembre, sabemos que fin de a\u00f1o es un mes caliente y m\u00e1s cuando este 2025 la gente no tiene qu\u00e9 comer.<\/p>\n<p>Arreglar de manera individual te va a someter a deberle un favor a la patronal. En cambio la lucha colectiva tiene como beneficio que trasciende las gestiones. Quieren terminar de destruir el tejido social para que cada trabajador quede colgando de un hilo.<\/p>\n","protected":false},"excerpt":{"rendered":"<p>En una entrevista brindada a un medio de prensa de Alta Gracia -1023.9 FM-, la secretaria de Prensa de ATE C\u00f3rdoba, Julia Giuliani, fustig\u00f3 la reforma laboral, defendi\u00f3 el papel de los sindicatos para sostener los convenios colectivos de trabajo y adelant\u00f3 que diciembre ser\u00e1 un mes caliente por la falta de recursos de las [&hellip;]<\/p>\n","protected":false},"author":7,"featured_media":51447,"comment_status":"open","ping_status":"open","sticky":false,"template":"","format":"standard","meta":{"_exactmetrics_skip_tracking":false,"_exactmetrics_sitenote_active":false,"_exactmetrics_sitenote_note":"","_exactmetrics_sitenote_category":0,"jnews-multi-image_gallery":[],"jnews_single_post":{"format":"standard","override":[{"template":"1","parallax":"1","fullscreen":"1","layout":"no-sidebar-narrow","sidebar":"default-sidebar","second_sidebar":"default-sidebar","sticky_sidebar":"1","share_position":"bottom","share_float_style":"share-monocrhome","show_share_counter":"1","show_view_counter":"1","show_post_meta":"1","show_post_author_image":"1","show_post_date":"1","post_date_format":"default","post_date_format_custom":"Y\/m\/d","show_post_category":"1","show_post_reading_time":"0","post_reading_time_wpm":"300","post_calculate_word_method":"str_word_count","show_zoom_button":"0","zoom_button_out_step":"2","zoom_button_in_step":"3","show_post_tag":"1","number_popup_post":"1","show_post_related":"1","show_inline_post_related":"0"}],"image_override":[{"single_post_thumbnail_size":"crop-500","single_post_gallery_size":"crop-500"}],"trending_post_position":"meta","trending_post_label":"Trending","sponsored_post_label":"Sponsored by","disable_ad":"0"},"jnews_primary_category":[],"jnews_social_meta":[],"jnews_review":[],"enable_review":"","type":"percentage","name":"","summary":"","brand":"","sku":"","good":[],"bad":[],"score_override":"","override_value":"","rating":[],"price":[],"jnews_override_counter":{"view_counter_number":"0","share_counter_number":"0","like_counter_number":"0","dislike_counter_number":"0"},"jnews_post_split":{"post_split":[{"template":"1","tag":"h2","numbering":"asc","mode":"normal","first":"0","enable_toc":"0","toc_type":"normal"}]},"footnotes":""},"categories":[10],"tags":[],"class_list":["post-51446","post","type-post","status-publish","format-standard","has-post-thumbnail","hentry","category-accion-politica"],"jetpack_featured_media_url":"https:\/\/atecordoba.org\/wp-content\/uploads\/2025\/11\/julia2-e1762524242861.jpeg","_links":{"self":[{"href":"https:\/\/atecordoba.org\/index.php?rest_route=\/wp\/v2\/posts\/51446","targetHints":{"allow":["GET"]}}],"collection":[{"href":"https:\/\/atecordoba.org\/index.php?rest_route=\/wp\/v2\/posts"}],"about":[{"href":"https:\/\/atecordoba.org\/index.php?rest_route=\/wp\/v2\/types\/post"}],"author":[{"embeddable":true,"href":"https:\/\/atecordoba.org\/index.php?rest_route=\/wp\/v2\/users\/7"}],"replies":[{"embeddable":true,"href":"https:\/\/atecordoba.org\/index.php?rest_route=%2Fwp%2Fv2%2Fcomments&post=51446"}],"version-history":[{"count":2,"href":"https:\/\/atecordoba.org\/index.php?rest_route=\/wp\/v2\/posts\/51446\/revisions"}],"predecessor-version":[{"id":51449,"href":"https:\/\/atecordoba.org\/index.php?rest_route=\/wp\/v2\/posts\/51446\/revisions\/51449"}],"wp:featuredmedia":[{"embeddable":true,"href":"https:\/\/atecordoba.org\/index.php?rest_route=\/wp\/v2\/media\/51447"}],"wp:attachment":[{"href":"https:\/\/atecordoba.org\/index.php?rest_route=%2Fwp%2Fv2%2Fmedia&parent=51446"}],"wp:term":[{"taxonomy":"category","embeddable":true,"href":"https:\/\/atecordoba.org\/index.php?rest_route=%2Fwp%2Fv2%2Fcategories&post=51446"},{"taxonomy":"post_tag","embeddable":true,"href":"https:\/\/atecordoba.org\/index.php?rest_route=%2Fwp%2Fv2%2Ftags&post=51446"}],"curies":[{"name":"wp","href":"https:\/\/api.w.org\/{rel}","templated":true}]}}