{"id":51438,"date":"2025-11-06T15:07:21","date_gmt":"2025-11-06T18:07:21","guid":{"rendered":"https:\/\/atecordoba.org\/?p=51438"},"modified":"2025-11-06T15:07:21","modified_gmt":"2025-11-06T18:07:21","slug":"plenario-de-delegadas-os-nacionales-evaluo-el-contexto-pos-electoral-y-definio-construir-un-paro-provincial-del-personal-civil-de-las-ffaa","status":"publish","type":"post","link":"https:\/\/atecordoba.org\/?p=51438","title":{"rendered":"Plenario de delegadas\/os nacionales evalu\u00f3 el contexto pos electoral y defini\u00f3 construir un paro provincial del Personal Civil de las FFAA"},"content":{"rendered":"<p><img loading=\"lazy\" decoding=\"async\" class=\"aligncenter wp-image-51439 \" src=\"https:\/\/atecordoba.org\/wp-content\/uploads\/2025\/11\/577404412_1246935624123016_3869109163384510024_n-1024x771.jpg\" alt=\"\" width=\"613\" height=\"462\" \/>Hoy se desarroll\u00f3 en la sede del Consejo Directivo Provincial el Plenario General de Delegados y Delegadas del Estado nacional en C\u00f3rdoba, para evaluar el contexto pol\u00edtico posterior a las recientes elecciones, para fortalecer el sindicato, construyendo un programa y definir una agenda de lucha.<\/p>\n<p>En el Plenario se defini\u00f3 realizar asambleas y recorridas en todos los sectores de trabajo y dar un apoyo conjunto a un paro provincial del Personal Civil de las FFAA en pr\u00f3ximo 20 de noviembre, D\u00eda de la Soberan\u00eda.<img loading=\"lazy\" decoding=\"async\" class=\"alignleft wp-image-51440 \" src=\"https:\/\/atecordoba.org\/wp-content\/uploads\/2025\/11\/576370254_1246935894122989_2838812044945425497_n-1024x771.jpg\" alt=\"\" width=\"362\" height=\"273\" srcset=\"https:\/\/atecordoba.org\/wp-content\/uploads\/2025\/11\/576370254_1246935894122989_2838812044945425497_n-1024x771.jpg 1024w, https:\/\/atecordoba.org\/wp-content\/uploads\/2025\/11\/576370254_1246935894122989_2838812044945425497_n-300x226.jpg 300w, https:\/\/atecordoba.org\/wp-content\/uploads\/2025\/11\/576370254_1246935894122989_2838812044945425497_n-768x578.jpg 768w, https:\/\/atecordoba.org\/wp-content\/uploads\/2025\/11\/576370254_1246935894122989_2838812044945425497_n-1536x1157.jpg 1536w, https:\/\/atecordoba.org\/wp-content\/uploads\/2025\/11\/576370254_1246935894122989_2838812044945425497_n-750x565.jpg 750w, https:\/\/atecordoba.org\/wp-content\/uploads\/2025\/11\/576370254_1246935894122989_2838812044945425497_n-1140x858.jpg 1140w, https:\/\/atecordoba.org\/wp-content\/uploads\/2025\/11\/576370254_1246935894122989_2838812044945425497_n.jpg 2048w\" sizes=\"auto, (max-width: 362px) 100vw, 362px\" \/><\/p>\n<p>En c\u00f3nclave estuvo encabezado por la secretaria General Adjunta de ATE C\u00f3rdoba, Gabriela Alcoba, junto al secretario Gremial, Jorge Chalup. Estuvieron presentes las representaciones de la Secretar\u00eda de Trabajo, el Centro de Referencia, CONAE, PAMI, ANSES, ANAC, Parque Nacionales, Personal Civil de las FFAA (docentes, Fuerza A\u00e9rea y Iosfa), Renaper, INTI y la Universidad Nacional de C\u00f3rdoba de las facultades Psicolog\u00eda , Filosof\u00eda y Humanidades, FAMAF, as\u00ed como la Junta Interna de CONICET C\u00f3rdoba.<\/p>\n<p>Al concluir el debate, Alcoba resumi\u00f3 los principales puntos abordados, haciendo hincapi\u00e9 en &#8220;la necesidad de juntarnos con todos los sectores nacionales despu\u00e9s de las pasadas elecciones a nivel nacional, para analizar la coyuntura. Es necesario ver qu\u00e9 est\u00e1 sucediendo en cada sector y c\u00f3mo nos organizamos de cara a lo que se viene con esta nueva etapa, que entendemos que va a ser complicada y dif\u00edcil para los trabajadores del Estado en particular, pero para toda la sociedad en general&#8221;.<\/p>\n<p>La dirigente destac\u00f3 que &#8220;fue un debate muy rico con nuestros delegados y delegadas. Lo que se acord\u00f3 fue primero fortalecer el sindicato, atento que hay una investida del gobierno nacional hacia las entidades sindicales. Vamos a insistir en fortalecer la estructura sindical con el crecimiento de las filiaciones, pero tambi\u00e9n conteniendo a nuestros compa\u00f1eros y compa\u00f1eras que est\u00e1n pasando una situaci\u00f3n econ\u00f3mica complicada. En ese marco, lo que definimos fue hacer recorridos y asambleas por sectores para construir alg\u00fan plenario general con todos los sectores nacionales, provinciales y municipales&#8221;.<img loading=\"lazy\" decoding=\"async\" class=\"alignright wp-image-51441 \" src=\"https:\/\/atecordoba.org\/wp-content\/uploads\/2025\/11\/577292324_1246935297456382_9165648369878423530_n-1024x771.jpg\" alt=\"\" width=\"357\" height=\"268\" srcset=\"https:\/\/atecordoba.org\/wp-content\/uploads\/2025\/11\/577292324_1246935297456382_9165648369878423530_n-1024x771.jpg 1024w, https:\/\/atecordoba.org\/wp-content\/uploads\/2025\/11\/577292324_1246935297456382_9165648369878423530_n-300x226.jpg 300w, https:\/\/atecordoba.org\/wp-content\/uploads\/2025\/11\/577292324_1246935297456382_9165648369878423530_n-768x578.jpg 768w, https:\/\/atecordoba.org\/wp-content\/uploads\/2025\/11\/577292324_1246935297456382_9165648369878423530_n-1536x1157.jpg 1536w, https:\/\/atecordoba.org\/wp-content\/uploads\/2025\/11\/577292324_1246935297456382_9165648369878423530_n-750x565.jpg 750w, https:\/\/atecordoba.org\/wp-content\/uploads\/2025\/11\/577292324_1246935297456382_9165648369878423530_n-1140x858.jpg 1140w, https:\/\/atecordoba.org\/wp-content\/uploads\/2025\/11\/577292324_1246935297456382_9165648369878423530_n.jpg 2048w\" sizes=\"auto, (max-width: 357px) 100vw, 357px\" \/><\/p>\n<p>Y se\u00f1al\u00f3 que el compromiso de los y las delegadas para construir el paro del 20 de noviembre del Personal Civil, que es uno de los sectores m\u00e1s castigados y m\u00e1s postergados en la administraci\u00f3n p\u00fablica. &#8220;Entendemos que tambi\u00e9n el resto de los sectores nacionales va a acompa\u00f1ar esas medidas de fuerza&#8221;, dijo Alcoba.<\/p>\n<p><strong>&#8220;Reforma&#8221; laboral y ataque a los sindicatos<\/strong><\/p>\n<p>Sa secretaria Adjunta de ATE C\u00f3rdoba explic\u00f3 tambi\u00e9n que el plenario gir\u00f3 &#8220;en torno al tema de la posible reforma laboral, de esta embestida hacia los trabajadores y el recorrido por los sectores nacionales tiene que ver con esto, para dar la discusi\u00f3n con nuestros afiliados y afiliadas sobre la reforma laboral.<\/p>\n<p>&#8220;La reforma viene a atacar derechos laborales, pero tambi\u00e9n a las entidades sindicales, pretendiendo quitar de la legislaci\u00f3n la figura de la tutela sindical, que protege a delegados y dirigentes sindicales, que protege la acci\u00f3n sindical y garantiza que los y las trabajadoras puedan contar con su representaci\u00f3n sindical&#8221;, resumi\u00f3 Alcoba.<\/p>\n<p>Hoy ATE sufre la persecuci\u00f3n a dirigentes, algunos y algunas despedidas que son miembros de comisi\u00f3n directiva del CDP. &#8220;Adem\u00e1s tenemos al secretario general de La Rioja despedido, que hemos logrado reincorporar. Es algo que ya est\u00e1 sucediendo. Ahora pretenden profundizar esta situaci\u00f3n por loque es urgente planificar c\u00f3mo nos organizamos y c\u00f3mo construimos esta unidad, que en el discurso parece f\u00e1cil, pero la verdad no es tan as\u00ed. Hay que seguir trabajando para construir la unidad con el resto del campo popular, una construcci\u00f3n con el resto de la sociedad para enfrentar las medidas del gobierno nacional&#8221;, afirm\u00f3.<\/p>\n<p><img loading=\"lazy\" decoding=\"async\" class=\"aligncenter wp-image-51442 \" src=\"https:\/\/atecordoba.org\/wp-content\/uploads\/2025\/11\/577332952_1246936010789644_4774024972282321708_n-1024x771.jpg\" alt=\"\" width=\"615\" height=\"463\" srcset=\"https:\/\/atecordoba.org\/wp-content\/uploads\/2025\/11\/577332952_1246936010789644_4774024972282321708_n-1024x771.jpg 1024w, https:\/\/atecordoba.org\/wp-content\/uploads\/2025\/11\/577332952_1246936010789644_4774024972282321708_n-300x226.jpg 300w, https:\/\/atecordoba.org\/wp-content\/uploads\/2025\/11\/577332952_1246936010789644_4774024972282321708_n-768x578.jpg 768w, https:\/\/atecordoba.org\/wp-content\/uploads\/2025\/11\/577332952_1246936010789644_4774024972282321708_n-1536x1157.jpg 1536w, https:\/\/atecordoba.org\/wp-content\/uploads\/2025\/11\/577332952_1246936010789644_4774024972282321708_n-750x565.jpg 750w, https:\/\/atecordoba.org\/wp-content\/uploads\/2025\/11\/577332952_1246936010789644_4774024972282321708_n-1140x858.jpg 1140w, https:\/\/atecordoba.org\/wp-content\/uploads\/2025\/11\/577332952_1246936010789644_4774024972282321708_n.jpg 2048w\" sizes=\"auto, (max-width: 615px) 100vw, 615px\" \/><\/p>\n<p><strong>Renovaci\u00f3n de contratos del 31 de diciembre<\/strong><\/p>\n<p>Por \u00faltimo, Alcoba hizo referencia a la incertidumbre que sufren las y los estatales frente a cada renovaci\u00f3n de contratos, a cargo el ministro ajustador Federico Sturzenegger, que se jacta cruelmente de haber despedido 50 mil trabajadores y trabajadoras del Estado nacional desde que asumi\u00f3 Milei.<\/p>\n<p>&#8220;Es muy grave lo que est\u00e1 sucediendo, tenemos que salir hacia la sociedad para remarcar la importancia del Estado, del rol de los trabajadores. Porque defender los trabajadores del Estado es defender derechos y garant\u00edas para la sociedad&#8221;, dijo.<\/p>\n<p>En ese contexto fustig\u00f3 a Sturzenegger porque &#8220;estos personajes se jactan de tener en su poder despedir. No solamente hablamos de n\u00fameros, sino son familias, de trabajadores con a\u00f1os de antig\u00fcedad, de lugares de trabajo que cierran. La verdad que el panorama que se viene es muy complicado porque creo que el gobierno ha tenido ox\u00edgeno a \u00faltimo momento con las elecciones, que le va a dar la impunidad para realizar todas estas cosas. Por eso nosotros decidimos hasta salir en la calle, como lo hicimos el primer d\u00eda que asumi\u00f3 este gobierno, para organizarnos y enfrentar lo que se viene&#8221;.<\/p>\n","protected":false},"excerpt":{"rendered":"<p>Hoy se desarroll\u00f3 en la sede del Consejo Directivo Provincial el Plenario General de Delegados y Delegadas del Estado nacional en C\u00f3rdoba, para evaluar el contexto pol\u00edtico posterior a las recientes elecciones, para fortalecer el sindicato, construyendo un programa y definir una agenda de lucha. En el Plenario se defini\u00f3 realizar asambleas y recorridas en [&hellip;]<\/p>\n","protected":false},"author":7,"featured_media":51439,"comment_status":"open","ping_status":"open","sticky":false,"template":"","format":"standard","meta":{"_exactmetrics_skip_tracking":false,"_exactmetrics_sitenote_active":false,"_exactmetrics_sitenote_note":"","_exactmetrics_sitenote_category":0,"jnews-multi-image_gallery":[],"jnews_single_post":[],"jnews_primary_category":[],"jnews_social_meta":[],"jnews_review":[],"enable_review":"","type":"","name":"","summary":"","brand":"","sku":"","good":[],"bad":[],"score_override":"","override_value":"","rating":[],"price":[],"jnews_override_counter":[],"jnews_post_split":[],"footnotes":""},"categories":[18],"tags":[],"class_list":["post-51438","post","type-post","status-publish","format-standard","has-post-thumbnail","hentry","category-nacionales"],"jetpack_featured_media_url":"https:\/\/atecordoba.org\/wp-content\/uploads\/2025\/11\/577404412_1246935624123016_3869109163384510024_n-e1762452434854.jpg","_links":{"self":[{"href":"https:\/\/atecordoba.org\/index.php?rest_route=\/wp\/v2\/posts\/51438","targetHints":{"allow":["GET"]}}],"collection":[{"href":"https:\/\/atecordoba.org\/index.php?rest_route=\/wp\/v2\/posts"}],"about":[{"href":"https:\/\/atecordoba.org\/index.php?rest_route=\/wp\/v2\/types\/post"}],"author":[{"embeddable":true,"href":"https:\/\/atecordoba.org\/index.php?rest_route=\/wp\/v2\/users\/7"}],"replies":[{"embeddable":true,"href":"https:\/\/atecordoba.org\/index.php?rest_route=%2Fwp%2Fv2%2Fcomments&post=51438"}],"version-history":[{"count":1,"href":"https:\/\/atecordoba.org\/index.php?rest_route=\/wp\/v2\/posts\/51438\/revisions"}],"predecessor-version":[{"id":51443,"href":"https:\/\/atecordoba.org\/index.php?rest_route=\/wp\/v2\/posts\/51438\/revisions\/51443"}],"wp:featuredmedia":[{"embeddable":true,"href":"https:\/\/atecordoba.org\/index.php?rest_route=\/wp\/v2\/media\/51439"}],"wp:attachment":[{"href":"https:\/\/atecordoba.org\/index.php?rest_route=%2Fwp%2Fv2%2Fmedia&parent=51438"}],"wp:term":[{"taxonomy":"category","embeddable":true,"href":"https:\/\/atecordoba.org\/index.php?rest_route=%2Fwp%2Fv2%2Fcategories&post=51438"},{"taxonomy":"post_tag","embeddable":true,"href":"https:\/\/atecordoba.org\/index.php?rest_route=%2Fwp%2Fv2%2Ftags&post=51438"}],"curies":[{"name":"wp","href":"https:\/\/api.w.org\/{rel}","templated":true}]}}