{"id":51434,"date":"2025-11-06T10:24:31","date_gmt":"2025-11-06T13:24:31","guid":{"rendered":"https:\/\/atecordoba.org\/?p=51434"},"modified":"2025-11-06T10:24:31","modified_gmt":"2025-11-06T13:24:31","slug":"villa-ciudad-parque-asamblea-acepta-acuerdo-salarial-con-5-de-aumento-en-octubre-y-5-para-diciembre-mas-bono-navideno-de-100-mil-pesos","status":"publish","type":"post","link":"https:\/\/atecordoba.org\/?p=51434","title":{"rendered":"Villa Ciudad Parque: asamblea acepta acuerdo salarial con 5% de aumento en octubre y 5% para diciembre, m\u00e1s bono navide\u00f1o de 100 mil pesos"},"content":{"rendered":"<figure id=\"attachment_51435\" aria-describedby=\"caption-attachment-51435\" style=\"width: 615px\" class=\"wp-caption aligncenter\"><img loading=\"lazy\" decoding=\"async\" class=\"wp-image-51435 \" src=\"https:\/\/atecordoba.org\/wp-content\/uploads\/2025\/11\/WhatsApp-Image-2023-05-09-at-14.18.05-1-1024x461.jpeg\" alt=\"\" width=\"615\" height=\"277\" srcset=\"https:\/\/atecordoba.org\/wp-content\/uploads\/2025\/11\/WhatsApp-Image-2023-05-09-at-14.18.05-1-1024x461.jpeg 1024w, https:\/\/atecordoba.org\/wp-content\/uploads\/2025\/11\/WhatsApp-Image-2023-05-09-at-14.18.05-1-300x135.jpeg 300w, https:\/\/atecordoba.org\/wp-content\/uploads\/2025\/11\/WhatsApp-Image-2023-05-09-at-14.18.05-1-768x346.jpeg 768w, https:\/\/atecordoba.org\/wp-content\/uploads\/2025\/11\/WhatsApp-Image-2023-05-09-at-14.18.05-1-750x338.jpeg 750w, https:\/\/atecordoba.org\/wp-content\/uploads\/2025\/11\/WhatsApp-Image-2023-05-09-at-14.18.05-1-1140x513.jpeg 1140w, https:\/\/atecordoba.org\/wp-content\/uploads\/2025\/11\/WhatsApp-Image-2023-05-09-at-14.18.05-1.jpeg 1280w\" sizes=\"auto, (max-width: 615px) 100vw, 615px\" \/><figcaption id=\"caption-attachment-51435\" class=\"wp-caption-text\">Asamblea en Villa Ciudad Parque en el Corral\u00f3n Municipal (archivo).<\/figcaption><\/figure>\n<p>Tras larga negociaci\u00f3n entre ATE y el Departamento Ejecutivo, la asamblea de municipales de Villa Ciudad Parque acept\u00f3 el acuerdo salarial alcanzado que establece un aumento del 5% retroactivo a octubre, que se cobrar\u00e1 con los haberes de noviembre.<\/p>\n<p>A ello se suma un bono navide\u00f1o de $100.000 a abonarse entre el 22 y el 23 de diciembre, junto con el aguinaldo y un nuevo incremento del 5% sobre los salarios de diciembre, que se ver\u00e1 reflejado en enero de 2026.<\/p>\n<p>En la oportunidad, la Municipalidad inform\u00f3 que ya se adquiri\u00f3 la ropa de trabajo y pr\u00f3ximamente se entregar\u00e1 el calzado (de acuerdo a los uniformes de sector),y se logr\u00f3\u00a0 incorporar una muda extra para el personal de recolecci\u00f3n de residuos.<\/p>\n<p>De esta manera, ATE sostiene el compromiso irrenunciable a mejorar los haberes de las y los trabajadores municipales del interior provincial.<\/p>\n<p>&nbsp;<\/p>\n","protected":false},"excerpt":{"rendered":"<p>Tras larga negociaci\u00f3n entre ATE y el Departamento Ejecutivo, la asamblea de municipales de Villa Ciudad Parque acept\u00f3 el acuerdo salarial alcanzado que establece un aumento del 5% retroactivo a octubre, que se cobrar\u00e1 con los haberes de noviembre. A ello se suma un bono navide\u00f1o de $100.000 a abonarse entre el 22 y el [&hellip;]<\/p>\n","protected":false},"author":7,"featured_media":51435,"comment_status":"open","ping_status":"open","sticky":false,"template":"","format":"standard","meta":{"_exactmetrics_skip_tracking":false,"_exactmetrics_sitenote_active":false,"_exactmetrics_sitenote_note":"","_exactmetrics_sitenote_category":0,"jnews-multi-image_gallery":[],"jnews_single_post":[],"jnews_primary_category":[],"jnews_social_meta":[],"jnews_review":[],"enable_review":"","type":"","name":"","summary":"","brand":"","sku":"","good":[],"bad":[],"score_override":"","override_value":"","rating":[],"price":[],"jnews_override_counter":[],"jnews_post_split":[],"footnotes":""},"categories":[20],"tags":[],"class_list":["post-51434","post","type-post","status-publish","format-standard","has-post-thumbnail","hentry","category-municipales"],"jetpack_featured_media_url":"https:\/\/atecordoba.org\/wp-content\/uploads\/2025\/11\/WhatsApp-Image-2023-05-09-at-14.18.05-1.jpeg","_links":{"self":[{"href":"https:\/\/atecordoba.org\/index.php?rest_route=\/wp\/v2\/posts\/51434","targetHints":{"allow":["GET"]}}],"collection":[{"href":"https:\/\/atecordoba.org\/index.php?rest_route=\/wp\/v2\/posts"}],"about":[{"href":"https:\/\/atecordoba.org\/index.php?rest_route=\/wp\/v2\/types\/post"}],"author":[{"embeddable":true,"href":"https:\/\/atecordoba.org\/index.php?rest_route=\/wp\/v2\/users\/7"}],"replies":[{"embeddable":true,"href":"https:\/\/atecordoba.org\/index.php?rest_route=%2Fwp%2Fv2%2Fcomments&post=51434"}],"version-history":[{"count":1,"href":"https:\/\/atecordoba.org\/index.php?rest_route=\/wp\/v2\/posts\/51434\/revisions"}],"predecessor-version":[{"id":51436,"href":"https:\/\/atecordoba.org\/index.php?rest_route=\/wp\/v2\/posts\/51434\/revisions\/51436"}],"wp:featuredmedia":[{"embeddable":true,"href":"https:\/\/atecordoba.org\/index.php?rest_route=\/wp\/v2\/media\/51435"}],"wp:attachment":[{"href":"https:\/\/atecordoba.org\/index.php?rest_route=%2Fwp%2Fv2%2Fmedia&parent=51434"}],"wp:term":[{"taxonomy":"category","embeddable":true,"href":"https:\/\/atecordoba.org\/index.php?rest_route=%2Fwp%2Fv2%2Fcategories&post=51434"},{"taxonomy":"post_tag","embeddable":true,"href":"https:\/\/atecordoba.org\/index.php?rest_route=%2Fwp%2Fv2%2Ftags&post=51434"}],"curies":[{"name":"wp","href":"https:\/\/api.w.org\/{rel}","templated":true}]}}