{"id":51428,"date":"2025-11-05T14:37:06","date_gmt":"2025-11-05T17:37:06","guid":{"rendered":"https:\/\/atecordoba.org\/?p=51428"},"modified":"2025-11-05T14:37:06","modified_gmt":"2025-11-05T17:37:06","slug":"personal-civil-docentes-de-las-ffaa-repudian-bonificacion-por-insuficiente-arbitraria-y-discriminatoria","status":"publish","type":"post","link":"https:\/\/atecordoba.org\/?p=51428","title":{"rendered":"Personal Civil: docentes de las FFAA repudian bonificaci\u00f3n por insuficiente, arbitraria y discriminatoria"},"content":{"rendered":"<p>L<img loading=\"lazy\" decoding=\"async\" class=\"aligncenter wp-image-51429 \" src=\"https:\/\/atecordoba.org\/wp-content\/uploads\/2025\/11\/portadapc-1024x575.jpeg\" alt=\"\" width=\"624\" height=\"350\" srcset=\"https:\/\/atecordoba.org\/wp-content\/uploads\/2025\/11\/portadapc-1024x575.jpeg 1024w, https:\/\/atecordoba.org\/wp-content\/uploads\/2025\/11\/portadapc-300x169.jpeg 300w, https:\/\/atecordoba.org\/wp-content\/uploads\/2025\/11\/portadapc-768x432.jpeg 768w, https:\/\/atecordoba.org\/wp-content\/uploads\/2025\/11\/portadapc-1536x863.jpeg 1536w, https:\/\/atecordoba.org\/wp-content\/uploads\/2025\/11\/portadapc-750x421.jpeg 750w, https:\/\/atecordoba.org\/wp-content\/uploads\/2025\/11\/portadapc-1140x641.jpeg 1140w, https:\/\/atecordoba.org\/wp-content\/uploads\/2025\/11\/portadapc.jpeg 1600w\" sizes=\"auto, (max-width: 624px) 100vw, 624px\" \/>uego que el gobierno de Milei anunciara una suma fija para un grupo de docentes de las FFAA, ATE sali\u00f3 a repudiar la medida y exigi\u00f3 una recomposici\u00f3n que alcance a todo el sector, y no solo a 1497 trabajadores, mientras 3591 (el 71% del total) quedaron excluidos.<\/p>\n<p>Se trata de un bono otorgado como suma fija de 150 mil pesos para los liceos y dos organismos, mientras la Facultad del Ej\u00e9rcito, una de las casas de estudio m\u00e1s castigadas por el ajuste, no fue tenida en cuenta.<\/p>\n<p>En tanto, el gobierno de Milei estableci\u00f3 que los PMS que no dictan clase o ni siquiera est\u00e1 presentes en las instituciones de formaci\u00f3n cobren horas extras, constituyendo un verdadero sistema encubierto de privilegios y sobresueldos, financiado por fondos p\u00fablicos y a espaldas de la comunidad educativo, denunci\u00f3 ATE.<\/p>\n<p>Adem\u00e1s, los docentes civiles de las FFAA en lucha fustigaron las medidas del gobierno porque:<\/p>\n<ul>\n<li>distorsionan el presupuesto educativo<\/li>\n<li>desprestigian la tarea docente<\/li>\n<li>violan el principio de igualdad con las y los trabajadores civiles<\/li>\n<li>el personal civil sigue sin ver reconocidos los derechos del Convenio Colectivo de Trabajo, tras 10 a\u00f1os sin actualizaci\u00f3n de tramos, niveles ni suplementos<\/li>\n<li>contin\u00faan los salarios de pobreza, mientras muchos y muchas aun permanecen en planta transitoria<\/li>\n<\/ul>\n<p>En tal sentido, ATE denunci\u00f3 que &#8220;el propio Ministerio de Defensa reconoce que el 70% del personal de las FFAA est\u00e1n en indigencia, el 15% en la pobreza y el resto en situaci\u00f3n de calle&#8221;.<\/p>\n<p>En consecuencia, ATE exige equidad, reconocimiento y salarios dignos para todas y todos los docentes de las Fuerzas Armadas.<\/p>\n","protected":false},"excerpt":{"rendered":"<p>Luego que el gobierno de Milei anunciara una suma fija para un grupo de docentes de las FFAA, ATE sali\u00f3 a repudiar la medida y exigi\u00f3 una recomposici\u00f3n que alcance a todo el sector, y no solo a 1497 trabajadores, mientras 3591 (el 71% del total) quedaron excluidos. Se trata de un bono otorgado como [&hellip;]<\/p>\n","protected":false},"author":7,"featured_media":51429,"comment_status":"open","ping_status":"open","sticky":false,"template":"","format":"standard","meta":{"_exactmetrics_skip_tracking":false,"_exactmetrics_sitenote_active":false,"_exactmetrics_sitenote_note":"","_exactmetrics_sitenote_category":0,"jnews-multi-image_gallery":[],"jnews_single_post":[],"jnews_primary_category":[],"jnews_social_meta":[],"jnews_review":[],"enable_review":"","type":"","name":"","summary":"","brand":"","sku":"","good":[],"bad":[],"score_override":"","override_value":"","rating":[],"price":[],"jnews_override_counter":[],"jnews_post_split":[],"footnotes":""},"categories":[18],"tags":[],"class_list":["post-51428","post","type-post","status-publish","format-standard","has-post-thumbnail","hentry","category-nacionales"],"jetpack_featured_media_url":"https:\/\/atecordoba.org\/wp-content\/uploads\/2025\/11\/portadapc.jpeg","_links":{"self":[{"href":"https:\/\/atecordoba.org\/index.php?rest_route=\/wp\/v2\/posts\/51428","targetHints":{"allow":["GET"]}}],"collection":[{"href":"https:\/\/atecordoba.org\/index.php?rest_route=\/wp\/v2\/posts"}],"about":[{"href":"https:\/\/atecordoba.org\/index.php?rest_route=\/wp\/v2\/types\/post"}],"author":[{"embeddable":true,"href":"https:\/\/atecordoba.org\/index.php?rest_route=\/wp\/v2\/users\/7"}],"replies":[{"embeddable":true,"href":"https:\/\/atecordoba.org\/index.php?rest_route=%2Fwp%2Fv2%2Fcomments&post=51428"}],"version-history":[{"count":1,"href":"https:\/\/atecordoba.org\/index.php?rest_route=\/wp\/v2\/posts\/51428\/revisions"}],"predecessor-version":[{"id":51430,"href":"https:\/\/atecordoba.org\/index.php?rest_route=\/wp\/v2\/posts\/51428\/revisions\/51430"}],"wp:featuredmedia":[{"embeddable":true,"href":"https:\/\/atecordoba.org\/index.php?rest_route=\/wp\/v2\/media\/51429"}],"wp:attachment":[{"href":"https:\/\/atecordoba.org\/index.php?rest_route=%2Fwp%2Fv2%2Fmedia&parent=51428"}],"wp:term":[{"taxonomy":"category","embeddable":true,"href":"https:\/\/atecordoba.org\/index.php?rest_route=%2Fwp%2Fv2%2Fcategories&post=51428"},{"taxonomy":"post_tag","embeddable":true,"href":"https:\/\/atecordoba.org\/index.php?rest_route=%2Fwp%2Fv2%2Ftags&post=51428"}],"curies":[{"name":"wp","href":"https:\/\/api.w.org\/{rel}","templated":true}]}}