{"id":51407,"date":"2025-11-04T12:02:39","date_gmt":"2025-11-04T15:02:39","guid":{"rendered":"https:\/\/atecordoba.org\/?p=51407"},"modified":"2025-11-04T12:59:30","modified_gmt":"2025-11-04T15:59:30","slug":"giuliani-participa-de-un-programa-de-refugiados-y-perseguidos-politicos-en-el-pais-vasco","status":"publish","type":"post","link":"https:\/\/atecordoba.org\/?p=51407","title":{"rendered":"Giuliani participa de un programa de refugiados y perseguidos pol\u00edticos en el Pa\u00eds Vasco"},"content":{"rendered":"<p><img loading=\"lazy\" decoding=\"async\" class=\"aligncenter wp-image-51408 \" src=\"https:\/\/atecordoba.org\/wp-content\/uploads\/2025\/11\/fede-vasco-770x1024.jpg\" alt=\"\" width=\"619\" height=\"823\" srcset=\"https:\/\/atecordoba.org\/wp-content\/uploads\/2025\/11\/fede-vasco-770x1024.jpg 770w, https:\/\/atecordoba.org\/wp-content\/uploads\/2025\/11\/fede-vasco-225x300.jpg 225w, https:\/\/atecordoba.org\/wp-content\/uploads\/2025\/11\/fede-vasco-768x1022.jpg 768w, https:\/\/atecordoba.org\/wp-content\/uploads\/2025\/11\/fede-vasco-1154x1536.jpg 1154w, https:\/\/atecordoba.org\/wp-content\/uploads\/2025\/11\/fede-vasco-750x998.jpg 750w, https:\/\/atecordoba.org\/wp-content\/uploads\/2025\/11\/fede-vasco-1140x1517.jpg 1140w, https:\/\/atecordoba.org\/wp-content\/uploads\/2025\/11\/fede-vasco.jpg 1539w\" sizes=\"auto, (max-width: 619px) 100vw, 619px\" \/>El Secretario General de ATE y la CTA Aut\u00f3noma C\u00f3rdoba, Federico Giuliani, se encuentra en el Pa\u00eds Vasco, participando del Programa \u2018Martin Etxea\u2019, un espacio que re\u00fane a refugiados y perseguidos pol\u00edticos de distintos lugares del mundo.<\/p>\n<p>En esta experiencia internacional de formaci\u00f3n y solidaridad, Giuliani comparte la vida en residencias comunitarias, realiza intercambios con militantes de otros pa\u00edses y registra su participaci\u00f3n en agendas de debate y medios de comunicaci\u00f3n, donde aborda el tema:\u00a0 \u201cEl auge del fascismo en Latinoam\u00e9rica y Argentina con Javier Milei: La criminalizaci\u00f3n de la protesta social de los gobernadores, cap\u00edtulo Mart\u00edn Llaryora en C\u00f3rdoba\u201d.<\/p>\n<p>\u201cDesde cualquier lugar del mundo, seguimos construyendo conciencia, organizaci\u00f3n y lucha por los derechos de las y los trabajadores\u201d, indic\u00f3 Giuliani en un mensaje difundido en redes sociales.<\/p>\n<p>Mediante un video subido ayer, Giuliani avis\u00f3 desde Euskal Herr\u00eda que \u201cacced\u00ed a una beca de un programa internacional que es para refugiados y perseguidos pol\u00edticos de todo el mundo de la organizaci\u00f3n \u2018Martin Etxea\u2019. Les cuento que estoy residiendo en una vivienda comunitaria, en donde compartimos con compa\u00f1eras y compa\u00f1eros de Am\u00e9rica Latina y el Caribe, de \u00c1frica y de Europa debates pol\u00edticos, de luchas en com\u00fan, de procesos sociales que se van dando en los distintos continentes y de defensa de los derechos humanos\u201d.<\/p>\n<p>Y agreg\u00f3: \u201cEn estos d\u00edas voy a estar participando de una agenda amplia y muy rica de debates pol\u00edticos y tambi\u00e9n con una agenda medi\u00e1tica que nos organiza \u2018Mart\u00edn Etxea\u2019 para denunciar y visibilizar la grave situaci\u00f3n que se vive en la Argentina e interpelarnos sobre un tema muy profundo que es el auge del fascismo en Latinoam\u00e9rica y el caso de Javier Milei, pero tambi\u00e9n para hablar de la criminalizaci\u00f3n de la protesta social y la judicializaci\u00f3n de los luchadores populares en los territorios federales. En este caso el cap\u00edtulo de C\u00f3rdoba con el Gobierno de Mart\u00edn Llaryora\u201d.<img loading=\"lazy\" decoding=\"async\" class=\" wp-image-51409 alignright\" src=\"https:\/\/atecordoba.org\/wp-content\/uploads\/2025\/11\/fede-aznarez.jpg\" alt=\"\" width=\"343\" height=\"343\" \/><\/p>\n<p>\u201cEs un par\u00e9ntesis en nuestra militancia cotidiana en los territorios, en los lugares de laburo, es una instancia formativa desde el \u00e1mbito pol\u00edtico pero tambi\u00e9n desde lo humano. Ac\u00e1 venimos a abrazar otras causas pero tambi\u00e9n a llevarnos mucha solidaridad porque en estos momentos de tanta soledad en la pelea nos parece importante el acompa\u00f1amiento de la organizaci\u00f3n internacional de la clase trabajadora\u201d, subray\u00f3.<\/p>\n<p>\u201cEn ese sentido, en estos d\u00edas vamos a estar subiendo historias de vida de los distintos refugiados, vamos a estar subiendo contenidos de nuestra estancia en Gallarta, que est\u00e1 a cuarenta minutos de Bilbao, en el Pa\u00eds Vasco. Este proceso que estamos llevando adelante nos va a servir para volver m\u00e1s fortalecidos, para seguir mejorando nuestra organizaci\u00f3n y para luchar y resistir hasta vencer\u201d, sentenci\u00f3.<\/p>\n<p><strong>Migrantes y derechos humanos<\/strong><\/p>\n<p>Martin Etxea cumpli\u00f3 seis a\u00f1os como espacio de contenci\u00f3n y refugio para personas migrantes y defensores de derechos humanos que requieren protecci\u00f3n internacional. Con sede en la localidad vizca\u00edna de Gallarta, cuenta con una capacidad de acompa\u00f1amiento a 21 personas y trabaja por la autonom\u00eda personal de las personas llegadas desde Colombia, Guatemala, Argentina, El Salvador, Sahara, Rif, Atlas, Marruecos y Palestina. Junto con una amplia red de personas voluntarias, acoge, acompa\u00f1a, denuncia y genera puntos de encuentro entre sus residentes y la sociedad vasca.<\/p>\n<p>&nbsp;<\/p>\n<p>Tras el legado de una casa a la Fundaci\u00f3n Mundubat, inici\u00f3 el proyecto de acogida en colaboraci\u00f3n con la red Ongi Etorri Errefuxiatuak. Primero con una capacidad para 12 personas y despu\u00e9s, tras el acuerdo de cesi\u00f3n de un nuevo espacio en el mismo barrio, se ha ampliado a 21 plazas.<\/p>\n<p>Tal y como explican los promotores del proyecto, las personas acogidas, con un per\u00edodo medio de estancia de a\u00f1o y medio, reciben un acompa\u00f1amiento personalizado para la regularizaci\u00f3n de su situaci\u00f3n, formaci\u00f3n profesional, atenci\u00f3n sanitaria e impulso de la agenda propia de las organizaciones internacionales que las respaldan. En estos seis a\u00f1os, ha acompa\u00f1ado a un total de 45 personas.<\/p>\n<p><strong>Punto de encuentro<\/strong><\/p>\n<p><img loading=\"lazy\" decoding=\"async\" class=\"alignleft wp-image-51410 size-full\" src=\"https:\/\/atecordoba.org\/wp-content\/uploads\/2025\/11\/vascos.webp\" alt=\"\" width=\"300\" height=\"240\" \/>El espacio cuenta con convenios con los principales centros de formaci\u00f3n profesional del territorio como Pe\u00f1ascal, Otxarki, Oruetagana y Somorrostro, tanto para la formaci\u00f3n de las personas acogidas como para el intercambio de experiencias. Tambi\u00e9n forma parte de V\u00eda Campesina para el impulso de proyectos agroecol\u00f3gicos y de soberan\u00eda alimentaria en el amplio huerto y gallinero ecol\u00f3gico del que dispone la casa para el autoabastecimiento y para las actividades de voluntariado.<\/p>\n<p>El huerto y gallinero ecol\u00f3gico conforman tambi\u00e9n un espacio estrat\u00e9gico como punto de encuentro entre las personas acogidas y la amplia red de personas voluntarias. Todos los meses se convoca un auzolan para su mantenimiento e intercambio cultural.<\/p>\n<p>\u201cQueremos ser un lugar de encuentro tanto para la red de voluntarios como para la sociedad de Gallarta, Bizkaia y Euskadi, en general, que creen en otras formas posibles de acoger a las personas migrantes que llegan a nuestras ciudades desde otras partes del mundo y de dar refugio a aquellos que deben poner a salvo sus vidas por los conflictos que sufren en sus pa\u00edses de origen\u201d, remarca Gerrikabeitia sobre el proyecto.<\/p>\n<p>\u201cNo se trata solo de acoger, sino de que las personas cuenten con un respaldo profesionalizado para recuperar la autonom\u00eda sobre sus vidas y sus causas\u201d, destaca Eneko Gerrikabeitia, parte del equipo de Martin Etxea. Una vez pasado este plazo, contin\u00faan con su vida y proyectos de forma aut\u00f3noma e independiente<\/p>\n<p>&nbsp;<\/p>\n","protected":false},"excerpt":{"rendered":"<p>El Secretario General de ATE y la CTA Aut\u00f3noma C\u00f3rdoba, Federico Giuliani, se encuentra en el Pa\u00eds Vasco, participando del Programa \u2018Martin Etxea\u2019, un espacio que re\u00fane a refugiados y perseguidos pol\u00edticos de distintos lugares del mundo. En esta experiencia internacional de formaci\u00f3n y solidaridad, Giuliani comparte la vida en residencias comunitarias, realiza intercambios con [&hellip;]<\/p>\n","protected":false},"author":7,"featured_media":51409,"comment_status":"open","ping_status":"open","sticky":false,"template":"","format":"standard","meta":{"_exactmetrics_skip_tracking":false,"_exactmetrics_sitenote_active":false,"_exactmetrics_sitenote_note":"","_exactmetrics_sitenote_category":0,"jnews-multi-image_gallery":[],"jnews_single_post":{"format":"standard","override":[{"template":"1","parallax":"1","fullscreen":"1","layout":"no-sidebar-narrow","sidebar":"default-sidebar","second_sidebar":"default-sidebar","sticky_sidebar":"1","share_position":"bottom","share_float_style":"share-monocrhome","show_share_counter":"1","show_view_counter":"1","show_post_meta":"1","show_post_author_image":"1","show_post_date":"1","post_date_format":"default","post_date_format_custom":"Y\/m\/d","show_post_category":"1","show_post_reading_time":"0","post_reading_time_wpm":"300","post_calculate_word_method":"str_word_count","show_zoom_button":"0","zoom_button_out_step":"2","zoom_button_in_step":"3","show_post_tag":"1","number_popup_post":"1","show_post_related":"1","show_inline_post_related":"0"}],"image_override":[{"single_post_thumbnail_size":"crop-500","single_post_gallery_size":"crop-500"}],"trending_post_position":"meta","trending_post_label":"Trending","sponsored_post_label":"Sponsored by","disable_ad":"0"},"jnews_primary_category":[],"jnews_social_meta":[],"jnews_review":[],"enable_review":"","type":"percentage","name":"","summary":"","brand":"","sku":"","good":[],"bad":[],"score_override":"","override_value":"","rating":[],"price":[],"jnews_override_counter":{"view_counter_number":"0","share_counter_number":"0","like_counter_number":"0","dislike_counter_number":"0"},"jnews_post_split":{"post_split":[{"template":"1","tag":"h2","numbering":"asc","mode":"normal","first":"0","enable_toc":"0","toc_type":"normal"}]},"footnotes":""},"categories":[10],"tags":[],"class_list":["post-51407","post","type-post","status-publish","format-standard","has-post-thumbnail","hentry","category-accion-politica"],"jetpack_featured_media_url":"https:\/\/atecordoba.org\/wp-content\/uploads\/2025\/11\/fede-aznarez-e1762271965401.jpg","_links":{"self":[{"href":"https:\/\/atecordoba.org\/index.php?rest_route=\/wp\/v2\/posts\/51407","targetHints":{"allow":["GET"]}}],"collection":[{"href":"https:\/\/atecordoba.org\/index.php?rest_route=\/wp\/v2\/posts"}],"about":[{"href":"https:\/\/atecordoba.org\/index.php?rest_route=\/wp\/v2\/types\/post"}],"author":[{"embeddable":true,"href":"https:\/\/atecordoba.org\/index.php?rest_route=\/wp\/v2\/users\/7"}],"replies":[{"embeddable":true,"href":"https:\/\/atecordoba.org\/index.php?rest_route=%2Fwp%2Fv2%2Fcomments&post=51407"}],"version-history":[{"count":1,"href":"https:\/\/atecordoba.org\/index.php?rest_route=\/wp\/v2\/posts\/51407\/revisions"}],"predecessor-version":[{"id":51411,"href":"https:\/\/atecordoba.org\/index.php?rest_route=\/wp\/v2\/posts\/51407\/revisions\/51411"}],"wp:featuredmedia":[{"embeddable":true,"href":"https:\/\/atecordoba.org\/index.php?rest_route=\/wp\/v2\/media\/51409"}],"wp:attachment":[{"href":"https:\/\/atecordoba.org\/index.php?rest_route=%2Fwp%2Fv2%2Fmedia&parent=51407"}],"wp:term":[{"taxonomy":"category","embeddable":true,"href":"https:\/\/atecordoba.org\/index.php?rest_route=%2Fwp%2Fv2%2Fcategories&post=51407"},{"taxonomy":"post_tag","embeddable":true,"href":"https:\/\/atecordoba.org\/index.php?rest_route=%2Fwp%2Fv2%2Ftags&post=51407"}],"curies":[{"name":"wp","href":"https:\/\/api.w.org\/{rel}","templated":true}]}}