{"id":51403,"date":"2025-11-04T09:30:34","date_gmt":"2025-11-04T12:30:34","guid":{"rendered":"https:\/\/atecordoba.org\/?p=51403"},"modified":"2025-11-04T09:30:34","modified_gmt":"2025-11-04T12:30:34","slug":"la-demanda-en-el-paicor-subio-20","status":"publish","type":"post","link":"https:\/\/atecordoba.org\/?p=51403","title":{"rendered":"La demanda en el PAICOR subi\u00f3 20%"},"content":{"rendered":"<p><img loading=\"lazy\" decoding=\"async\" class=\"aligncenter wp-image-51404 \" src=\"https:\/\/atecordoba.org\/wp-content\/uploads\/2025\/11\/paicor-vianda-1024x574.webp\" alt=\"\" width=\"607\" height=\"340\" srcset=\"https:\/\/atecordoba.org\/wp-content\/uploads\/2025\/11\/paicor-vianda-1024x574.webp 1024w, https:\/\/atecordoba.org\/wp-content\/uploads\/2025\/11\/paicor-vianda-300x168.webp 300w, https:\/\/atecordoba.org\/wp-content\/uploads\/2025\/11\/paicor-vianda-768x431.webp 768w, https:\/\/atecordoba.org\/wp-content\/uploads\/2025\/11\/paicor-vianda-750x421.webp 750w, https:\/\/atecordoba.org\/wp-content\/uploads\/2025\/11\/paicor-vianda-1140x639.webp 1140w, https:\/\/atecordoba.org\/wp-content\/uploads\/2025\/11\/paicor-vianda.webp 1200w\" sizes=\"auto, (max-width: 607px) 100vw, 607px\" \/><\/p>\n<article class=\"article-body first\">\n<div class=\"article-content selectionShareable\">\n<div class=\"cuerpo\" data-twitter-link=\"\">\n<p>Pese al anuncio de la baja de la pobreza que dio a conocer el Gobierno Nacional, la demanda en el PAICOR aument\u00f3 un 20 por ciento en los colegios cordobeses.<\/p>\n<\/div>\n<\/div>\n<\/article>\n<article class=\"article-body\">\n<div class=\"article-content selectionShareable\">\n<div class=\"cuerpo\" data-twitter-link=\"\">\n<p>El Programa de Asistencia Integral C\u00f3rdoba da de comer a m\u00e1s de 308 mil beneficiarios en toda la provincia y cubre a casi la mitad de los alumnos que concurren a establecimientos educativos de la ciudad de R\u00edo Cuarto.<\/p>\n<p>Las causas tienen que ver con la fuerte crisis econ\u00f3mica que golpea no s\u00f3lo el bolsillo de las familias vulnerables, sino tambi\u00e9n de los hogares de clase media.<\/p>\n<p>Eso hace que m\u00e1s chicos se sumen al PAICOR para poder alimentarse.<\/p>\n<p>Un alumno que no se alimenta bien no tiene un buen rendimiento escolar.<\/p>\n<p>De ah\u00ed que la gesti\u00f3n provincial de Mart\u00edn Llaryora mantiene este programa alimentario que viene de la \u00e9poca del Gobierno de Eduardo Angeloz.<\/p>\n<p>El PAICOR es \u201cuna iniciativa provincial que brinda apoyo alimentario a estudiantes de bajos recursos para asegurar su bienestar y permanencia escolar\u201d.<\/p>\n<p>El programa ofrece comidas a los alumnos y la inscripci\u00f3n se realiza a trav\u00e9s del sistema CIDI de la provincia.<\/p>\n<p>Durante el invierno, el programa alimentario ya daba 8.000 raciones por d\u00eda a los alumnos de la ciudad que necesitan del alimento diario.<\/p>\n<p><strong>Fuente: www.puntal.com.ar<\/strong><\/p>\n<\/div>\n<\/div>\n<\/article>\n","protected":false},"excerpt":{"rendered":"<p>Pese al anuncio de la baja de la pobreza que dio a conocer el Gobierno Nacional, la demanda en el PAICOR aument\u00f3 un 20 por ciento en los colegios cordobeses. El Programa de Asistencia Integral C\u00f3rdoba da de comer a m\u00e1s de 308 mil beneficiarios en toda la provincia y cubre a casi la mitad [&hellip;]<\/p>\n","protected":false},"author":7,"featured_media":51404,"comment_status":"open","ping_status":"open","sticky":false,"template":"","format":"standard","meta":{"_exactmetrics_skip_tracking":false,"_exactmetrics_sitenote_active":false,"_exactmetrics_sitenote_note":"","_exactmetrics_sitenote_category":0,"jnews-multi-image_gallery":[],"jnews_single_post":[],"jnews_primary_category":[],"jnews_social_meta":[],"jnews_review":[],"enable_review":"","type":"","name":"","summary":"","brand":"","sku":"","good":[],"bad":[],"score_override":"","override_value":"","rating":[],"price":[],"jnews_override_counter":[],"jnews_post_split":[],"footnotes":""},"categories":[10],"tags":[],"class_list":["post-51403","post","type-post","status-publish","format-standard","has-post-thumbnail","hentry","category-accion-politica"],"jetpack_featured_media_url":"https:\/\/atecordoba.org\/wp-content\/uploads\/2025\/11\/paicor-vianda.webp","_links":{"self":[{"href":"https:\/\/atecordoba.org\/index.php?rest_route=\/wp\/v2\/posts\/51403","targetHints":{"allow":["GET"]}}],"collection":[{"href":"https:\/\/atecordoba.org\/index.php?rest_route=\/wp\/v2\/posts"}],"about":[{"href":"https:\/\/atecordoba.org\/index.php?rest_route=\/wp\/v2\/types\/post"}],"author":[{"embeddable":true,"href":"https:\/\/atecordoba.org\/index.php?rest_route=\/wp\/v2\/users\/7"}],"replies":[{"embeddable":true,"href":"https:\/\/atecordoba.org\/index.php?rest_route=%2Fwp%2Fv2%2Fcomments&post=51403"}],"version-history":[{"count":1,"href":"https:\/\/atecordoba.org\/index.php?rest_route=\/wp\/v2\/posts\/51403\/revisions"}],"predecessor-version":[{"id":51405,"href":"https:\/\/atecordoba.org\/index.php?rest_route=\/wp\/v2\/posts\/51403\/revisions\/51405"}],"wp:featuredmedia":[{"embeddable":true,"href":"https:\/\/atecordoba.org\/index.php?rest_route=\/wp\/v2\/media\/51404"}],"wp:attachment":[{"href":"https:\/\/atecordoba.org\/index.php?rest_route=%2Fwp%2Fv2%2Fmedia&parent=51403"}],"wp:term":[{"taxonomy":"category","embeddable":true,"href":"https:\/\/atecordoba.org\/index.php?rest_route=%2Fwp%2Fv2%2Fcategories&post=51403"},{"taxonomy":"post_tag","embeddable":true,"href":"https:\/\/atecordoba.org\/index.php?rest_route=%2Fwp%2Fv2%2Ftags&post=51403"}],"curies":[{"name":"wp","href":"https:\/\/api.w.org\/{rel}","templated":true}]}}