{"id":51399,"date":"2025-11-04T09:28:28","date_gmt":"2025-11-04T12:28:28","guid":{"rendered":"https:\/\/atecordoba.org\/?p=51399"},"modified":"2025-11-04T09:28:28","modified_gmt":"2025-11-04T12:28:28","slug":"asamblea-informativa-en-mendiolaza-2","status":"publish","type":"post","link":"https:\/\/atecordoba.org\/?p=51399","title":{"rendered":"Asamblea informativa en Mendiolaza"},"content":{"rendered":"<p><img loading=\"lazy\" decoding=\"async\" class=\"aligncenter wp-image-51400 \" src=\"https:\/\/atecordoba.org\/wp-content\/uploads\/2025\/11\/1-1-1536x864-1-1024x576.jpg\" alt=\"\" width=\"618\" height=\"348\" srcset=\"https:\/\/atecordoba.org\/wp-content\/uploads\/2025\/11\/1-1-1536x864-1-1024x576.jpg 1024w, https:\/\/atecordoba.org\/wp-content\/uploads\/2025\/11\/1-1-1536x864-1-300x169.jpg 300w, https:\/\/atecordoba.org\/wp-content\/uploads\/2025\/11\/1-1-1536x864-1-768x432.jpg 768w, https:\/\/atecordoba.org\/wp-content\/uploads\/2025\/11\/1-1-1536x864-1-750x422.jpg 750w, https:\/\/atecordoba.org\/wp-content\/uploads\/2025\/11\/1-1-1536x864-1-1140x641.jpg 1140w, https:\/\/atecordoba.org\/wp-content\/uploads\/2025\/11\/1-1-1536x864-1.jpg 1536w\" sizes=\"auto, (max-width: 618px) 100vw, 618px\" \/>Con la presencia del Secretario Gremial del Consejo Directivo Provincial (CDP), Jorge Chalup, ayer se realiz\u00f3 una asamblea con trabajadores y trabajadoras del Municipio de Mendiolaza, para debatir colectivamente y elaborar propuestas para las Paritarias en el Ministerio de Trabajo de la Provincia.<img loading=\"lazy\" decoding=\"async\" class=\"size-full wp-image-51401 alignleft\" src=\"https:\/\/atecordoba.org\/wp-content\/uploads\/2025\/11\/2-1-300x169-1.jpg\" alt=\"\" width=\"300\" height=\"169\" \/><\/p>\n<p>En el encuentro se compartieron diagn\u00f3sticos sobre las condiciones laborales, los salarios y la necesidad de avanzar en una recomposici\u00f3n justa que reconozca el esfuerzo cotidiano de quienes garantizan derechos en el territorio.<\/p>\n<p>\u201cDesde ATE C\u00f3rdoba seguimos construyendo organizaci\u00f3n y participaci\u00f3n desde abajo, con la voz de las y los trabajadores como protagonista\u201d, afirm\u00f3 Chalup.<\/p>\n","protected":false},"excerpt":{"rendered":"<p>Con la presencia del Secretario Gremial del Consejo Directivo Provincial (CDP), Jorge Chalup, ayer se realiz\u00f3 una asamblea con trabajadores y trabajadoras del Municipio de Mendiolaza, para debatir colectivamente y elaborar propuestas para las Paritarias en el Ministerio de Trabajo de la Provincia. En el encuentro se compartieron diagn\u00f3sticos sobre las condiciones laborales, los salarios [&hellip;]<\/p>\n","protected":false},"author":7,"featured_media":51400,"comment_status":"open","ping_status":"open","sticky":false,"template":"","format":"standard","meta":{"_exactmetrics_skip_tracking":false,"_exactmetrics_sitenote_active":false,"_exactmetrics_sitenote_note":"","_exactmetrics_sitenote_category":0,"jnews-multi-image_gallery":[],"jnews_single_post":[],"jnews_primary_category":[],"jnews_social_meta":[],"jnews_review":[],"enable_review":"","type":"","name":"","summary":"","brand":"","sku":"","good":[],"bad":[],"score_override":"","override_value":"","rating":[],"price":[],"jnews_override_counter":[],"jnews_post_split":[],"footnotes":""},"categories":[20],"tags":[],"class_list":["post-51399","post","type-post","status-publish","format-standard","has-post-thumbnail","hentry","category-municipales"],"jetpack_featured_media_url":"https:\/\/atecordoba.org\/wp-content\/uploads\/2025\/11\/1-1-1536x864-1.jpg","_links":{"self":[{"href":"https:\/\/atecordoba.org\/index.php?rest_route=\/wp\/v2\/posts\/51399","targetHints":{"allow":["GET"]}}],"collection":[{"href":"https:\/\/atecordoba.org\/index.php?rest_route=\/wp\/v2\/posts"}],"about":[{"href":"https:\/\/atecordoba.org\/index.php?rest_route=\/wp\/v2\/types\/post"}],"author":[{"embeddable":true,"href":"https:\/\/atecordoba.org\/index.php?rest_route=\/wp\/v2\/users\/7"}],"replies":[{"embeddable":true,"href":"https:\/\/atecordoba.org\/index.php?rest_route=%2Fwp%2Fv2%2Fcomments&post=51399"}],"version-history":[{"count":1,"href":"https:\/\/atecordoba.org\/index.php?rest_route=\/wp\/v2\/posts\/51399\/revisions"}],"predecessor-version":[{"id":51402,"href":"https:\/\/atecordoba.org\/index.php?rest_route=\/wp\/v2\/posts\/51399\/revisions\/51402"}],"wp:featuredmedia":[{"embeddable":true,"href":"https:\/\/atecordoba.org\/index.php?rest_route=\/wp\/v2\/media\/51400"}],"wp:attachment":[{"href":"https:\/\/atecordoba.org\/index.php?rest_route=%2Fwp%2Fv2%2Fmedia&parent=51399"}],"wp:term":[{"taxonomy":"category","embeddable":true,"href":"https:\/\/atecordoba.org\/index.php?rest_route=%2Fwp%2Fv2%2Fcategories&post=51399"},{"taxonomy":"post_tag","embeddable":true,"href":"https:\/\/atecordoba.org\/index.php?rest_route=%2Fwp%2Fv2%2Ftags&post=51399"}],"curies":[{"name":"wp","href":"https:\/\/api.w.org\/{rel}","templated":true}]}}