{"id":51392,"date":"2025-11-04T09:23:58","date_gmt":"2025-11-04T12:23:58","guid":{"rendered":"https:\/\/atecordoba.org\/?p=51392"},"modified":"2025-11-04T09:23:58","modified_gmt":"2025-11-04T12:23:58","slug":"julia-giuliani-nosotras-humanizamos-la-politica","status":"publish","type":"post","link":"https:\/\/atecordoba.org\/?p=51392","title":{"rendered":"Julia Giuliani: \u201cNosotras humanizamos la pol\u00edtica\u201d"},"content":{"rendered":"<p><img loading=\"lazy\" decoding=\"async\" class=\"aligncenter wp-image-51393 \" src=\"https:\/\/atecordoba.org\/wp-content\/uploads\/2025\/11\/572824166_18428453611096068_880611004320382184_n-1024x683.jpg\" alt=\"\" width=\"624\" height=\"416\" srcset=\"https:\/\/atecordoba.org\/wp-content\/uploads\/2025\/11\/572824166_18428453611096068_880611004320382184_n-1024x683.jpg 1024w, https:\/\/atecordoba.org\/wp-content\/uploads\/2025\/11\/572824166_18428453611096068_880611004320382184_n-300x200.jpg 300w, https:\/\/atecordoba.org\/wp-content\/uploads\/2025\/11\/572824166_18428453611096068_880611004320382184_n-768x512.jpg 768w, https:\/\/atecordoba.org\/wp-content\/uploads\/2025\/11\/572824166_18428453611096068_880611004320382184_n-750x500.jpg 750w, https:\/\/atecordoba.org\/wp-content\/uploads\/2025\/11\/572824166_18428453611096068_880611004320382184_n-1140x760.jpg 1140w, https:\/\/atecordoba.org\/wp-content\/uploads\/2025\/11\/572824166_18428453611096068_880611004320382184_n.jpg 1440w\" sizes=\"auto, (max-width: 624px) 100vw, 624px\" \/>La Secretaria de Prensa del Consejo Directivo Provincial (CDP) de ATE C\u00f3rdoba, Vocal del Consejo Directivo Nacional (CDN) y Secretaria de Relaciones Institucionales de la CTA Aut\u00f3noma provincial, Julia Giuliani, particip\u00f3 el 31 de octubre, en la localidad de Victoria, provincia de Entre R\u00edos, de un Conversatorio denominado \u201cMujeres protagonistas: Sindicato, pol\u00edtica y comunidad\u201d.<\/p>\n<p>\u201cNosotras humanizamos la pol\u00edtica. Me quedo con esa frase de este Primer Encuentro de Mujeres Protagonistas, organizado por ATE Victoria. Nos abrazamos, debatimos, entrelazamos experiencias y luchas\u201d, se\u00f1al\u00f3 al cabo de la jornada.<img loading=\"lazy\" decoding=\"async\" class=\"alignleft wp-image-51394 size-full\" src=\"https:\/\/atecordoba.org\/wp-content\/uploads\/2025\/11\/03-1-300x225-1.jpg\" alt=\"\" width=\"300\" height=\"225\" \/><\/p>\n<p>\u201cRecuperamos luchas y conquistas hist\u00f3ricas, colectivas. En los pagos de mi vieja, de mi abuela y de todo mi linaje materno, nos recibieron con tanta hospitalidad y solidaridad. Que necesario era este respiro. Es con nosotras. Sin especular. Gracias compa\u00f1eras\u201d, redonde\u00f3.<\/p>\n<p>Adem\u00e1s de Giuliani, conformaron el panel de expositoras: Mariela Minaglia, concejala, Secretaria General de UOCRA; Stella Cistola, Psic\u00f3loga Social e Irina Mu\u00f1oz, Secretaria Adjunta de la CTA Aut\u00f3noma Entre R\u00edos, estudiante de Profesorado de Ciencias Sociales de la UADER, T\u00e9cnica Universitaria en Gesti\u00f3n Cultural, Secretaria General del Sindicato de Empleadas en Casas de Familias de Entre R\u00edos (SEFER).<\/p>\n<p>Tambi\u00e9n estuvieron D\u00e9bora Ciarlo, responsable de ATE en la Comisi\u00f3n de Igualdad de Oportunidades y Trato del Ministerio de Salud (MDS), Jurado de Concurso MDS, representante de Comisi\u00f3n Ley 10939, 8899, y 26.657; y Gisela Torres, Secretaria de G\u00e9nero y Diversidad de ATE Entre R\u00edos.<\/p>\n<p>Intervinieron en el Encuentro de Victoria, Silvia Alcoba, Secretaria Adjunta de la CTA-A C\u00f3rdoba y referente de la Federaci\u00f3n Nacional Territorial (FeNaT-CTAA), e Ivana Guevara, del Consejo Directivo Provincial de ATE.<\/p>\n<div id='gallery_1' class='gallery galleryid-51392 gallery-columns-3 gallery-size-thumbnail'><figure class='gallery-item'>\n                <div class='gallery-icon landscape'>\n                    <a href='https:\/\/atecordoba.org\/wp-content\/uploads\/2025\/11\/05-300x225-1.jpg'><img loading=\"lazy\" decoding=\"async\" width=\"150\" height=\"150\" src=\"\" class=\"attachment-thumbnail size-thumbnail lazyload\" alt=\"\" data-src=\"https:\/\/atecordoba.org\/wp-content\/uploads\/2025\/11\/05-300x225-1-150x150.jpg\" data-sizes=\"auto\" data-srcset=\"https:\/\/atecordoba.org\/wp-content\/uploads\/2025\/11\/05-300x225-1-150x150.jpg 150w, https:\/\/atecordoba.org\/wp-content\/uploads\/2025\/11\/05-300x225-1-75x75.jpg 75w\" data-expand=\"700\" \/><\/a>\n                <\/div><\/figure><figure class='gallery-item'>\n                <div class='gallery-icon landscape'>\n                    <a href='https:\/\/atecordoba.org\/wp-content\/uploads\/2025\/11\/02-300x200-1.jpg'><img loading=\"lazy\" decoding=\"async\" width=\"150\" height=\"150\" src=\"\" class=\"attachment-thumbnail size-thumbnail lazyload\" alt=\"\" data-src=\"https:\/\/atecordoba.org\/wp-content\/uploads\/2025\/11\/02-300x200-1-150x150.jpg\" data-sizes=\"auto\" data-srcset=\"https:\/\/atecordoba.org\/wp-content\/uploads\/2025\/11\/02-300x200-1-150x150.jpg 150w, https:\/\/atecordoba.org\/wp-content\/uploads\/2025\/11\/02-300x200-1-75x75.jpg 75w\" data-expand=\"700\" \/><\/a>\n                <\/div><\/figure><figure class='gallery-item'>\n                <div class='gallery-icon landscape'>\n                    <a href='https:\/\/atecordoba.org\/wp-content\/uploads\/2025\/11\/06-300x200-1.jpg'><img loading=\"lazy\" decoding=\"async\" width=\"150\" height=\"150\" src=\"\" class=\"attachment-thumbnail size-thumbnail lazyload\" alt=\"\" data-src=\"https:\/\/atecordoba.org\/wp-content\/uploads\/2025\/11\/06-300x200-1-150x150.jpg\" data-sizes=\"auto\" data-srcset=\"https:\/\/atecordoba.org\/wp-content\/uploads\/2025\/11\/06-300x200-1-150x150.jpg 150w, https:\/\/atecordoba.org\/wp-content\/uploads\/2025\/11\/06-300x200-1-75x75.jpg 75w\" data-expand=\"700\" \/><\/a>\n                <\/div><\/figure><br style=\"clear: both\" \/>\n            <\/div>\n\n<p>&nbsp;<\/p>\n","protected":false},"excerpt":{"rendered":"<p>La Secretaria de Prensa del Consejo Directivo Provincial (CDP) de ATE C\u00f3rdoba, Vocal del Consejo Directivo Nacional (CDN) y Secretaria de Relaciones Institucionales de la CTA Aut\u00f3noma provincial, Julia Giuliani, particip\u00f3 el 31 de octubre, en la localidad de Victoria, provincia de Entre R\u00edos, de un Conversatorio denominado \u201cMujeres protagonistas: Sindicato, pol\u00edtica y comunidad\u201d. \u201cNosotras [&hellip;]<\/p>\n","protected":false},"author":7,"featured_media":51393,"comment_status":"open","ping_status":"open","sticky":false,"template":"","format":"standard","meta":{"_exactmetrics_skip_tracking":false,"_exactmetrics_sitenote_active":false,"_exactmetrics_sitenote_note":"","_exactmetrics_sitenote_category":0,"jnews-multi-image_gallery":[],"jnews_single_post":[],"jnews_primary_category":[],"jnews_social_meta":[],"jnews_review":[],"enable_review":"","type":"","name":"","summary":"","brand":"","sku":"","good":[],"bad":[],"score_override":"","override_value":"","rating":[],"price":[],"jnews_override_counter":[],"jnews_post_split":[],"footnotes":""},"categories":[325],"tags":[],"class_list":["post-51392","post","type-post","status-publish","format-standard","has-post-thumbnail","hentry","category-generos-y-diversidades"],"jetpack_featured_media_url":"https:\/\/atecordoba.org\/wp-content\/uploads\/2025\/11\/572824166_18428453611096068_880611004320382184_n.jpg","_links":{"self":[{"href":"https:\/\/atecordoba.org\/index.php?rest_route=\/wp\/v2\/posts\/51392","targetHints":{"allow":["GET"]}}],"collection":[{"href":"https:\/\/atecordoba.org\/index.php?rest_route=\/wp\/v2\/posts"}],"about":[{"href":"https:\/\/atecordoba.org\/index.php?rest_route=\/wp\/v2\/types\/post"}],"author":[{"embeddable":true,"href":"https:\/\/atecordoba.org\/index.php?rest_route=\/wp\/v2\/users\/7"}],"replies":[{"embeddable":true,"href":"https:\/\/atecordoba.org\/index.php?rest_route=%2Fwp%2Fv2%2Fcomments&post=51392"}],"version-history":[{"count":1,"href":"https:\/\/atecordoba.org\/index.php?rest_route=\/wp\/v2\/posts\/51392\/revisions"}],"predecessor-version":[{"id":51398,"href":"https:\/\/atecordoba.org\/index.php?rest_route=\/wp\/v2\/posts\/51392\/revisions\/51398"}],"wp:featuredmedia":[{"embeddable":true,"href":"https:\/\/atecordoba.org\/index.php?rest_route=\/wp\/v2\/media\/51393"}],"wp:attachment":[{"href":"https:\/\/atecordoba.org\/index.php?rest_route=%2Fwp%2Fv2%2Fmedia&parent=51392"}],"wp:term":[{"taxonomy":"category","embeddable":true,"href":"https:\/\/atecordoba.org\/index.php?rest_route=%2Fwp%2Fv2%2Fcategories&post=51392"},{"taxonomy":"post_tag","embeddable":true,"href":"https:\/\/atecordoba.org\/index.php?rest_route=%2Fwp%2Fv2%2Ftags&post=51392"}],"curies":[{"name":"wp","href":"https:\/\/api.w.org\/{rel}","templated":true}]}}