{"id":5138,"date":"2015-04-28T19:49:19","date_gmt":"2015-04-28T22:49:19","guid":{"rendered":"http:\/\/www.atecordoba.org\/?p=5138"},"modified":"2015-04-28T19:49:19","modified_gmt":"2015-04-28T22:49:19","slug":"trabajadores-de-ffmm-realizaron-un-cto-en-villa-maria-por-el-dia-mundial-de-la-seguridad-y-la-salud-en-el-trabajo","status":"publish","type":"post","link":"https:\/\/atecordoba.org\/?p=5138","title":{"rendered":"Acto en Fabricaciones Militares Villa Mar\u00eda por la seguridad en el trabajo"},"content":{"rendered":"<p><em>En la oportunidad se descubri\u00f3 un memorial en homenaje a los trabajadores fallecidos en un accidente en 1943. Adem\u00e1s, durante el emotivo acto, se coloc\u00f3 una piedra fundamental con un mensaje de los compa\u00f1eros de la f\u00e1brica para los trabajadores que lo abran dentro de 50 a\u00f1os.<\/em><\/p>\n<p><a href=\"http:\/\/www.atecordoba.org\/wp-content\/uploads\/2015\/04\/Monumento-2-e1430261219407.jpg\"><img loading=\"lazy\" decoding=\"async\" class=\"aligncenter size-full wp-image-5139\" src=\"http:\/\/www.atecordoba.org\/wp-content\/uploads\/2015\/04\/Monumento-2-e1430261219407.jpg\" alt=\"Monumento 2\" width=\"550\" height=\"309\" \/><\/a><\/p>\n<p>El acto se llev\u00f3 a cabo en el predio del polvorin de Fabricaciones Militares, por iniciativa de los compa\u00f1eros de la seccional Villa Mar\u00eda de ATE. En la oportunidad, estuvieron presentes el secretario General, Walter Secondino, el secretario Adjunto del CDP, Oscar Mengarelli, y el secretario General de la CTA Villa Mar\u00eda, Jos\u00e9 Gorozo, entre otros dirigentes.<\/p>\n<p>No fue casual la fecha elegida, hoy se conmemora el D\u00eda Mundial de la Seguridad y la Salud en el Trabajo en homenaje a los miles de trabajadores que diariamente arriesgan su salud y que sufren accidentes de diversa \u00edndole. Tal como explic\u00f3 el diputado V\u00edctor De Gennaro, al momento de presentar en el congreso el\u00a0proyecto de ley sobre \u201cPrevenci\u00f3n de Riesgos y Reparaci\u00f3n de da\u00f1os Laborales\u201d, 7000 trabajadores mueren todos los a\u00f1os por accidentes de trabajo y las enfermedades derivadas de las condiciones de trabajo.<\/p>\n<p><a href=\"http:\/\/www.atecordoba.org\/wp-content\/uploads\/2015\/04\/Monumento-5-e1430261259205.jpg\"><img loading=\"lazy\" decoding=\"async\" class=\"aligncenter size-full wp-image-5140\" src=\"http:\/\/www.atecordoba.org\/wp-content\/uploads\/2015\/04\/Monumento-5-e1430261259205.jpg\" alt=\"Monumento 5\" width=\"550\" height=\"309\" \/><\/a><\/p>\n<p>El memorial se construy\u00f3 en le marco de la Comisi\u00f3n Participativa Local, que integra ATE y la patronal, para &#8220;honrar a las trabajadoras y trabajadores que durante su vida entregaron su esfuerzo cotidiano para el crecimiento de la F\u00e1brica de P\u00f3lvora y Explosivos Villa Mar\u00eda&#8221;. En su muro quedaron inscritos los nombres de todos los trabajadores que perdieron la vida en la f\u00e1brica. Adem\u00e1s, se tramitar\u00e1 con el Gobierno de Chaco la obtenci\u00f3n de 25 reto\u00f1os de quebracho colorado que simbolizar\u00e1n a cada uno de los compa\u00f1eros fallecidos en la planta.<\/p>\n<p><a href=\"http:\/\/www.atecordoba.org\/wp-content\/uploads\/2015\/04\/memorial-2-e1430261305775.jpg\"><img loading=\"lazy\" decoding=\"async\" class=\"aligncenter size-full wp-image-5141\" src=\"http:\/\/www.atecordoba.org\/wp-content\/uploads\/2015\/04\/memorial-2-e1430261305775.jpg\" alt=\"memorial 2\" width=\"550\" height=\"309\" \/><\/a><\/p>\n<p>Durante el acto se coloc\u00f3 una piedra basal que lleva en su interior un termo de aluminio que contiene el plano,\u00a0los fundamentos de su creaci\u00f3n y las firmas de los trabajadores. Este termo adem\u00e1s lleva un mensaje a quienes dentro de 50 a\u00f1os deber\u00e1n abrirlo para conocer el trabajo desarrollado.<\/p>\n","protected":false},"excerpt":{"rendered":"<p>En la oportunidad se descubri\u00f3 un memorial en homenaje a los trabajadores fallecidos en un accidente en 1943. Adem\u00e1s, durante el emotivo acto, se coloc\u00f3 una piedra fundamental con un mensaje de los compa\u00f1eros de la f\u00e1brica para los trabajadores que lo abran dentro de 50 a\u00f1os. El acto se llev\u00f3 a cabo en el [&hellip;]<\/p>\n","protected":false},"author":1,"featured_media":19220,"comment_status":"open","ping_status":"open","sticky":false,"template":"","format":"standard","meta":{"_exactmetrics_skip_tracking":false,"_exactmetrics_sitenote_active":false,"_exactmetrics_sitenote_note":"","_exactmetrics_sitenote_category":0,"jnews-multi-image_gallery":[],"jnews_single_post":[],"jnews_primary_category":[],"jnews_social_meta":[],"jnews_review":[],"enable_review":"","type":"","name":"","summary":"","brand":"","sku":"","good":[],"bad":[],"score_override":"","override_value":"","rating":[],"price":[],"jnews_override_counter":[],"jnews_post_split":[],"footnotes":""},"categories":[17,18,34,14],"tags":[],"class_list":["post-5138","post","type-post","status-publish","format-standard","has-post-thumbnail","hentry","category-fabricaciones-militares","category-nacionales","category-seccionales","category-villa-maria"],"jetpack_featured_media_url":"https:\/\/atecordoba.org\/wp-content\/uploads\/2020\/05\/logo-nuevochico-e1561581322808.png","_links":{"self":[{"href":"https:\/\/atecordoba.org\/index.php?rest_route=\/wp\/v2\/posts\/5138","targetHints":{"allow":["GET"]}}],"collection":[{"href":"https:\/\/atecordoba.org\/index.php?rest_route=\/wp\/v2\/posts"}],"about":[{"href":"https:\/\/atecordoba.org\/index.php?rest_route=\/wp\/v2\/types\/post"}],"author":[{"embeddable":true,"href":"https:\/\/atecordoba.org\/index.php?rest_route=\/wp\/v2\/users\/1"}],"replies":[{"embeddable":true,"href":"https:\/\/atecordoba.org\/index.php?rest_route=%2Fwp%2Fv2%2Fcomments&post=5138"}],"version-history":[{"count":0,"href":"https:\/\/atecordoba.org\/index.php?rest_route=\/wp\/v2\/posts\/5138\/revisions"}],"wp:featuredmedia":[{"embeddable":true,"href":"https:\/\/atecordoba.org\/index.php?rest_route=\/wp\/v2\/media\/19220"}],"wp:attachment":[{"href":"https:\/\/atecordoba.org\/index.php?rest_route=%2Fwp%2Fv2%2Fmedia&parent=5138"}],"wp:term":[{"taxonomy":"category","embeddable":true,"href":"https:\/\/atecordoba.org\/index.php?rest_route=%2Fwp%2Fv2%2Fcategories&post=5138"},{"taxonomy":"post_tag","embeddable":true,"href":"https:\/\/atecordoba.org\/index.php?rest_route=%2Fwp%2Fv2%2Ftags&post=5138"}],"curies":[{"name":"wp","href":"https:\/\/api.w.org\/{rel}","templated":true}]}}