{"id":51379,"date":"2025-11-03T11:25:15","date_gmt":"2025-11-03T14:25:15","guid":{"rendered":"https:\/\/atecordoba.org\/?p=51379"},"modified":"2025-11-03T11:25:15","modified_gmt":"2025-11-03T14:25:15","slug":"salsipuedes-trabajo-dictamina-un-aumento-que-supera-lo-otorgado-por-la-municipalidad-y-ordena-revisar-a-la-alta-las-bonificaciones","status":"publish","type":"post","link":"https:\/\/atecordoba.org\/?p=51379","title":{"rendered":"Salsipuedes: Trabajo dictamina un aumento que supera lo otorgado por la Municipalidad y ordena revisar a la alta las bonificaciones"},"content":{"rendered":"<p class=\"selectable-text\"><span class=\"selectable-text1\"><img loading=\"lazy\" decoding=\"async\" class=\"aligncenter wp-image-51380 \" src=\"https:\/\/atecordoba.org\/wp-content\/uploads\/2025\/11\/salsipuedes-trabajo.jpeg\" alt=\"\" width=\"623\" height=\"468\" srcset=\"https:\/\/atecordoba.org\/wp-content\/uploads\/2025\/11\/salsipuedes-trabajo.jpeg 750w, https:\/\/atecordoba.org\/wp-content\/uploads\/2025\/11\/salsipuedes-trabajo-300x225.jpeg 300w\" sizes=\"auto, (max-width: 623px) 100vw, 623px\" \/>La Secretar\u00eda de Trabajo de la Provincia dictamin\u00f3 el jueves pasado que la Municipalidad de Salsipuedes debe otorgar un 7.3% de aumento salarial para el trimestre julio-septiembre, imponiendo as\u00ed una recomposici\u00f3n por arriba del 5.4% que hab\u00eda decretado el Departamento el 29 de septiembre pasado, a cuenta de futuros aumentos.<\/span><\/p>\n<p class=\"selectable-text\"><span><span class=\"selectable-text1\">Adem\u00e1s, solicit\u00f3 a la Municipalidad que formule \u201cuna propuesta superadora de los componentes fijos que integran el salario definidos como: 1) Suma Fija y b) Refrigerio con el fin de mejorar en contextos recesivos el nivel de ingresos conformados, tanto por los salarios de ley como de los componentes adicionales\u201d.<\/span><\/span><\/p>\n<p class=\"selectable-text\"><span><span class=\"selectable-text1\">De esta forma, el organismo debe modificar esa manera de \u201cconstruir el salario\u201d, ya que las divisiones de remunerativos y no remunerativos son ilegales e inconstitucionales, y debe dejar de llevarlas adelante, explic\u00f3 el abogado de ATE Eugenio Biafore.<\/span><\/span><\/p>\n<p class=\"selectable-text\"><span><span class=\"selectable-text1\">Se trata de un importante logro de ATE y la entidad sindical local que participaron de la paritaria en la Secretar\u00eda de Trabajo, a donde la Municipalidad hab\u00eda acudido al pedir al Gobierno de C\u00f3rdoba la conciliaci\u00f3n obligatoria, tras un largo conflicto por aumento de haberes que el Ejecutivo se negada a otorgar. <\/span><\/span><\/p>\n<p><img loading=\"lazy\" decoding=\"async\" class=\"aligncenter wp-image-51381 \" src=\"https:\/\/atecordoba.org\/wp-content\/uploads\/2025\/11\/salsipuedes-asamblea-1024x768.jpeg\" alt=\"\" width=\"614\" height=\"461\" srcset=\"https:\/\/atecordoba.org\/wp-content\/uploads\/2025\/11\/salsipuedes-asamblea-1024x768.jpeg 1024w, https:\/\/atecordoba.org\/wp-content\/uploads\/2025\/11\/salsipuedes-asamblea-300x225.jpeg 300w, https:\/\/atecordoba.org\/wp-content\/uploads\/2025\/11\/salsipuedes-asamblea-768x576.jpeg 768w, https:\/\/atecordoba.org\/wp-content\/uploads\/2025\/11\/salsipuedes-asamblea-1536x1152.jpeg 1536w, https:\/\/atecordoba.org\/wp-content\/uploads\/2025\/11\/salsipuedes-asamblea-750x563.jpeg 750w, https:\/\/atecordoba.org\/wp-content\/uploads\/2025\/11\/salsipuedes-asamblea-1140x855.jpeg 1140w, https:\/\/atecordoba.org\/wp-content\/uploads\/2025\/11\/salsipuedes-asamblea.jpeg 1600w\" sizes=\"auto, (max-width: 614px) 100vw, 614px\" \/><\/p>\n<p class=\"selectable-text\"><span><span class=\"selectable-text1\">Cabe mencionar que el organismo regulador de las relaciones laborales en la provincia tom\u00f3 como par\u00e1metro del costo de vida la inflaci\u00f3n medida por el \u00cdndice de Precios al Consumidor (IPC) de INDEC, que hab\u00eda establecido 1.9% de inflaci\u00f3n para julio, 1.9 para agosto y 2.1% para septiembre, alcanzando un total del 5.9%. <\/span><\/span><\/p>\n<p class=\"selectable-text\"><span><span class=\"selectable-text1\">En consecuencia, la Secretar\u00eda de Trabajo fij\u00f3 que el aumento est\u00e9 por encima de la inflaci\u00f3n oficial y orden\u00f3 otorgar a las y los municipales de Salsipuedes una recomposici\u00f3n real de los salarios, lo que constituye un importante antecedente y un logro para nuestra organizaci\u00f3n sindical. Aunque eximio, el aumento dijo un criterio en beneficio del personal que la Municipalidad no contemplaba en los incrementos realizados. <\/span><\/span><\/p>\n<p class=\"selectable-text\"><span><span class=\"selectable-text1\">En esa sentido, hay que destacar que fue la propia Municipalidad que acudi\u00f3 a la Secretaria de Trabajo cuando no logr\u00f3 incidir en las y los trabajadores para que depongan sus reclamos, a pesar de las persecuciones y amenazas constante que impuso en los sectores de trabajo.<\/span><\/span><\/p>\n<p class=\"selectable-text\"><span><span class=\"selectable-text1\">No obstante, el aumento no alcanza a cubrir las expectativas de ATE por lo que seguir\u00e1 reclamando mejoras sustanciales de los haberes hasta que los ingresos loguen cubrir la canasta familiar. <\/span><\/span><\/p>\n<p class=\"selectable-text\"><span><span class=\"selectable-text1\">De esta manera, ATE contin\u00faa defendiendo los derechos de las y los municipales.<\/span><\/span><\/p>\n","protected":false},"excerpt":{"rendered":"<p>La Secretar\u00eda de Trabajo de la Provincia dictamin\u00f3 el jueves pasado que la Municipalidad de Salsipuedes debe otorgar un 7.3% de aumento salarial para el trimestre julio-septiembre, imponiendo as\u00ed una recomposici\u00f3n por arriba del 5.4% que hab\u00eda decretado el Departamento el 29 de septiembre pasado, a cuenta de futuros aumentos. Adem\u00e1s, solicit\u00f3 a la Municipalidad [&hellip;]<\/p>\n","protected":false},"author":7,"featured_media":51381,"comment_status":"open","ping_status":"open","sticky":false,"template":"","format":"standard","meta":{"_exactmetrics_skip_tracking":false,"_exactmetrics_sitenote_active":false,"_exactmetrics_sitenote_note":"","_exactmetrics_sitenote_category":0,"jnews-multi-image_gallery":[],"jnews_single_post":[],"jnews_primary_category":[],"jnews_social_meta":[],"jnews_review":[],"enable_review":"","type":"","name":"","summary":"","brand":"","sku":"","good":[],"bad":[],"score_override":"","override_value":"","rating":[],"price":[],"jnews_override_counter":[],"jnews_post_split":[],"footnotes":""},"categories":[20],"tags":[],"class_list":["post-51379","post","type-post","status-publish","format-standard","has-post-thumbnail","hentry","category-municipales"],"jetpack_featured_media_url":"https:\/\/atecordoba.org\/wp-content\/uploads\/2025\/11\/salsipuedes-asamblea.jpeg","_links":{"self":[{"href":"https:\/\/atecordoba.org\/index.php?rest_route=\/wp\/v2\/posts\/51379","targetHints":{"allow":["GET"]}}],"collection":[{"href":"https:\/\/atecordoba.org\/index.php?rest_route=\/wp\/v2\/posts"}],"about":[{"href":"https:\/\/atecordoba.org\/index.php?rest_route=\/wp\/v2\/types\/post"}],"author":[{"embeddable":true,"href":"https:\/\/atecordoba.org\/index.php?rest_route=\/wp\/v2\/users\/7"}],"replies":[{"embeddable":true,"href":"https:\/\/atecordoba.org\/index.php?rest_route=%2Fwp%2Fv2%2Fcomments&post=51379"}],"version-history":[{"count":1,"href":"https:\/\/atecordoba.org\/index.php?rest_route=\/wp\/v2\/posts\/51379\/revisions"}],"predecessor-version":[{"id":51382,"href":"https:\/\/atecordoba.org\/index.php?rest_route=\/wp\/v2\/posts\/51379\/revisions\/51382"}],"wp:featuredmedia":[{"embeddable":true,"href":"https:\/\/atecordoba.org\/index.php?rest_route=\/wp\/v2\/media\/51381"}],"wp:attachment":[{"href":"https:\/\/atecordoba.org\/index.php?rest_route=%2Fwp%2Fv2%2Fmedia&parent=51379"}],"wp:term":[{"taxonomy":"category","embeddable":true,"href":"https:\/\/atecordoba.org\/index.php?rest_route=%2Fwp%2Fv2%2Fcategories&post=51379"},{"taxonomy":"post_tag","embeddable":true,"href":"https:\/\/atecordoba.org\/index.php?rest_route=%2Fwp%2Fv2%2Ftags&post=51379"}],"curies":[{"name":"wp","href":"https:\/\/api.w.org\/{rel}","templated":true}]}}