{"id":51373,"date":"2025-11-03T09:16:50","date_gmt":"2025-11-03T12:16:50","guid":{"rendered":"https:\/\/atecordoba.org\/?p=51373"},"modified":"2025-11-03T09:16:50","modified_gmt":"2025-11-03T12:16:50","slug":"a-30-anos-del-atentado-a-la-fabrica-militar-rio-tercero","status":"publish","type":"post","link":"https:\/\/atecordoba.org\/?p=51373","title":{"rendered":"A 30 a\u00f1os del atentado a la F\u00e1brica Militar R\u00edo Tercero"},"content":{"rendered":"<p><img loading=\"lazy\" decoding=\"async\" class=\"aligncenter wp-image-51374 \" src=\"https:\/\/atecordoba.org\/wp-content\/uploads\/2025\/11\/riotercero-4-1024x589.jpg\" alt=\"\" width=\"607\" height=\"349\" srcset=\"https:\/\/atecordoba.org\/wp-content\/uploads\/2025\/11\/riotercero-4-1024x589.jpg 1024w, https:\/\/atecordoba.org\/wp-content\/uploads\/2025\/11\/riotercero-4-300x173.jpg 300w, https:\/\/atecordoba.org\/wp-content\/uploads\/2025\/11\/riotercero-4-768x442.jpg 768w, https:\/\/atecordoba.org\/wp-content\/uploads\/2025\/11\/riotercero-4-750x431.jpg 750w, https:\/\/atecordoba.org\/wp-content\/uploads\/2025\/11\/riotercero-4-1140x656.jpg 1140w, https:\/\/atecordoba.org\/wp-content\/uploads\/2025\/11\/riotercero-4.jpg 1200w\" sizes=\"auto, (max-width: 607px) 100vw, 607px\" \/>A las 8.55 del 3 de noviembre de 1995, la ciudad de R\u00edo Tercero se convirti\u00f3 en un escenario b\u00e9lico. En ese momento, en la F\u00e1brica Militar R\u00edo Tercero se iniciaron una serie de explosiones que se prolongaron a lo largo de todo el d\u00eda. A ra\u00edz de estos hechos se produjeron siete muertes y m\u00e1s de trescientas personas resultaron heridas. Algo curioso: todos los damnificados eran ajenos a la planta industrial, en la que hubo s\u00f3lo un herido de consideraci\u00f3n entre las 400 personas que se encontraban en ella.<\/p>\n<p>\u201cVolaron cosas, bajamos escaleras. Seguimos a la multitud. Lloramos, vimos llorar. Vimos el hongo en el cielo. Vimos el cielo amarillo marr\u00f3n. Vimos las calles llenas de cosas y las casas abiertas como domingo de sol. Pero no era domingo. Era viernes. Recordamos todos los detalles. Nuestra generaci\u00f3n recuerda todos los detalles\u201d, escriben Katrina Salguero Myers, D\u00e9bora Cerutti y Mart\u00edn Villarroel Bogna, en ese momento ni\u00f1as y vecinas de la ciudad, autoras del proyecto multimedia \u201cOnda expansiva\u201d.<\/p>\n<p>Las explosiones de, al menos, 25 mil proyectiles causaron una incontable cantidad de da\u00f1os, centenares de casas fueron derrumbadas, esquirlas y bombas quedaron desparramadas por toda la ciudad. La onda expansiva, que alcanz\u00f3 una distancia de 50 kil\u00f3metros a la redonda, arras\u00f3 con las 30 manzanas circundantes a los polvorines. En esas horas, 15 mil personas se autoevacuaron de la ciudad.<img loading=\"lazy\" decoding=\"async\" class=\"aligncenter wp-image-51375 \" src=\"https:\/\/atecordoba.org\/wp-content\/uploads\/2025\/11\/atentado-rio-tercero-1024x563.png\" alt=\"\" width=\"608\" height=\"334\" srcset=\"https:\/\/atecordoba.org\/wp-content\/uploads\/2025\/11\/atentado-rio-tercero-1024x563.png 1024w, https:\/\/atecordoba.org\/wp-content\/uploads\/2025\/11\/atentado-rio-tercero-300x165.png 300w, https:\/\/atecordoba.org\/wp-content\/uploads\/2025\/11\/atentado-rio-tercero-768x422.png 768w, https:\/\/atecordoba.org\/wp-content\/uploads\/2025\/11\/atentado-rio-tercero-750x413.png 750w, https:\/\/atecordoba.org\/wp-content\/uploads\/2025\/11\/atentado-rio-tercero-1140x627.png 1140w, https:\/\/atecordoba.org\/wp-content\/uploads\/2025\/11\/atentado-rio-tercero.png 1200w\" sizes=\"auto, (max-width: 608px) 100vw, 608px\" \/><\/p>\n<p>El 24 de noviembre, apenas 21 d\u00edas despu\u00e9s, volvieron a explotar bombas en R\u00edo Tercero. Las explicaciones oficiales atribuyeron el hecho a la negligencia de Gendarmer\u00eda Nacional, encargada de detonar los proyectiles todav\u00eda existentes. El p\u00e1nico duplicado, se multiplic\u00f3 exponencialmente.<\/p>\n<p>\u201cDe la segunda explosi\u00f3n nadie habla. Fue la m\u00e1s grave para los pobladores porque se les hab\u00eda dicho que no iba a pasar nunca m\u00e1s, que estaba todo bajo control, todo tranquilo. Es la que motiv\u00f3 esta acci\u00f3n judicial por da\u00f1os morales y ps\u00edquicos que nunca fueron tenidos en cuenta\u201d, cuenta en di\u00e1logo con Canal Abierto Mario Ponce, abogado patrocinante de una causa colectiva de cerca de 10 mil damnificados que reclaman ser indemnizados por los da\u00f1os referidos.<\/p>\n<p><strong>Del \u201caccidente\u201d al atentado<\/strong><\/p>\n<p>Lo que primero se supuso accidente, no tard\u00f3 mucho en saberse que fue un atentado provocado por la c\u00fapula del organismo militar que decidi\u00f3 hacer estallar las bombas que se encontraban en la f\u00e1brica para ocultar el contrabando de armas a Ecuador y Croacia realizado entre 1991 y 1995, cuando la Justicia se aprestaba a realizar inspecciones en la f\u00e1brica.<img loading=\"lazy\" decoding=\"async\" class=\"alignright wp-image-51376 \" src=\"https:\/\/atecordoba.org\/wp-content\/uploads\/2025\/11\/rio-tercerojpg-300x188-1-300x180.jpg\" alt=\"\" width=\"397\" height=\"238\" \/><\/p>\n<p>En 2014, 19 a\u00f1os m\u00e1s tarde, el Tribunal Oral Federal de C\u00f3rdoba N\u00ba 2 dict\u00f3 sentencia sobre el caso condenando a cuatro altos funcionarios de la empresa estatal Fabricaciones Militares a penas de trece y diez a\u00f1os de prisi\u00f3n, por el delito de estrago doloso (intencional) agravado por la muerte de personas.\u200b Los jueces concluyeron por unanimidad que el m\u00f3vil de la explosi\u00f3n fue ocultar el faltante de armas vendidas ilegalmente a dos pa\u00edses en conflicto b\u00e9lico, con el agravante de que en el sostenido entre Per\u00fa y Ecuador, Argentina era garante de la paz. El entonces Presidente Carlos Sa\u00fal Menem y el Jefe del Ej\u00e9rcito Mart\u00edn Balza fueron desvinculados por falta de m\u00e9rito.<\/p>\n<p>La operaci\u00f3n criminal implic\u00f3 que el Ej\u00e9rcito vaciara los arsenales de sus cuarteles, trasladara las armas a la f\u00e1brica de R\u00edo Tercero para acondicionarlas borr\u00e1ndoles los n\u00fameros de serie y las identificaciones nacionales; y por \u00faltimo embarcarse a sus respectivos destinos. Para borrar las pruebas, la inteligencia militar decidi\u00f3 hacer volar una ciudad, la quinta en cantidad de habitantes de la provincia.<\/p>\n<p>Tras muchos vericuetos judiciales e intentos de cerrar la causa, en octubre de 2020 se confirm\u00f3 que Menem ir\u00eda a juicio en C\u00f3rdoba, en febrero de 2021, acusado de estrago doloso agravado. El 14 de enero de ese a\u00f1o, el riojano burl\u00f3 a la justicia y se muri\u00f3 a los 90 a\u00f1os.<\/p>\n<p><strong>Reparaci\u00f3n<\/strong><\/p>\n<p>El sentimiento de impunidad que rein\u00f3 en estos a\u00f1os, tuvo un indicio de reparaci\u00f3n en lo sucedido en la noche del\u00a0 19 de septiembre de 2023 en la C\u00e1mara de Diputados de la Naci\u00f3n. All\u00ed, por amplia mayor\u00eda se dio media sanci\u00f3n a la ley que la crea la Universidad Nacional de R\u00edo Tercero.<img loading=\"lazy\" decoding=\"async\" class=\"aligncenter wp-image-51377 \" src=\"https:\/\/atecordoba.org\/wp-content\/uploads\/2025\/11\/riotercero-3-1024x589.jpg\" alt=\"\" width=\"607\" height=\"349\" srcset=\"https:\/\/atecordoba.org\/wp-content\/uploads\/2025\/11\/riotercero-3-1024x589.jpg 1024w, https:\/\/atecordoba.org\/wp-content\/uploads\/2025\/11\/riotercero-3-300x173.jpg 300w, https:\/\/atecordoba.org\/wp-content\/uploads\/2025\/11\/riotercero-3-768x442.jpg 768w, https:\/\/atecordoba.org\/wp-content\/uploads\/2025\/11\/riotercero-3-750x431.jpg 750w, https:\/\/atecordoba.org\/wp-content\/uploads\/2025\/11\/riotercero-3-1140x656.jpg 1140w, https:\/\/atecordoba.org\/wp-content\/uploads\/2025\/11\/riotercero-3.jpg 1200w\" sizes=\"auto, (max-width: 607px) 100vw, 607px\" \/><\/p>\n<p>En 2020, al cumplirse 25 a\u00f1os de las explosiones, la diputada radical Gabriela Brouwer de Koning, oriunda de la ciudad, ingres\u00f3 en la C\u00e1mara de Diputados el primer proyecto de ley para la creaci\u00f3n de la universidad, al que se sum\u00f3 una iniciativa similar de la diputada del Frente de Todos, Gabriela Est\u00e9vez, con el acompa\u00f1amiento de sus pares Pablo Carro y Eduardo Fern\u00e1ndez. En ambos casos se hizo eje en la \u201creparaci\u00f3n hist\u00f3rica\u201d a los da\u00f1os sufridos por la ciudad a manos de funcionarios del estado nacional.<\/p>\n<p>Las indemnizaciones por las explosiones de R\u00edo Tercero se est\u00e1n pagando mediante bonos del Estado, siguiendo la Ley 27.179 sancionada en 2015, seg\u00fan se confirma en publicaciones de abril de 2025. El pago, que comenz\u00f3 a concretarse en los primeros meses de 2025, est\u00e1 dirigido a beneficiarios de demandas pendientes, con un monto aproximado de $8 millones de pesos por da\u00f1os morales. El pago incluye a herederos de los damnificados fallecidos y el monto final est\u00e1 sujeto a la cotizaci\u00f3n del bono.<\/p>\n","protected":false},"excerpt":{"rendered":"<p>A las 8.55 del 3 de noviembre de 1995, la ciudad de R\u00edo Tercero se convirti\u00f3 en un escenario b\u00e9lico. En ese momento, en la F\u00e1brica Militar R\u00edo Tercero se iniciaron una serie de explosiones que se prolongaron a lo largo de todo el d\u00eda. A ra\u00edz de estos hechos se produjeron siete muertes y [&hellip;]<\/p>\n","protected":false},"author":7,"featured_media":51374,"comment_status":"open","ping_status":"open","sticky":false,"template":"","format":"standard","meta":{"_exactmetrics_skip_tracking":false,"_exactmetrics_sitenote_active":false,"_exactmetrics_sitenote_note":"","_exactmetrics_sitenote_category":0,"jnews-multi-image_gallery":[],"jnews_single_post":[],"jnews_primary_category":[],"jnews_social_meta":[],"jnews_review":[],"enable_review":"","type":"","name":"","summary":"","brand":"","sku":"","good":[],"bad":[],"score_override":"","override_value":"","rating":[],"price":[],"jnews_override_counter":[],"jnews_post_split":[],"footnotes":""},"categories":[10],"tags":[],"class_list":["post-51373","post","type-post","status-publish","format-standard","has-post-thumbnail","hentry","category-accion-politica"],"jetpack_featured_media_url":"https:\/\/atecordoba.org\/wp-content\/uploads\/2025\/11\/riotercero-4.jpg","_links":{"self":[{"href":"https:\/\/atecordoba.org\/index.php?rest_route=\/wp\/v2\/posts\/51373","targetHints":{"allow":["GET"]}}],"collection":[{"href":"https:\/\/atecordoba.org\/index.php?rest_route=\/wp\/v2\/posts"}],"about":[{"href":"https:\/\/atecordoba.org\/index.php?rest_route=\/wp\/v2\/types\/post"}],"author":[{"embeddable":true,"href":"https:\/\/atecordoba.org\/index.php?rest_route=\/wp\/v2\/users\/7"}],"replies":[{"embeddable":true,"href":"https:\/\/atecordoba.org\/index.php?rest_route=%2Fwp%2Fv2%2Fcomments&post=51373"}],"version-history":[{"count":1,"href":"https:\/\/atecordoba.org\/index.php?rest_route=\/wp\/v2\/posts\/51373\/revisions"}],"predecessor-version":[{"id":51378,"href":"https:\/\/atecordoba.org\/index.php?rest_route=\/wp\/v2\/posts\/51373\/revisions\/51378"}],"wp:featuredmedia":[{"embeddable":true,"href":"https:\/\/atecordoba.org\/index.php?rest_route=\/wp\/v2\/media\/51374"}],"wp:attachment":[{"href":"https:\/\/atecordoba.org\/index.php?rest_route=%2Fwp%2Fv2%2Fmedia&parent=51373"}],"wp:term":[{"taxonomy":"category","embeddable":true,"href":"https:\/\/atecordoba.org\/index.php?rest_route=%2Fwp%2Fv2%2Fcategories&post=51373"},{"taxonomy":"post_tag","embeddable":true,"href":"https:\/\/atecordoba.org\/index.php?rest_route=%2Fwp%2Fv2%2Ftags&post=51373"}],"curies":[{"name":"wp","href":"https:\/\/api.w.org\/{rel}","templated":true}]}}