{"id":51370,"date":"2025-10-31T15:23:35","date_gmt":"2025-10-31T18:23:35","guid":{"rendered":"https:\/\/atecordoba.org\/?p=51370"},"modified":"2025-10-31T15:23:35","modified_gmt":"2025-10-31T18:23:35","slug":"reunion-paritaria-en-la-paz","status":"publish","type":"post","link":"https:\/\/atecordoba.org\/?p=51370","title":{"rendered":"Reuni\u00f3n paritaria en La Paz"},"content":{"rendered":"<p><img loading=\"lazy\" decoding=\"async\" class=\"aligncenter wp-image-51368 \" src=\"https:\/\/atecordoba.org\/wp-content\/uploads\/2025\/10\/WhatsApp-Image-2025-10-31-at-13.09.13-1024x770.jpeg\" alt=\"\" width=\"608\" height=\"457\" srcset=\"https:\/\/atecordoba.org\/wp-content\/uploads\/2025\/10\/WhatsApp-Image-2025-10-31-at-13.09.13-1024x770.jpeg 1024w, https:\/\/atecordoba.org\/wp-content\/uploads\/2025\/10\/WhatsApp-Image-2025-10-31-at-13.09.13-300x226.jpeg 300w, https:\/\/atecordoba.org\/wp-content\/uploads\/2025\/10\/WhatsApp-Image-2025-10-31-at-13.09.13-768x578.jpeg 768w, https:\/\/atecordoba.org\/wp-content\/uploads\/2025\/10\/WhatsApp-Image-2025-10-31-at-13.09.13-750x564.jpeg 750w, https:\/\/atecordoba.org\/wp-content\/uploads\/2025\/10\/WhatsApp-Image-2025-10-31-at-13.09.13-1140x858.jpeg 1140w, https:\/\/atecordoba.org\/wp-content\/uploads\/2025\/10\/WhatsApp-Image-2025-10-31-at-13.09.13.jpeg 1280w\" sizes=\"auto, (max-width: 608px) 100vw, 608px\" \/>Hoy\u00a0 se llev\u00f3 a cabo una reuni\u00f3n paritaria en la localidad de La Paz, del Valle de Traslasierra, donde participaron el intendente Ram\u00f3n Rufino Funes y las delegadas de ATE Claudia Ortega y Noelia Sola.<\/p>\n<p>En la ocasi\u00f3n, el ejecutivo confirm\u00f3 que seguir\u00e1 pagando el 5% de aumento mensual para las y los municipales de la localidad, de la misma manera que continuar\u00e1 abonando el bono de 150 mil pesos, que se incrementar\u00e1 a 200 mil pesos en diciembre.<\/p>\n<p>Por otro lado, el intendente reafirm\u00f3 la entrega de la muda de ropa para los empleados de calle y tr\u00e1nsito. Vale se\u00f1alar que queda pendiente dicha muda para el personal de salud.<\/p>\n<p>Adem\u00e1s, Funes afirm\u00f3 que el Dia del Trabajador Municipal se celebrar\u00e1 con asueto el viernes 7 de noviembre.<\/p>\n<p>En tanto, se acord\u00f3 que en la pr\u00f3xima reuni\u00f3n paritaria se abordar\u00e1 la revisi\u00f3n del Estatuto Municipal.<\/p>\n<p>&nbsp;<\/p>\n","protected":false},"excerpt":{"rendered":"<p>Hoy\u00a0 se llev\u00f3 a cabo una reuni\u00f3n paritaria en la localidad de La Paz, del Valle de Traslasierra, donde participaron el intendente Ram\u00f3n Rufino Funes y las delegadas de ATE Claudia Ortega y Noelia Sola. En la ocasi\u00f3n, el ejecutivo confirm\u00f3 que seguir\u00e1 pagando el 5% de aumento mensual para las y los municipales de [&hellip;]<\/p>\n","protected":false},"author":7,"featured_media":51368,"comment_status":"open","ping_status":"open","sticky":false,"template":"","format":"standard","meta":{"_exactmetrics_skip_tracking":false,"_exactmetrics_sitenote_active":false,"_exactmetrics_sitenote_note":"","_exactmetrics_sitenote_category":0,"jnews-multi-image_gallery":[],"jnews_single_post":[],"jnews_primary_category":[],"jnews_social_meta":[],"jnews_review":[],"enable_review":"","type":"","name":"","summary":"","brand":"","sku":"","good":[],"bad":[],"score_override":"","override_value":"","rating":[],"price":[],"jnews_override_counter":[],"jnews_post_split":[],"footnotes":""},"categories":[20],"tags":[],"class_list":["post-51370","post","type-post","status-publish","format-standard","has-post-thumbnail","hentry","category-municipales"],"jetpack_featured_media_url":"https:\/\/atecordoba.org\/wp-content\/uploads\/2025\/10\/WhatsApp-Image-2025-10-31-at-13.09.13.jpeg","_links":{"self":[{"href":"https:\/\/atecordoba.org\/index.php?rest_route=\/wp\/v2\/posts\/51370","targetHints":{"allow":["GET"]}}],"collection":[{"href":"https:\/\/atecordoba.org\/index.php?rest_route=\/wp\/v2\/posts"}],"about":[{"href":"https:\/\/atecordoba.org\/index.php?rest_route=\/wp\/v2\/types\/post"}],"author":[{"embeddable":true,"href":"https:\/\/atecordoba.org\/index.php?rest_route=\/wp\/v2\/users\/7"}],"replies":[{"embeddable":true,"href":"https:\/\/atecordoba.org\/index.php?rest_route=%2Fwp%2Fv2%2Fcomments&post=51370"}],"version-history":[{"count":1,"href":"https:\/\/atecordoba.org\/index.php?rest_route=\/wp\/v2\/posts\/51370\/revisions"}],"predecessor-version":[{"id":51371,"href":"https:\/\/atecordoba.org\/index.php?rest_route=\/wp\/v2\/posts\/51370\/revisions\/51371"}],"wp:featuredmedia":[{"embeddable":true,"href":"https:\/\/atecordoba.org\/index.php?rest_route=\/wp\/v2\/media\/51368"}],"wp:attachment":[{"href":"https:\/\/atecordoba.org\/index.php?rest_route=%2Fwp%2Fv2%2Fmedia&parent=51370"}],"wp:term":[{"taxonomy":"category","embeddable":true,"href":"https:\/\/atecordoba.org\/index.php?rest_route=%2Fwp%2Fv2%2Fcategories&post=51370"},{"taxonomy":"post_tag","embeddable":true,"href":"https:\/\/atecordoba.org\/index.php?rest_route=%2Fwp%2Fv2%2Ftags&post=51370"}],"curies":[{"name":"wp","href":"https:\/\/api.w.org\/{rel}","templated":true}]}}