{"id":51360,"date":"2025-10-31T13:53:48","date_gmt":"2025-10-31T16:53:48","guid":{"rendered":"https:\/\/atecordoba.org\/?p=51360"},"modified":"2025-10-31T13:53:48","modified_gmt":"2025-10-31T16:53:48","slug":"agua-de-oro-audiencia-con-el-ejecutivo-avanzo-con-el-reconocimiento-del-ambito-de-representacion-ate-en-el-municipio","status":"publish","type":"post","link":"https:\/\/atecordoba.org\/?p=51360","title":{"rendered":"Agua de Oro: audiencia con el Ejecutivo avanz\u00f3 con el reconocimiento del \u00e1mbito de representaci\u00f3n ATE en el municipio"},"content":{"rendered":"<figure id=\"attachment_51361\" aria-describedby=\"caption-attachment-51361\" style=\"width: 560px\" class=\"wp-caption aligncenter\"><img loading=\"lazy\" decoding=\"async\" class=\"wp-image-51361 size-full\" src=\"https:\/\/atecordoba.org\/wp-content\/uploads\/2025\/10\/delegados-agua-de-oro.jpeg\" alt=\"\" width=\"560\" height=\"560\" srcset=\"https:\/\/atecordoba.org\/wp-content\/uploads\/2025\/10\/delegados-agua-de-oro.jpeg 560w, https:\/\/atecordoba.org\/wp-content\/uploads\/2025\/10\/delegados-agua-de-oro-300x300.jpeg 300w, https:\/\/atecordoba.org\/wp-content\/uploads\/2025\/10\/delegados-agua-de-oro-150x150.jpeg 150w, https:\/\/atecordoba.org\/wp-content\/uploads\/2025\/10\/delegados-agua-de-oro-75x75.jpeg 75w, https:\/\/atecordoba.org\/wp-content\/uploads\/2025\/10\/delegados-agua-de-oro-350x350.jpeg 350w\" sizes=\"auto, (max-width: 560px) 100vw, 560px\" \/><figcaption id=\"caption-attachment-51361\" class=\"wp-caption-text\">Delegados\/as de ATE, Rivero y Olmos.<\/figcaption><\/figure>\n<p>Hoy se llev\u00f3 adelante la primera audiencia paritaria de ATE en la Municipalidad de Agua de Oro.<\/p>\n<p>ATE estuvo representada por la delegada Nora Rivero y su par N\u00e9stor Olmos, junto a la integrante del Consejo Directivo Provincial Irina Silberman, en tanto el Departamento Ejecutivo aport\u00f3 la participaci\u00f3n de los funcionarios Ignacio Baselica y Alejandra Bognar.<\/p>\n<p>En la oportunidad, ATE reclam\u00f3 el reconocimiento pleno como sindicato con actuaci\u00f3n en la Municipalidad, ya que cuneta con afiliados y afiliadas en el sector, a lo que los funcionarios respondieron nuestra organizaci\u00f3n ya cuenta con el \u00e1mbito de representaci\u00f3n pero que su participaci\u00f3n en la paritaria municipal est\u00e1 pendiente de &#8220;la decisi\u00f3n pol\u00edtica&#8221; del Ejecutivo, que &#8220;a\u00fan no ha sido tomada&#8221;.<\/p>\n<p>A la vez, los funcionarios plantearon que en funci\u00f3n de la cantidad de trabajadores\/as municipales solo debe haber dos delegados en la Municipalidad, uno por cada sindicato presente en la localidad.<\/p>\n<p>Por otro lado, ATE propuso que la creaci\u00f3n de la Mesa de Relaciones Laborales, con una convocatoria fija por mes, medida que la representaci\u00f3n patronal eludi\u00f3 al afirmar que &#8220;los canales de di\u00e1logo est\u00e1n abiertos&#8221; sin necesidad de establecer &#8220;fechas pautadas&#8221;.<\/p>\n<p>Seguidamente, ATE propuso la realizaci\u00f3n de dos talleres de formaci\u00f3n para trabajadores y trabajadoras sobre &#8220;violencia laboral&#8221; para empleados y funcionarios, asi como sobre &#8220;higiene y salud laboral y el uso de EPP&#8221;, a lo que la Municipalidad respondi\u00f3 que se pondr\u00e1 a consideraci\u00f3n del Intendente.<\/p>\n<p>Nuestra organizaci\u00f3n solicit\u00f3 que el D\u00eda del Trabajador Municipal del 8 de noviembre, que este a\u00f1o es el s\u00e1bado, recaiga como asueto el 10 de noviembre, propuesta que fue rechazada por el Ejecutivo.<\/p>\n<p>Por \u00faltimo, ATE plante\u00f3 la realizaci\u00f3n de un relevamiento laboral por parte de nuestra organizaci\u00f3n que el Ejecutivo acept\u00f3 por loque resta fijar fecha y hora del mismo.<\/p>\n<p>&nbsp;<\/p>\n<p>&nbsp;<\/p>\n","protected":false},"excerpt":{"rendered":"<p>Hoy se llev\u00f3 adelante la primera audiencia paritaria de ATE en la Municipalidad de Agua de Oro. ATE estuvo representada por la delegada Nora Rivero y su par N\u00e9stor Olmos, junto a la integrante del Consejo Directivo Provincial Irina Silberman, en tanto el Departamento Ejecutivo aport\u00f3 la participaci\u00f3n de los funcionarios Ignacio Baselica y Alejandra [&hellip;]<\/p>\n","protected":false},"author":7,"featured_media":51361,"comment_status":"open","ping_status":"open","sticky":false,"template":"","format":"standard","meta":{"_exactmetrics_skip_tracking":false,"_exactmetrics_sitenote_active":false,"_exactmetrics_sitenote_note":"","_exactmetrics_sitenote_category":0,"jnews-multi-image_gallery":[],"jnews_single_post":[],"jnews_primary_category":[],"jnews_social_meta":[],"jnews_review":[],"enable_review":"","type":"","name":"","summary":"","brand":"","sku":"","good":[],"bad":[],"score_override":"","override_value":"","rating":[],"price":[],"jnews_override_counter":[],"jnews_post_split":[],"footnotes":""},"categories":[20],"tags":[],"class_list":["post-51360","post","type-post","status-publish","format-standard","has-post-thumbnail","hentry","category-municipales"],"jetpack_featured_media_url":"https:\/\/atecordoba.org\/wp-content\/uploads\/2025\/10\/delegados-agua-de-oro.jpeg","_links":{"self":[{"href":"https:\/\/atecordoba.org\/index.php?rest_route=\/wp\/v2\/posts\/51360","targetHints":{"allow":["GET"]}}],"collection":[{"href":"https:\/\/atecordoba.org\/index.php?rest_route=\/wp\/v2\/posts"}],"about":[{"href":"https:\/\/atecordoba.org\/index.php?rest_route=\/wp\/v2\/types\/post"}],"author":[{"embeddable":true,"href":"https:\/\/atecordoba.org\/index.php?rest_route=\/wp\/v2\/users\/7"}],"replies":[{"embeddable":true,"href":"https:\/\/atecordoba.org\/index.php?rest_route=%2Fwp%2Fv2%2Fcomments&post=51360"}],"version-history":[{"count":1,"href":"https:\/\/atecordoba.org\/index.php?rest_route=\/wp\/v2\/posts\/51360\/revisions"}],"predecessor-version":[{"id":51362,"href":"https:\/\/atecordoba.org\/index.php?rest_route=\/wp\/v2\/posts\/51360\/revisions\/51362"}],"wp:featuredmedia":[{"embeddable":true,"href":"https:\/\/atecordoba.org\/index.php?rest_route=\/wp\/v2\/media\/51361"}],"wp:attachment":[{"href":"https:\/\/atecordoba.org\/index.php?rest_route=%2Fwp%2Fv2%2Fmedia&parent=51360"}],"wp:term":[{"taxonomy":"category","embeddable":true,"href":"https:\/\/atecordoba.org\/index.php?rest_route=%2Fwp%2Fv2%2Fcategories&post=51360"},{"taxonomy":"post_tag","embeddable":true,"href":"https:\/\/atecordoba.org\/index.php?rest_route=%2Fwp%2Fv2%2Ftags&post=51360"}],"curies":[{"name":"wp","href":"https:\/\/api.w.org\/{rel}","templated":true}]}}