{"id":51355,"date":"2025-10-31T12:45:42","date_gmt":"2025-10-31T15:45:42","guid":{"rendered":"https:\/\/atecordoba.org\/?p=51355"},"modified":"2025-10-31T12:45:42","modified_gmt":"2025-10-31T15:45:42","slug":"villa-cura-brochero-ate-logra-un-5-de-aumento-salarial-para-octubre-y-compromiso-de-recategorizaciones","status":"publish","type":"post","link":"https:\/\/atecordoba.org\/?p=51355","title":{"rendered":"Villa Cura Brochero: ATE logra un 5% de aumento salarial para octubre y compromiso de recategorizaciones"},"content":{"rendered":"<figure id=\"attachment_51356\" aria-describedby=\"caption-attachment-51356\" style=\"width: 305px\" class=\"wp-caption alignleft\"><img loading=\"lazy\" decoding=\"async\" class=\"wp-image-51356\" src=\"https:\/\/atecordoba.org\/wp-content\/uploads\/2025\/10\/WhatsApp-Image-2025-10-31-at-10.13.26-1-e1761925402339-251x300.jpeg\" alt=\"\" width=\"305\" height=\"365\" srcset=\"https:\/\/atecordoba.org\/wp-content\/uploads\/2025\/10\/WhatsApp-Image-2025-10-31-at-10.13.26-1-e1761925402339-251x300.jpeg 251w, https:\/\/atecordoba.org\/wp-content\/uploads\/2025\/10\/WhatsApp-Image-2025-10-31-at-10.13.26-1-e1761925402339.jpeg 476w\" sizes=\"auto, (max-width: 305px) 100vw, 305px\" \/><figcaption id=\"caption-attachment-51356\" class=\"wp-caption-text\">Delegados de ATE.<\/figcaption><\/figure>\n<p>En una audiencia paritaria realizada ayer, ATE alcanz\u00f3 un acuerdo salarial con el Departamento Ejecutivo de la Municipalidad de Villa Cura Brochero consistente en un aumento del 5% para todas y todos los municipales de la localidad en el mes de octubre.<\/p>\n<p>En la oportunidad, estuvieron presentes el secretario General de la Gesti\u00f3n Municipal, Gerardo Cuello, y funcionarios de su equipo, y por ATE los delegados gremiales Gustavo Cohen y Jos\u00e9 Tapia.<\/p>\n<p>El acuerdo incluye que la Municipalidad otorgar\u00e1 un bono extraordinario por el D\u00eda de Trabajador Municipal, cuyo monto se fijar\u00e1 a partir del 11 de noviembre pr\u00f3ximo, al tiempo que estableci\u00f3 el 10 de noviembre como &#8220;d\u00eda no laborable&#8221;, atento que este a\u00f1o recae en s\u00e1bado dicha jornada de celebraci\u00f3n.<\/p>\n<p>Asimismo, el Ejecutivo se comprometi\u00f3 a presentar la pr\u00f3xima semana al Concejo Deliberante el proyecto de recategorizaci\u00f3n del personal de planta permanente. Una vez aprobada, la medida significar\u00e1 un aumento de haberes, adem\u00e1s el reconocimiento de las tareas realizadas por cada trabajador y trabajadora.<\/p>\n<p><strong>M\u00e1s avances<\/strong><\/p>\n<p>En otro orden, durante la audiencia se discuti\u00f3 sobre la importante inversi\u00f3n en los uniformes de verano del personal que proyecta realizar la Municipalidad, a partir de los acuerdos que est\u00e1 alcanzando con proveedores para entregar los mismos en tiempo y forma.<\/p>\n<p>Adem\u00e1s, el ejecutivo lleva adelante un proyecto de finalizaci\u00f3n de estudios primarios y secundarios del personal para lo que se encuentra actualmente recabando informaci\u00f3n sobre el nivel educativo de cada empleado, y sum\u00f3 la posibilidad de brindar alg\u00fan incentivo econ\u00f3mico para que los y las trabajadoras se adhieran al programa, conforme su rendimiento.<\/p>\n<p>Por otro lado, los delegados hicieron entrega al ejecutivo de los proyectos de ordenanza sobre Licencia por Violencia Familiar y de G\u00e9nero y de Licencia Sanitaria para el personal de salud.<\/p>\n<p>De esta forma, ATE contin\u00faa defendiendo los derechos de las y los trabajadores municipales del interior provincial.<\/p>\n","protected":false},"excerpt":{"rendered":"<p>En una audiencia paritaria realizada ayer, ATE alcanz\u00f3 un acuerdo salarial con el Departamento Ejecutivo de la Municipalidad de Villa Cura Brochero consistente en un aumento del 5% para todas y todos los municipales de la localidad en el mes de octubre. En la oportunidad, estuvieron presentes el secretario General de la Gesti\u00f3n Municipal, Gerardo [&hellip;]<\/p>\n","protected":false},"author":7,"featured_media":51357,"comment_status":"open","ping_status":"open","sticky":false,"template":"","format":"standard","meta":{"_exactmetrics_skip_tracking":false,"_exactmetrics_sitenote_active":false,"_exactmetrics_sitenote_note":"","_exactmetrics_sitenote_category":0,"jnews-multi-image_gallery":[],"jnews_single_post":[],"jnews_primary_category":[],"jnews_social_meta":[],"jnews_review":[],"enable_review":"","type":"","name":"","summary":"","brand":"","sku":"","good":[],"bad":[],"score_override":"","override_value":"","rating":[],"price":[],"jnews_override_counter":[],"jnews_post_split":[],"footnotes":""},"categories":[20],"tags":[],"class_list":["post-51355","post","type-post","status-publish","format-standard","has-post-thumbnail","hentry","category-municipales"],"jetpack_featured_media_url":"https:\/\/atecordoba.org\/wp-content\/uploads\/2025\/10\/brochero.png","_links":{"self":[{"href":"https:\/\/atecordoba.org\/index.php?rest_route=\/wp\/v2\/posts\/51355","targetHints":{"allow":["GET"]}}],"collection":[{"href":"https:\/\/atecordoba.org\/index.php?rest_route=\/wp\/v2\/posts"}],"about":[{"href":"https:\/\/atecordoba.org\/index.php?rest_route=\/wp\/v2\/types\/post"}],"author":[{"embeddable":true,"href":"https:\/\/atecordoba.org\/index.php?rest_route=\/wp\/v2\/users\/7"}],"replies":[{"embeddable":true,"href":"https:\/\/atecordoba.org\/index.php?rest_route=%2Fwp%2Fv2%2Fcomments&post=51355"}],"version-history":[{"count":1,"href":"https:\/\/atecordoba.org\/index.php?rest_route=\/wp\/v2\/posts\/51355\/revisions"}],"predecessor-version":[{"id":51358,"href":"https:\/\/atecordoba.org\/index.php?rest_route=\/wp\/v2\/posts\/51355\/revisions\/51358"}],"wp:featuredmedia":[{"embeddable":true,"href":"https:\/\/atecordoba.org\/index.php?rest_route=\/wp\/v2\/media\/51357"}],"wp:attachment":[{"href":"https:\/\/atecordoba.org\/index.php?rest_route=%2Fwp%2Fv2%2Fmedia&parent=51355"}],"wp:term":[{"taxonomy":"category","embeddable":true,"href":"https:\/\/atecordoba.org\/index.php?rest_route=%2Fwp%2Fv2%2Fcategories&post=51355"},{"taxonomy":"post_tag","embeddable":true,"href":"https:\/\/atecordoba.org\/index.php?rest_route=%2Fwp%2Fv2%2Ftags&post=51355"}],"curies":[{"name":"wp","href":"https:\/\/api.w.org\/{rel}","templated":true}]}}