{"id":51352,"date":"2025-10-31T11:38:28","date_gmt":"2025-10-31T14:38:28","guid":{"rendered":"https:\/\/atecordoba.org\/?p=51352"},"modified":"2025-10-31T11:38:28","modified_gmt":"2025-10-31T14:38:28","slug":"el-cdp-de-ate-cordoba-envio-a-28-municipios-del-interior-el-proyecto-para-que-el-asueto-del-dia-del-municipal-recaiga-en-jornada-habil","status":"publish","type":"post","link":"https:\/\/atecordoba.org\/?p=51352","title":{"rendered":"El CDP de ATE C\u00f3rdoba envi\u00f3 a 28 municipios del interior el proyecto para que el asueto del D\u00eda del Municipal recaiga en jornada h\u00e1bil"},"content":{"rendered":"<p><img loading=\"lazy\" decoding=\"async\" class=\"aligncenter wp-image-51283 \" src=\"https:\/\/atecordoba.org\/wp-content\/uploads\/2025\/10\/WhatsApp-Image-2025-10-27-at-14.17.56-e1761585755242-1024x369.jpeg\" alt=\"\" width=\"617\" height=\"222\" srcset=\"https:\/\/atecordoba.org\/wp-content\/uploads\/2025\/10\/WhatsApp-Image-2025-10-27-at-14.17.56-e1761585755242-1024x369.jpeg 1024w, https:\/\/atecordoba.org\/wp-content\/uploads\/2025\/10\/WhatsApp-Image-2025-10-27-at-14.17.56-e1761585755242-300x108.jpeg 300w, https:\/\/atecordoba.org\/wp-content\/uploads\/2025\/10\/WhatsApp-Image-2025-10-27-at-14.17.56-e1761585755242-768x276.jpeg 768w, https:\/\/atecordoba.org\/wp-content\/uploads\/2025\/10\/WhatsApp-Image-2025-10-27-at-14.17.56-e1761585755242-1536x553.jpeg 1536w, https:\/\/atecordoba.org\/wp-content\/uploads\/2025\/10\/WhatsApp-Image-2025-10-27-at-14.17.56-e1761585755242-750x270.jpeg 750w, https:\/\/atecordoba.org\/wp-content\/uploads\/2025\/10\/WhatsApp-Image-2025-10-27-at-14.17.56-e1761585755242-1140x410.jpeg 1140w, https:\/\/atecordoba.org\/wp-content\/uploads\/2025\/10\/WhatsApp-Image-2025-10-27-at-14.17.56-e1761585755242.jpeg 1600w\" sizes=\"auto, (max-width: 617px) 100vw, 617px\" \/>ATE C\u00f3rdoba sigue conquistando derechos para las y los municipales. La Secretaria de Prensa del Consejo Directivo Provincial (CDP), Julia Giuliani, explic\u00f3 que ante la coincidencia del D\u00eda del Trabajador y la Trabajadora Municipal (8 de noviembre) con un d\u00eda s\u00e1bado, desde ATE se elabor\u00f3 una propuesta para que los distintos ejecutivos municipales trasladen el asueto administrativo a un d\u00eda h\u00e1bil.<\/p>\n<p>\u201cQueremos que este d\u00eda de reconocimiento no se pierda, sino que sea una verdadera jornada de descanso y puesta en valor del trabajo cotidiano que realizamos las y los municipales garantizando derechos en nuestras comunidades\u201d, se\u00f1al\u00f3.<\/p>\n<p>De esta manera, ATE envi\u00f3 la iniciativa a 28 municipios y comunas:\u00a0Arroyo Los Patos, Agua de Oro, Tr\u00e1nsito, Las Palmas, San Lorenzo, Mina Clavero, Villa Ciudad de Am\u00e9rica, Villa del Prado, Los Hornillos, Los Aromos, Nono,\u00a0 Anisacate, Alta Gracia, R\u00edo Primero, Villa Ciudad Parque, Villa Yacanto, San Vicente, La Paz, R\u00edo Ceballos, Cura Brochero, Saldan, Mendiolaza, Salsacate, Los Talares, Mendiolaza, Unquillo, Jes\u00fas Mar\u00eda, Salsipuedes, Quilino.<\/p>\n<p>El proyecto toma como experiencia base la Ordenanza 480\/09 de la Municipalidad de R\u00edo Cuarto.<\/p>\n<p>Los fundamentos de esta celebraci\u00f3n se basan en reconocer y valorar la labor esencial de los y las trabajadoras\u00a0 municipales en la atenci\u00f3n para garantizar derechos de la comunidad, en las distintas \u00e1reas de la gesti\u00f3n p\u00fablica, como limpieza, salud, seguridad y mantenimiento, entre otras. La fecha reivindica los derechos laborales y la importancia del trabajo del personal municipal.<\/p>\n<p>&nbsp;<\/p>\n","protected":false},"excerpt":{"rendered":"<p>ATE C\u00f3rdoba sigue conquistando derechos para las y los municipales. La Secretaria de Prensa del Consejo Directivo Provincial (CDP), Julia Giuliani, explic\u00f3 que ante la coincidencia del D\u00eda del Trabajador y la Trabajadora Municipal (8 de noviembre) con un d\u00eda s\u00e1bado, desde ATE se elabor\u00f3 una propuesta para que los distintos ejecutivos municipales trasladen el [&hellip;]<\/p>\n","protected":false},"author":7,"featured_media":51283,"comment_status":"open","ping_status":"open","sticky":false,"template":"","format":"standard","meta":{"_exactmetrics_skip_tracking":false,"_exactmetrics_sitenote_active":false,"_exactmetrics_sitenote_note":"","_exactmetrics_sitenote_category":0,"jnews-multi-image_gallery":[],"jnews_single_post":[],"jnews_primary_category":[],"jnews_social_meta":[],"jnews_review":[],"enable_review":"","type":"","name":"","summary":"","brand":"","sku":"","good":[],"bad":[],"score_override":"","override_value":"","rating":[],"price":[],"jnews_override_counter":[],"jnews_post_split":[],"footnotes":""},"categories":[20],"tags":[],"class_list":["post-51352","post","type-post","status-publish","format-standard","has-post-thumbnail","hentry","category-municipales"],"jetpack_featured_media_url":"https:\/\/atecordoba.org\/wp-content\/uploads\/2025\/10\/WhatsApp-Image-2025-10-27-at-14.17.56-e1761585755242.jpeg","_links":{"self":[{"href":"https:\/\/atecordoba.org\/index.php?rest_route=\/wp\/v2\/posts\/51352","targetHints":{"allow":["GET"]}}],"collection":[{"href":"https:\/\/atecordoba.org\/index.php?rest_route=\/wp\/v2\/posts"}],"about":[{"href":"https:\/\/atecordoba.org\/index.php?rest_route=\/wp\/v2\/types\/post"}],"author":[{"embeddable":true,"href":"https:\/\/atecordoba.org\/index.php?rest_route=\/wp\/v2\/users\/7"}],"replies":[{"embeddable":true,"href":"https:\/\/atecordoba.org\/index.php?rest_route=%2Fwp%2Fv2%2Fcomments&post=51352"}],"version-history":[{"count":1,"href":"https:\/\/atecordoba.org\/index.php?rest_route=\/wp\/v2\/posts\/51352\/revisions"}],"predecessor-version":[{"id":51353,"href":"https:\/\/atecordoba.org\/index.php?rest_route=\/wp\/v2\/posts\/51352\/revisions\/51353"}],"wp:featuredmedia":[{"embeddable":true,"href":"https:\/\/atecordoba.org\/index.php?rest_route=\/wp\/v2\/media\/51283"}],"wp:attachment":[{"href":"https:\/\/atecordoba.org\/index.php?rest_route=%2Fwp%2Fv2%2Fmedia&parent=51352"}],"wp:term":[{"taxonomy":"category","embeddable":true,"href":"https:\/\/atecordoba.org\/index.php?rest_route=%2Fwp%2Fv2%2Fcategories&post=51352"},{"taxonomy":"post_tag","embeddable":true,"href":"https:\/\/atecordoba.org\/index.php?rest_route=%2Fwp%2Fv2%2Ftags&post=51352"}],"curies":[{"name":"wp","href":"https:\/\/api.w.org\/{rel}","templated":true}]}}