{"id":5134,"date":"2015-04-28T19:20:19","date_gmt":"2015-04-28T22:20:19","guid":{"rendered":"http:\/\/www.atecordoba.org\/?p=5134"},"modified":"2015-04-28T19:20:19","modified_gmt":"2015-04-28T22:20:19","slug":"fabricaciones-militares-prepara-con-asambleas-una-movilizacion-a-buenos-aires","status":"publish","type":"post","link":"https:\/\/atecordoba.org\/?p=5134","title":{"rendered":"Fabricaciones Militares prepara con asambleas una movilizaci\u00f3n a Buenos Aires"},"content":{"rendered":"<p><em>En reclamo de convenio colectivo, pase a planta y la salida del sector como &#8216;sujeto a privatizaci\u00f3n&#8217;, los trabajadores realizaron una gran asamblea en la Fabrica Militar de R\u00edo Tercero, con representantes de las plantas de Villa Mar\u00eda, Azul, Fray Luis Beltr\u00e1n y la la Direcci\u00f3n General.<\/em><\/p>\n<p>R\u00edo Tercero fue la segunda parada de la seguidilla de asambleas que los trabajadores comenzaron en Villa Mar\u00eda y que ma\u00f1ana continuar\u00e1 en Fray Luis Beltr\u00e1n, Rosario, en Azul, provincia de Buenos Aires, y en la Direcci\u00f3n General, en Capital Federal.<\/p>\n<p><a href=\"http:\/\/www.atecordoba.org\/wp-content\/uploads\/2015\/04\/asamblea-FFMM-e1430259472153.jpg\"><img loading=\"lazy\" decoding=\"async\" class=\"aligncenter size-full wp-image-5135\" src=\"http:\/\/www.atecordoba.org\/wp-content\/uploads\/2015\/04\/asamblea-FFMM-e1430259472153.jpg\" alt=\"asamblea FFMM\" width=\"550\" height=\"309\" \/><\/a><\/p>\n<p>La asamblea realizada hoy paraliz\u00f3 la actividad durante buena parte del turno\u00a0ma\u00f1ana y los trabajadores debatieron el plan de lucha para que las autoridades nacionales accedan a tres ejes muy claros que viene reclamando ATE: salir de la figura de &#8216;sujeto a privatizaci\u00f3n&#8217; que Fabricaciones Militares sufre desde los &#8217;90, y que cuenta con un proyecto de ley con media sanci\u00f3n en la C\u00e1mara de Diputados, el pase a planta permanente de casi el 80% de los compa\u00f1eros, que no cuentan actualmente con estabilidad laboral, y la firma del convenio colectivo sectorial, ya con acuerdo del Ministerio de Defensa pero que se encuentra trabado en el Ministerio de Trabajo.<\/p>\n<p><a href=\"http:\/\/www.atecordoba.org\/wp-content\/uploads\/2015\/04\/general-e1430259537297.jpg\"><img loading=\"lazy\" decoding=\"async\" class=\"aligncenter size-full wp-image-5136\" src=\"http:\/\/www.atecordoba.org\/wp-content\/uploads\/2015\/04\/general-e1430259537297.jpg\" alt=\"general\" width=\"550\" height=\"413\" \/><\/a><\/p>\n<p>El plan de lucha se se acord\u00f3 la semana pasada con el Consejo Directivo Nacional, que dio apoy\u00f3 a las seccionales para motorizar las demandas.<\/p>\n<p>En una conferencia de prensa previa a la asamblea, los compa\u00f1eros advirtieron que\u00a0se van a movilizar a Capital Federal para reclamar ante las autoridades nacionales una respuesta a los tres puntos de reclamo.<\/p>\n<p>&nbsp;<\/p>\n","protected":false},"excerpt":{"rendered":"<p>En reclamo de convenio colectivo, pase a planta y la salida del sector como &#8216;sujeto a privatizaci\u00f3n&#8217;, los trabajadores realizaron una gran asamblea en la Fabrica Militar de R\u00edo Tercero, con representantes de las plantas de Villa Mar\u00eda, Azul, Fray Luis Beltr\u00e1n y la la Direcci\u00f3n General. R\u00edo Tercero fue la segunda parada de la [&hellip;]<\/p>\n","protected":false},"author":1,"featured_media":19220,"comment_status":"open","ping_status":"open","sticky":false,"template":"","format":"standard","meta":{"_exactmetrics_skip_tracking":false,"_exactmetrics_sitenote_active":false,"_exactmetrics_sitenote_note":"","_exactmetrics_sitenote_category":0,"jnews-multi-image_gallery":[],"jnews_single_post":[],"jnews_primary_category":[],"jnews_social_meta":[],"jnews_review":[],"enable_review":"","type":"","name":"","summary":"","brand":"","sku":"","good":[],"bad":[],"score_override":"","override_value":"","rating":[],"price":[],"jnews_override_counter":[],"jnews_post_split":[],"footnotes":""},"categories":[17,18],"tags":[],"class_list":["post-5134","post","type-post","status-publish","format-standard","has-post-thumbnail","hentry","category-fabricaciones-militares","category-nacionales"],"jetpack_featured_media_url":"https:\/\/atecordoba.org\/wp-content\/uploads\/2020\/05\/logo-nuevochico-e1561581322808.png","_links":{"self":[{"href":"https:\/\/atecordoba.org\/index.php?rest_route=\/wp\/v2\/posts\/5134","targetHints":{"allow":["GET"]}}],"collection":[{"href":"https:\/\/atecordoba.org\/index.php?rest_route=\/wp\/v2\/posts"}],"about":[{"href":"https:\/\/atecordoba.org\/index.php?rest_route=\/wp\/v2\/types\/post"}],"author":[{"embeddable":true,"href":"https:\/\/atecordoba.org\/index.php?rest_route=\/wp\/v2\/users\/1"}],"replies":[{"embeddable":true,"href":"https:\/\/atecordoba.org\/index.php?rest_route=%2Fwp%2Fv2%2Fcomments&post=5134"}],"version-history":[{"count":0,"href":"https:\/\/atecordoba.org\/index.php?rest_route=\/wp\/v2\/posts\/5134\/revisions"}],"wp:featuredmedia":[{"embeddable":true,"href":"https:\/\/atecordoba.org\/index.php?rest_route=\/wp\/v2\/media\/19220"}],"wp:attachment":[{"href":"https:\/\/atecordoba.org\/index.php?rest_route=%2Fwp%2Fv2%2Fmedia&parent=5134"}],"wp:term":[{"taxonomy":"category","embeddable":true,"href":"https:\/\/atecordoba.org\/index.php?rest_route=%2Fwp%2Fv2%2Fcategories&post=5134"},{"taxonomy":"post_tag","embeddable":true,"href":"https:\/\/atecordoba.org\/index.php?rest_route=%2Fwp%2Fv2%2Ftags&post=5134"}],"curies":[{"name":"wp","href":"https:\/\/api.w.org\/{rel}","templated":true}]}}