{"id":51339,"date":"2025-10-30T12:09:36","date_gmt":"2025-10-30T15:09:36","guid":{"rendered":"https:\/\/atecordoba.org\/?p=51339"},"modified":"2025-10-30T12:09:36","modified_gmt":"2025-10-30T15:09:36","slug":"pami-trabajadores-as-renovaron-el-cuerpo-de-delegados-de-ate-y-continuan-las-asambleas","status":"publish","type":"post","link":"https:\/\/atecordoba.org\/?p=51339","title":{"rendered":"PAMI: trabajadores\/as renovaron el cuerpo de delegados de ATE y contin\u00faan las asambleas"},"content":{"rendered":"<p><img loading=\"lazy\" decoding=\"async\" class=\"aligncenter wp-image-51340 \" src=\"https:\/\/atecordoba.org\/wp-content\/uploads\/2025\/10\/WhatsApp-Image-2025-10-30-at-09.09.43-1-1024x768.jpeg\" alt=\"\" width=\"610\" height=\"458\" \/>Durante el d\u00eda de ayer, las y los trabajadores de la Unidad de Gesti\u00f3n Local (UGL) de PAMI C\u00f3rdoba eligieron el nuevo cuerpo de delegados y delegadas de ATE, en una jornada de alta participaci\u00f3n, donde resultaron electos y electas los y las compa\u00f1eras\u00a0 Elisa Ojeda, Carolina Rold\u00e1n, Ana Laura Di Cola, Diego G\u00f3mez Echenique, Carolina Magall\u00e1n y Mar\u00eda Fernanda Polzoni.<\/p>\n<p>La elecci\u00f3n se realiz\u00f3 en el marco de un fuerte reclamo de haberes en el sector. ATE rechaza la propuesta salarial del Gobierno Nacional por insuficiente y exige ingresos dignos que reconozcan el trabajo y compromiso con las y los jubilados.<\/p>\n<p>Cabe recordar que los trabajadores de la obra social de los jubilados mantienen su sueldo congelado desde noviembre pasado, y las autoridades del organismo les ofrecieron en la \u00faltima paritaria realizada el 21 de octubre apenas un 1,2% para octubre, 0,8% en noviembre y 0,8% en diciembre.<\/p>\n<p>ATE resalt\u00f3 que los m\u00e1s de 12.500 trabajadores de PAMI de todo el pa\u00eds ya perdieron m\u00e1s del 60% de su poder adquisitivo en el \u00faltimo a\u00f1o.<\/p>\n<div id='gallery_1' class='gallery galleryid-51339 gallery-columns-4 gallery-size-thumbnail'><figure class='gallery-item'>\n                <div class='gallery-icon portrait'>\n                    <a href='https:\/\/atecordoba.org\/wp-content\/uploads\/2025\/10\/WhatsApp-Image-2025-10-30-at-09.09.43.jpeg'><img loading=\"lazy\" decoding=\"async\" width=\"150\" height=\"150\" src=\"\" class=\"attachment-thumbnail size-thumbnail lazyload\" alt=\"\" data-src=\"https:\/\/atecordoba.org\/wp-content\/uploads\/2025\/10\/WhatsApp-Image-2025-10-30-at-09.09.43-150x150.jpeg\" data-sizes=\"auto\" data-srcset=\"https:\/\/atecordoba.org\/wp-content\/uploads\/2025\/10\/WhatsApp-Image-2025-10-30-at-09.09.43-150x150.jpeg 150w, https:\/\/atecordoba.org\/wp-content\/uploads\/2025\/10\/WhatsApp-Image-2025-10-30-at-09.09.43-560x560.jpeg 560w, https:\/\/atecordoba.org\/wp-content\/uploads\/2025\/10\/WhatsApp-Image-2025-10-30-at-09.09.43-75x75.jpeg 75w, https:\/\/atecordoba.org\/wp-content\/uploads\/2025\/10\/WhatsApp-Image-2025-10-30-at-09.09.43-350x350.jpeg 350w\" data-expand=\"700\" \/><\/a>\n                <\/div><\/figure><figure class='gallery-item'>\n                <div class='gallery-icon portrait'>\n                    <a href='https:\/\/atecordoba.org\/wp-content\/uploads\/2025\/10\/WhatsApp-Image-2025-10-30-at-09.09.42-2.jpeg'><img loading=\"lazy\" decoding=\"async\" width=\"150\" height=\"150\" src=\"\" class=\"attachment-thumbnail size-thumbnail lazyload\" alt=\"\" data-src=\"https:\/\/atecordoba.org\/wp-content\/uploads\/2025\/10\/WhatsApp-Image-2025-10-30-at-09.09.42-2-150x150.jpeg\" data-sizes=\"auto\" data-srcset=\"https:\/\/atecordoba.org\/wp-content\/uploads\/2025\/10\/WhatsApp-Image-2025-10-30-at-09.09.42-2-150x150.jpeg 150w, https:\/\/atecordoba.org\/wp-content\/uploads\/2025\/10\/WhatsApp-Image-2025-10-30-at-09.09.42-2-560x560.jpeg 560w, https:\/\/atecordoba.org\/wp-content\/uploads\/2025\/10\/WhatsApp-Image-2025-10-30-at-09.09.42-2-75x75.jpeg 75w, https:\/\/atecordoba.org\/wp-content\/uploads\/2025\/10\/WhatsApp-Image-2025-10-30-at-09.09.42-2-350x350.jpeg 350w\" data-expand=\"700\" \/><\/a>\n                <\/div><\/figure><figure class='gallery-item'>\n                <div class='gallery-icon portrait'>\n                    <a href='https:\/\/atecordoba.org\/wp-content\/uploads\/2025\/10\/WhatsApp-Image-2025-10-30-at-09.09.42-3.jpeg'><img loading=\"lazy\" decoding=\"async\" width=\"150\" height=\"150\" src=\"\" class=\"attachment-thumbnail size-thumbnail lazyload\" alt=\"\" data-src=\"https:\/\/atecordoba.org\/wp-content\/uploads\/2025\/10\/WhatsApp-Image-2025-10-30-at-09.09.42-3-150x150.jpeg\" data-sizes=\"auto\" data-srcset=\"https:\/\/atecordoba.org\/wp-content\/uploads\/2025\/10\/WhatsApp-Image-2025-10-30-at-09.09.42-3-150x150.jpeg 150w, https:\/\/atecordoba.org\/wp-content\/uploads\/2025\/10\/WhatsApp-Image-2025-10-30-at-09.09.42-3-560x560.jpeg 560w, https:\/\/atecordoba.org\/wp-content\/uploads\/2025\/10\/WhatsApp-Image-2025-10-30-at-09.09.42-3-75x75.jpeg 75w, https:\/\/atecordoba.org\/wp-content\/uploads\/2025\/10\/WhatsApp-Image-2025-10-30-at-09.09.42-3-350x350.jpeg 350w\" data-expand=\"700\" \/><\/a>\n                <\/div><\/figure><figure class='gallery-item'>\n                <div class='gallery-icon portrait'>\n                    <a href='https:\/\/atecordoba.org\/wp-content\/uploads\/2025\/10\/WhatsApp-Image-2025-10-30-at-09.09.43-2.jpeg'><img loading=\"lazy\" decoding=\"async\" width=\"150\" height=\"150\" src=\"\" class=\"attachment-thumbnail size-thumbnail lazyload\" alt=\"\" data-src=\"https:\/\/atecordoba.org\/wp-content\/uploads\/2025\/10\/WhatsApp-Image-2025-10-30-at-09.09.43-2-150x150.jpeg\" data-sizes=\"auto\" data-srcset=\"https:\/\/atecordoba.org\/wp-content\/uploads\/2025\/10\/WhatsApp-Image-2025-10-30-at-09.09.43-2-150x150.jpeg 150w, https:\/\/atecordoba.org\/wp-content\/uploads\/2025\/10\/WhatsApp-Image-2025-10-30-at-09.09.43-2-560x560.jpeg 560w, https:\/\/atecordoba.org\/wp-content\/uploads\/2025\/10\/WhatsApp-Image-2025-10-30-at-09.09.43-2-75x75.jpeg 75w, https:\/\/atecordoba.org\/wp-content\/uploads\/2025\/10\/WhatsApp-Image-2025-10-30-at-09.09.43-2-350x350.jpeg 350w\" data-expand=\"700\" \/><\/a>\n                <\/div><\/figure><br style=\"clear: both\" \/>\n            <\/div>\n\n<p>&nbsp;<\/p>\n<p>\u201cEstamos soportando m\u00e1s de un a\u00f1o de congelamiento salarial en la obra social de los jubilados. El \u00faltimo incremento lo tuvimos en el mes de octubre del a\u00f1o pasado y fue de un 3,5%. En estos doce meses se ha deteriorado de manera grave el poder de compra de los ingresos de los trabajadores de PAMI\u201d, se\u00f1al\u00f3 Rodolfo Aguiar, Secretario General de ATE Nacional.<\/p>\n<p>El referente estatal tambi\u00e9n asegur\u00f3 que esta decisi\u00f3n afecta gravemente a la calidad de las prestaciones del organismo: \u201cEsta pol\u00edtica de recorte salarial no s\u00f3lo afecta a los m\u00e1s de 12 mil trabajadores, sino que tambi\u00e9n impacta negativamente en la atenci\u00f3n de m\u00e1s de 5 millones de jubilados afiliados al instituto en todo el pa\u00eds\u201d.<\/p>\n<p>\u201cLa \u00faltima paritaria, m\u00e1s que una propuesta que est\u00e9 orientada a aliviar las tensiones, pareci\u00f3 una provocaci\u00f3n para que el conflicto se agrave. Vamos a profundizar nuestro plan de acci\u00f3n y esta semana nos vamos a movilizar convencidos de que nuestras demandas son absolutamente justas y razonables. Merecemos ser respetados por las autoridades y todos nuestros esfuerzos tienen que ser compensados\u201d, concluy\u00f3 el Secretario General de ATE Nacional.<\/p>\n<p><strong>Asambleas<\/strong><\/p>\n<p><img loading=\"lazy\" decoding=\"async\" class=\"aligncenter wp-image-51341 \" src=\"https:\/\/atecordoba.org\/wp-content\/uploads\/2025\/10\/WhatsApp-Image-2025-10-30-at-09.08.22-1024x770.jpeg\" alt=\"\" width=\"605\" height=\"455\" srcset=\"https:\/\/atecordoba.org\/wp-content\/uploads\/2025\/10\/WhatsApp-Image-2025-10-30-at-09.08.22-1024x770.jpeg 1024w, https:\/\/atecordoba.org\/wp-content\/uploads\/2025\/10\/WhatsApp-Image-2025-10-30-at-09.08.22-300x226.jpeg 300w, https:\/\/atecordoba.org\/wp-content\/uploads\/2025\/10\/WhatsApp-Image-2025-10-30-at-09.08.22-768x578.jpeg 768w, https:\/\/atecordoba.org\/wp-content\/uploads\/2025\/10\/WhatsApp-Image-2025-10-30-at-09.08.22-750x564.jpeg 750w, https:\/\/atecordoba.org\/wp-content\/uploads\/2025\/10\/WhatsApp-Image-2025-10-30-at-09.08.22-1140x858.jpeg 1140w, https:\/\/atecordoba.org\/wp-content\/uploads\/2025\/10\/WhatsApp-Image-2025-10-30-at-09.08.22.jpeg 1280w\" sizes=\"auto, (max-width: 605px) 100vw, 605px\" \/><\/p>\n<p>En ese marco, contin\u00faan las asambleas en las UGL de todo el pa\u00eds. Hoy el personal de PAMI Calamuchita realiz\u00f3 una protesta conjuntamente con las y los jubilados que cada mi\u00e9rcoles encabezan el reclamo por haberes dignos y el reconocimiento de los derechos del sector.<\/p>\n<p>En tanto, ma\u00f1ana est\u00e1 previsto que la UGL C\u00f3rdoba salga a la calle para dar continuidad el plan de lucha, con un banderazo en Plaza San Mart\u00edn.<\/p>\n<div id='gallery_2' class='gallery galleryid-51339 gallery-columns-3 gallery-size-thumbnail'><figure class='gallery-item'>\n                <div class='gallery-icon landscape'>\n                    <a href='https:\/\/atecordoba.org\/wp-content\/uploads\/2025\/10\/WhatsApp-Image-2025-10-30-at-09.09.41.jpeg'><img loading=\"lazy\" decoding=\"async\" width=\"150\" height=\"150\" src=\"\" class=\"attachment-thumbnail size-thumbnail lazyload\" alt=\"\" data-src=\"https:\/\/atecordoba.org\/wp-content\/uploads\/2025\/10\/WhatsApp-Image-2025-10-30-at-09.09.41-150x150.jpeg\" data-sizes=\"auto\" data-srcset=\"https:\/\/atecordoba.org\/wp-content\/uploads\/2025\/10\/WhatsApp-Image-2025-10-30-at-09.09.41-150x150.jpeg 150w, https:\/\/atecordoba.org\/wp-content\/uploads\/2025\/10\/WhatsApp-Image-2025-10-30-at-09.09.41-560x560.jpeg 560w, https:\/\/atecordoba.org\/wp-content\/uploads\/2025\/10\/WhatsApp-Image-2025-10-30-at-09.09.41-75x75.jpeg 75w, https:\/\/atecordoba.org\/wp-content\/uploads\/2025\/10\/WhatsApp-Image-2025-10-30-at-09.09.41-350x350.jpeg 350w\" data-expand=\"700\" \/><\/a>\n                <\/div><\/figure><figure class='gallery-item'>\n                <div class='gallery-icon landscape'>\n                    <a href='https:\/\/atecordoba.org\/wp-content\/uploads\/2025\/10\/WhatsApp-Image-2025-10-30-at-09.09.42-1.jpeg'><img loading=\"lazy\" decoding=\"async\" width=\"150\" height=\"150\" src=\"\" class=\"attachment-thumbnail size-thumbnail lazyload\" alt=\"\" data-src=\"https:\/\/atecordoba.org\/wp-content\/uploads\/2025\/10\/WhatsApp-Image-2025-10-30-at-09.09.42-1-150x150.jpeg\" data-sizes=\"auto\" data-srcset=\"https:\/\/atecordoba.org\/wp-content\/uploads\/2025\/10\/WhatsApp-Image-2025-10-30-at-09.09.42-1-150x150.jpeg 150w, https:\/\/atecordoba.org\/wp-content\/uploads\/2025\/10\/WhatsApp-Image-2025-10-30-at-09.09.42-1-560x560.jpeg 560w, https:\/\/atecordoba.org\/wp-content\/uploads\/2025\/10\/WhatsApp-Image-2025-10-30-at-09.09.42-1-75x75.jpeg 75w, https:\/\/atecordoba.org\/wp-content\/uploads\/2025\/10\/WhatsApp-Image-2025-10-30-at-09.09.42-1-350x350.jpeg 350w\" data-expand=\"700\" \/><\/a>\n                <\/div><\/figure><figure class='gallery-item'>\n                <div class='gallery-icon portrait'>\n                    <a href='https:\/\/atecordoba.org\/wp-content\/uploads\/2025\/10\/WhatsApp-Image-2025-10-30-at-09.09.42.jpeg'><img loading=\"lazy\" decoding=\"async\" width=\"150\" height=\"150\" src=\"\" class=\"attachment-thumbnail size-thumbnail lazyload\" alt=\"\" data-src=\"https:\/\/atecordoba.org\/wp-content\/uploads\/2025\/10\/WhatsApp-Image-2025-10-30-at-09.09.42-150x150.jpeg\" data-sizes=\"auto\" data-srcset=\"https:\/\/atecordoba.org\/wp-content\/uploads\/2025\/10\/WhatsApp-Image-2025-10-30-at-09.09.42-150x150.jpeg 150w, https:\/\/atecordoba.org\/wp-content\/uploads\/2025\/10\/WhatsApp-Image-2025-10-30-at-09.09.42-560x560.jpeg 560w, https:\/\/atecordoba.org\/wp-content\/uploads\/2025\/10\/WhatsApp-Image-2025-10-30-at-09.09.42-75x75.jpeg 75w, https:\/\/atecordoba.org\/wp-content\/uploads\/2025\/10\/WhatsApp-Image-2025-10-30-at-09.09.42-350x350.jpeg 350w\" data-expand=\"700\" \/><\/a>\n                <\/div><\/figure><br style=\"clear: both\" \/>\n            <\/div>\n\n<p>&nbsp;<\/p>\n","protected":false},"excerpt":{"rendered":"<p>Durante el d\u00eda de ayer, las y los trabajadores de la Unidad de Gesti\u00f3n Local (UGL) de PAMI C\u00f3rdoba eligieron el nuevo cuerpo de delegados y delegadas de ATE, en una jornada de alta participaci\u00f3n, donde resultaron electos y electas los y las compa\u00f1eras\u00a0 Elisa Ojeda, Carolina Rold\u00e1n, Ana Laura Di Cola, Diego G\u00f3mez Echenique, [&hellip;]<\/p>\n","protected":false},"author":7,"featured_media":51340,"comment_status":"open","ping_status":"open","sticky":false,"template":"","format":"standard","meta":{"_exactmetrics_skip_tracking":false,"_exactmetrics_sitenote_active":false,"_exactmetrics_sitenote_note":"","_exactmetrics_sitenote_category":0,"jnews-multi-image_gallery":[],"jnews_single_post":[],"jnews_primary_category":[],"jnews_social_meta":[],"jnews_review":[],"enable_review":"","type":"","name":"","summary":"","brand":"","sku":"","good":[],"bad":[],"score_override":"","override_value":"","rating":[],"price":[],"jnews_override_counter":[],"jnews_post_split":[],"footnotes":""},"categories":[18],"tags":[],"class_list":["post-51339","post","type-post","status-publish","format-standard","has-post-thumbnail","hentry","category-nacionales"],"jetpack_featured_media_url":"https:\/\/atecordoba.org\/wp-content\/uploads\/2025\/10\/WhatsApp-Image-2025-10-30-at-09.09.43-1-e1761836645797.jpeg","_links":{"self":[{"href":"https:\/\/atecordoba.org\/index.php?rest_route=\/wp\/v2\/posts\/51339","targetHints":{"allow":["GET"]}}],"collection":[{"href":"https:\/\/atecordoba.org\/index.php?rest_route=\/wp\/v2\/posts"}],"about":[{"href":"https:\/\/atecordoba.org\/index.php?rest_route=\/wp\/v2\/types\/post"}],"author":[{"embeddable":true,"href":"https:\/\/atecordoba.org\/index.php?rest_route=\/wp\/v2\/users\/7"}],"replies":[{"embeddable":true,"href":"https:\/\/atecordoba.org\/index.php?rest_route=%2Fwp%2Fv2%2Fcomments&post=51339"}],"version-history":[{"count":1,"href":"https:\/\/atecordoba.org\/index.php?rest_route=\/wp\/v2\/posts\/51339\/revisions"}],"predecessor-version":[{"id":51349,"href":"https:\/\/atecordoba.org\/index.php?rest_route=\/wp\/v2\/posts\/51339\/revisions\/51349"}],"wp:featuredmedia":[{"embeddable":true,"href":"https:\/\/atecordoba.org\/index.php?rest_route=\/wp\/v2\/media\/51340"}],"wp:attachment":[{"href":"https:\/\/atecordoba.org\/index.php?rest_route=%2Fwp%2Fv2%2Fmedia&parent=51339"}],"wp:term":[{"taxonomy":"category","embeddable":true,"href":"https:\/\/atecordoba.org\/index.php?rest_route=%2Fwp%2Fv2%2Fcategories&post=51339"},{"taxonomy":"post_tag","embeddable":true,"href":"https:\/\/atecordoba.org\/index.php?rest_route=%2Fwp%2Fv2%2Ftags&post=51339"}],"curies":[{"name":"wp","href":"https:\/\/api.w.org\/{rel}","templated":true}]}}