{"id":51329,"date":"2025-10-30T10:22:07","date_gmt":"2025-10-30T13:22:07","guid":{"rendered":"https:\/\/atecordoba.org\/?p=51329"},"modified":"2025-10-30T10:22:07","modified_gmt":"2025-10-30T13:22:07","slug":"ate-crece-en-la-universidad-nacional-de-cordoba","status":"publish","type":"post","link":"https:\/\/atecordoba.org\/?p=51329","title":{"rendered":"ATE crece en la Universidad Nacional de C\u00f3rdoba"},"content":{"rendered":"<p><img loading=\"lazy\" decoding=\"async\" class=\"aligncenter wp-image-51330 \" src=\"https:\/\/atecordoba.org\/wp-content\/uploads\/2025\/10\/ate-unc-afiliate-724x1024.jpg\" alt=\"\" width=\"610\" height=\"863\" \/>M\u00e1s de una d\u00e9cada de organizaci\u00f3n, lucha y conquistas junto a las y los trabajadores no docentes, desde 2011, ATE hizo historia en la Universidad Nacional de C\u00f3rdoba (UNC).<\/p>\n<ul>\n<li>Apertura del di\u00e1logo con las autoridades universitarias.<\/li>\n<li>Primeras elecciones de delegados en el Comedor Universitario.<\/li>\n<li>Paros, asambleas y reclamos contra la precarizaci\u00f3n.<\/li>\n<li>La Orquesta Sinf\u00f3nica, CONICET, DASPU, Comedor Universitario, Ciencia y T\u00e9cnica, todas luchas que fortalecieron nuestra organizaci\u00f3n en la UNC.<\/li>\n<li>En cada facultad y dependencia ATE ampli\u00f3 su representaci\u00f3n: Lenguas, Filosof\u00eda, Psicolog\u00eda, FAMAF, Planeamiento F\u00edsico, Hemoderivados, Hospital de Cl\u00ednicas y m\u00e1s.<\/li>\n<\/ul>\n<p>ATE defiende tus derechos y exige pase a planta permanente, paritarias reales, igualdad de g\u00e9nero, salarios dignos, formaci\u00f3n y participaci\u00f3n sindical.<\/p>\n<p>Desde el Comedor Universitario hasta el Hospital de Cl\u00ednicas, pasando por cada facultad y dependencia, ATE sigue construyendo presencia, unidad y derechos en la UNC.<\/p>\n<p>Porque el sindicato se construye desde abajo, con organizaci\u00f3n, solidaridad y lucha colectiva.<\/p>\n<p>\u201cSumate a ATE en la UNC y se parte de esta historia que sigue escribi\u00e9ndose\u201d, convoca ATE C\u00f3rdoba.<\/p>\n","protected":false},"excerpt":{"rendered":"<p>M\u00e1s de una d\u00e9cada de organizaci\u00f3n, lucha y conquistas junto a las y los trabajadores no docentes, desde 2011, ATE hizo historia en la Universidad Nacional de C\u00f3rdoba (UNC). Apertura del di\u00e1logo con las autoridades universitarias. Primeras elecciones de delegados en el Comedor Universitario. Paros, asambleas y reclamos contra la precarizaci\u00f3n. La Orquesta Sinf\u00f3nica, CONICET, [&hellip;]<\/p>\n","protected":false},"author":7,"featured_media":51330,"comment_status":"open","ping_status":"open","sticky":false,"template":"","format":"standard","meta":{"_exactmetrics_skip_tracking":false,"_exactmetrics_sitenote_active":false,"_exactmetrics_sitenote_note":"","_exactmetrics_sitenote_category":0,"jnews-multi-image_gallery":[],"jnews_single_post":[],"jnews_primary_category":[],"jnews_social_meta":[],"jnews_review":[],"enable_review":"","type":"","name":"","summary":"","brand":"","sku":"","good":[],"bad":[],"score_override":"","override_value":"","rating":[],"price":[],"jnews_override_counter":[],"jnews_post_split":[],"footnotes":""},"categories":[18],"tags":[],"class_list":["post-51329","post","type-post","status-publish","format-standard","has-post-thumbnail","hentry","category-nacionales"],"jetpack_featured_media_url":"https:\/\/atecordoba.org\/wp-content\/uploads\/2025\/10\/ate-unc-afiliate-e1761830512948.jpg","_links":{"self":[{"href":"https:\/\/atecordoba.org\/index.php?rest_route=\/wp\/v2\/posts\/51329","targetHints":{"allow":["GET"]}}],"collection":[{"href":"https:\/\/atecordoba.org\/index.php?rest_route=\/wp\/v2\/posts"}],"about":[{"href":"https:\/\/atecordoba.org\/index.php?rest_route=\/wp\/v2\/types\/post"}],"author":[{"embeddable":true,"href":"https:\/\/atecordoba.org\/index.php?rest_route=\/wp\/v2\/users\/7"}],"replies":[{"embeddable":true,"href":"https:\/\/atecordoba.org\/index.php?rest_route=%2Fwp%2Fv2%2Fcomments&post=51329"}],"version-history":[{"count":1,"href":"https:\/\/atecordoba.org\/index.php?rest_route=\/wp\/v2\/posts\/51329\/revisions"}],"predecessor-version":[{"id":51331,"href":"https:\/\/atecordoba.org\/index.php?rest_route=\/wp\/v2\/posts\/51329\/revisions\/51331"}],"wp:featuredmedia":[{"embeddable":true,"href":"https:\/\/atecordoba.org\/index.php?rest_route=\/wp\/v2\/media\/51330"}],"wp:attachment":[{"href":"https:\/\/atecordoba.org\/index.php?rest_route=%2Fwp%2Fv2%2Fmedia&parent=51329"}],"wp:term":[{"taxonomy":"category","embeddable":true,"href":"https:\/\/atecordoba.org\/index.php?rest_route=%2Fwp%2Fv2%2Fcategories&post=51329"},{"taxonomy":"post_tag","embeddable":true,"href":"https:\/\/atecordoba.org\/index.php?rest_route=%2Fwp%2Fv2%2Ftags&post=51329"}],"curies":[{"name":"wp","href":"https:\/\/api.w.org\/{rel}","templated":true}]}}