{"id":51324,"date":"2025-10-30T10:09:37","date_gmt":"2025-10-30T13:09:37","guid":{"rendered":"https:\/\/atecordoba.org\/?p=51324"},"modified":"2025-10-30T10:09:37","modified_gmt":"2025-10-30T13:09:37","slug":"ate-y-ctaa-convocan-a-la-12o-marcha-por-la-salud-mental","status":"publish","type":"post","link":"https:\/\/atecordoba.org\/?p=51324","title":{"rendered":"ATE y CTAA convocan a la 12\u00ba Marcha por la Salud Mental"},"content":{"rendered":"<p><img loading=\"lazy\" decoding=\"async\" class=\"aligncenter wp-image-51325 size-full\" src=\"https:\/\/atecordoba.org\/wp-content\/uploads\/2025\/10\/12-narcha-salud-mental.jpg\" alt=\"\" width=\"509\" height=\"720\" \/>ATE y la CTA Aut\u00f3noma C\u00f3rdoba se suman a la convocatoria formulada por el Colectivo por el Derecho a la Salud Mental, para participar de la 12\u00b0 Marcha por la Salud Mental que tendr\u00e1 lugar este viernes a las cinco de la tarde, bajo el lema \u201cNo somos derechos, tenemos derechos\u201d.<\/p>\n<p>La movilizaci\u00f3n se llevar\u00e1 a cabo ma\u00f1ana viernes 31 de octubre, desde las 17 horas, con concentraci\u00f3n en Av. Col\u00f3n y General Paz.<\/p>\n<p>Como todos los a\u00f1os desde 2014, la marcha tiene como reclamo la implementaci\u00f3n de las leyes de salud mental, en el \u00e1mbito nacional y provincial.<\/p>\n<p>En esta oportunidad, la consigna es: \u201cNo somos desechos, tenemos derechos\u201d.<img loading=\"lazy\" decoding=\"async\" class=\"alignleft wp-image-51326 size-full\" src=\"https:\/\/atecordoba.org\/wp-content\/uploads\/2025\/10\/cartel-salud-mental.jpg\" alt=\"\" width=\"300\" height=\"225\" \/><\/p>\n<p>Desde el colectivo organizador indicaron que se eligi\u00f3 ese lema \u201cporque seguimos luchando por la dignidad y el cumplimiento de las leyes, exigiendo que el Estado y la sociedad asuman su responsabilidad de garantizar una vida plena para todos, sin que el padecimiento mental sea un motivo para la exclusi\u00f3n o el descarte\u201d.<\/p>\n<p>Se convoca a personas usuarias de los servicios de salud mental, familiares, trabajadoras, estudiantes, organizaciones sociales, organismos de derechos humanos, artistas, docentes, profesionales y la sociedad en general a participar de la movilizaci\u00f3n.<\/p>\n<p>La Marcha representa adem\u00e1s el reclamo colectivo de todas las personas que a\u00f1o tras a\u00f1o nos encontramos en las calles para seguir exigiendo la plena implementaci\u00f3n de la Ley de Salud Mental.<\/p>\n","protected":false},"excerpt":{"rendered":"<p>ATE y la CTA Aut\u00f3noma C\u00f3rdoba se suman a la convocatoria formulada por el Colectivo por el Derecho a la Salud Mental, para participar de la 12\u00b0 Marcha por la Salud Mental que tendr\u00e1 lugar este viernes a las cinco de la tarde, bajo el lema \u201cNo somos derechos, tenemos derechos\u201d. La movilizaci\u00f3n se llevar\u00e1 [&hellip;]<\/p>\n","protected":false},"author":7,"featured_media":51325,"comment_status":"open","ping_status":"open","sticky":false,"template":"","format":"standard","meta":{"_exactmetrics_skip_tracking":false,"_exactmetrics_sitenote_active":false,"_exactmetrics_sitenote_note":"","_exactmetrics_sitenote_category":0,"jnews-multi-image_gallery":[],"jnews_single_post":[],"jnews_primary_category":[],"jnews_social_meta":[],"jnews_review":[],"enable_review":"","type":"","name":"","summary":"","brand":"","sku":"","good":[],"bad":[],"score_override":"","override_value":"","rating":[],"price":[],"jnews_override_counter":[],"jnews_post_split":[],"footnotes":""},"categories":[10],"tags":[],"class_list":["post-51324","post","type-post","status-publish","format-standard","has-post-thumbnail","hentry","category-accion-politica"],"jetpack_featured_media_url":"https:\/\/atecordoba.org\/wp-content\/uploads\/2025\/10\/12-narcha-salud-mental-e1761829755259.jpg","_links":{"self":[{"href":"https:\/\/atecordoba.org\/index.php?rest_route=\/wp\/v2\/posts\/51324","targetHints":{"allow":["GET"]}}],"collection":[{"href":"https:\/\/atecordoba.org\/index.php?rest_route=\/wp\/v2\/posts"}],"about":[{"href":"https:\/\/atecordoba.org\/index.php?rest_route=\/wp\/v2\/types\/post"}],"author":[{"embeddable":true,"href":"https:\/\/atecordoba.org\/index.php?rest_route=\/wp\/v2\/users\/7"}],"replies":[{"embeddable":true,"href":"https:\/\/atecordoba.org\/index.php?rest_route=%2Fwp%2Fv2%2Fcomments&post=51324"}],"version-history":[{"count":1,"href":"https:\/\/atecordoba.org\/index.php?rest_route=\/wp\/v2\/posts\/51324\/revisions"}],"predecessor-version":[{"id":51327,"href":"https:\/\/atecordoba.org\/index.php?rest_route=\/wp\/v2\/posts\/51324\/revisions\/51327"}],"wp:featuredmedia":[{"embeddable":true,"href":"https:\/\/atecordoba.org\/index.php?rest_route=\/wp\/v2\/media\/51325"}],"wp:attachment":[{"href":"https:\/\/atecordoba.org\/index.php?rest_route=%2Fwp%2Fv2%2Fmedia&parent=51324"}],"wp:term":[{"taxonomy":"category","embeddable":true,"href":"https:\/\/atecordoba.org\/index.php?rest_route=%2Fwp%2Fv2%2Fcategories&post=51324"},{"taxonomy":"post_tag","embeddable":true,"href":"https:\/\/atecordoba.org\/index.php?rest_route=%2Fwp%2Fv2%2Ftags&post=51324"}],"curies":[{"name":"wp","href":"https:\/\/api.w.org\/{rel}","templated":true}]}}