{"id":51318,"date":"2025-10-30T09:52:28","date_gmt":"2025-10-30T12:52:28","guid":{"rendered":"https:\/\/atecordoba.org\/?p=51318"},"modified":"2025-10-30T09:53:06","modified_gmt":"2025-10-30T12:53:06","slug":"adelia-maria-ate-repudia-manifestaciones-de-un-dirigente-de-la-libertad-avanza","status":"publish","type":"post","link":"https:\/\/atecordoba.org\/?p=51318","title":{"rendered":"Adelia Mar\u00eda: ATE repudia manifestaciones de un dirigente de La Libertad Avanza"},"content":{"rendered":"<p><img loading=\"lazy\" decoding=\"async\" class=\"aligncenter wp-image-51319 \" src=\"https:\/\/atecordoba.org\/wp-content\/uploads\/2025\/10\/WhatsApp-Image-2024-12-26-at-19.10.32-1024x768.jpeg\" alt=\"\" width=\"617\" height=\"463\" srcset=\"https:\/\/atecordoba.org\/wp-content\/uploads\/2025\/10\/WhatsApp-Image-2024-12-26-at-19.10.32-1024x768.jpeg 1024w, https:\/\/atecordoba.org\/wp-content\/uploads\/2025\/10\/WhatsApp-Image-2024-12-26-at-19.10.32-300x225.jpeg 300w, https:\/\/atecordoba.org\/wp-content\/uploads\/2025\/10\/WhatsApp-Image-2024-12-26-at-19.10.32-768x576.jpeg 768w, https:\/\/atecordoba.org\/wp-content\/uploads\/2025\/10\/WhatsApp-Image-2024-12-26-at-19.10.32-750x563.jpeg 750w, https:\/\/atecordoba.org\/wp-content\/uploads\/2025\/10\/WhatsApp-Image-2024-12-26-at-19.10.32.jpeg 1080w\" sizes=\"auto, (max-width: 617px) 100vw, 617px\" \/>ATE Adelia Mar\u00eda repudi\u00f3 hoy las expresiones del referente de La Libertad Avanza, Julio C\u00e9sar Meinardo, para achicar el plantel de trabajadores municipales.<\/p>\n<figure id=\"attachment_51320\" aria-describedby=\"caption-attachment-51320\" style=\"width: 295px\" class=\"wp-caption alignright\"><img loading=\"lazy\" decoding=\"async\" class=\"wp-image-51320 size-medium\" src=\"https:\/\/atecordoba.org\/wp-content\/uploads\/2025\/10\/libertario-adelia-maria-295x300.jpg\" alt=\"\" width=\"295\" height=\"300\" srcset=\"https:\/\/atecordoba.org\/wp-content\/uploads\/2025\/10\/libertario-adelia-maria-295x300.jpg 295w, https:\/\/atecordoba.org\/wp-content\/uploads\/2025\/10\/libertario-adelia-maria-768x782.jpg 768w, https:\/\/atecordoba.org\/wp-content\/uploads\/2025\/10\/libertario-adelia-maria-75x75.jpg 75w, https:\/\/atecordoba.org\/wp-content\/uploads\/2025\/10\/libertario-adelia-maria-750x764.jpg 750w, https:\/\/atecordoba.org\/wp-content\/uploads\/2025\/10\/libertario-adelia-maria.jpg 832w\" sizes=\"auto, (max-width: 295px) 100vw, 295px\" \/><figcaption id=\"caption-attachment-51320\" class=\"wp-caption-text\">Julio Meinardo.<\/figcaption><\/figure>\n<p>\u201cAnte las recientes declaraciones a la prensa formuladas por Meinardo, ATE repudia su proyecto de traer la motosierra a nuestra ciudad, achicando el plantel de personal y despidiendo a trabajadores y trabajadoras bajo el argumento de que el gasto salarial de la Municipalidad debe ser recortado&#8221;, asegur\u00f3 el secretario General de la seccional, Diego Villegas.<\/p>\n<p>\u201cMeinardo desconoce el rol fundamental de las y los municipales en la atenci\u00f3n diaria de la poblaci\u00f3n, ignora que los niveles salariales ni siquiera cubren el costo de una Canasta Familiar y amenaza con precarizar al personal con la mentira que con ese presunto ahorro permitir\u00eda realizar las obras p\u00fablicas que ni la Naci\u00f3n ni la Provincia est\u00e1n ejecutando como debe corresponder&#8221;, manifest\u00f3 el dirigente.<\/p>\n<p>\u201cPeleado con las Matem\u00e1ticas, Meinardo cree que evitando erogar los m\u00edseros salarios actuales podr\u00eda juntar las millonarias inversiones necesarias para realizar dichas obras p\u00fablicas\u201d, remat\u00f3 Villegas.<\/p>\n<div class=\"addtoany_share_save_container addtoany_content addtoany_content_bottom\"><\/div>\n","protected":false},"excerpt":{"rendered":"<p>ATE Adelia Mar\u00eda repudi\u00f3 hoy las expresiones del referente de La Libertad Avanza, Julio C\u00e9sar Meinardo, para achicar el plantel de trabajadores municipales. \u201cAnte las recientes declaraciones a la prensa formuladas por Meinardo, ATE repudia su proyecto de traer la motosierra a nuestra ciudad, achicando el plantel de personal y despidiendo a trabajadores y trabajadoras [&hellip;]<\/p>\n","protected":false},"author":7,"featured_media":51319,"comment_status":"open","ping_status":"open","sticky":false,"template":"","format":"standard","meta":{"_exactmetrics_skip_tracking":false,"_exactmetrics_sitenote_active":false,"_exactmetrics_sitenote_note":"","_exactmetrics_sitenote_category":0,"jnews-multi-image_gallery":[],"jnews_single_post":{"format":"standard","override":[{"template":"1","parallax":"1","fullscreen":"1","layout":"no-sidebar-narrow","sidebar":"default-sidebar","second_sidebar":"default-sidebar","sticky_sidebar":"1","share_position":"bottom","share_float_style":"share-monocrhome","show_share_counter":"1","show_view_counter":"1","show_post_meta":"1","show_post_author_image":"1","show_post_date":"1","post_date_format":"default","post_date_format_custom":"Y\/m\/d","show_post_category":"1","show_post_reading_time":"0","post_reading_time_wpm":"300","post_calculate_word_method":"str_word_count","show_zoom_button":"0","zoom_button_out_step":"2","zoom_button_in_step":"3","show_post_tag":"1","number_popup_post":"1","show_post_related":"1","show_inline_post_related":"0"}],"image_override":[{"single_post_thumbnail_size":"crop-500","single_post_gallery_size":"crop-500"}],"trending_post_position":"meta","trending_post_label":"Trending","sponsored_post_label":"Sponsored by","disable_ad":"0"},"jnews_primary_category":[],"jnews_social_meta":[],"jnews_review":[],"enable_review":"","type":"percentage","name":"","summary":"","brand":"","sku":"","good":[],"bad":[],"score_override":"","override_value":"","rating":[],"price":[],"jnews_override_counter":{"view_counter_number":"0","share_counter_number":"0","like_counter_number":"0","dislike_counter_number":"0"},"jnews_post_split":{"post_split":[{"template":"1","tag":"h2","numbering":"asc","mode":"normal","first":"0","enable_toc":"0","toc_type":"normal"}]},"footnotes":""},"categories":[20],"tags":[],"class_list":["post-51318","post","type-post","status-publish","format-standard","has-post-thumbnail","hentry","category-municipales"],"jetpack_featured_media_url":"https:\/\/atecordoba.org\/wp-content\/uploads\/2025\/10\/WhatsApp-Image-2024-12-26-at-19.10.32.jpeg","_links":{"self":[{"href":"https:\/\/atecordoba.org\/index.php?rest_route=\/wp\/v2\/posts\/51318","targetHints":{"allow":["GET"]}}],"collection":[{"href":"https:\/\/atecordoba.org\/index.php?rest_route=\/wp\/v2\/posts"}],"about":[{"href":"https:\/\/atecordoba.org\/index.php?rest_route=\/wp\/v2\/types\/post"}],"author":[{"embeddable":true,"href":"https:\/\/atecordoba.org\/index.php?rest_route=\/wp\/v2\/users\/7"}],"replies":[{"embeddable":true,"href":"https:\/\/atecordoba.org\/index.php?rest_route=%2Fwp%2Fv2%2Fcomments&post=51318"}],"version-history":[{"count":2,"href":"https:\/\/atecordoba.org\/index.php?rest_route=\/wp\/v2\/posts\/51318\/revisions"}],"predecessor-version":[{"id":51322,"href":"https:\/\/atecordoba.org\/index.php?rest_route=\/wp\/v2\/posts\/51318\/revisions\/51322"}],"wp:featuredmedia":[{"embeddable":true,"href":"https:\/\/atecordoba.org\/index.php?rest_route=\/wp\/v2\/media\/51319"}],"wp:attachment":[{"href":"https:\/\/atecordoba.org\/index.php?rest_route=%2Fwp%2Fv2%2Fmedia&parent=51318"}],"wp:term":[{"taxonomy":"category","embeddable":true,"href":"https:\/\/atecordoba.org\/index.php?rest_route=%2Fwp%2Fv2%2Fcategories&post=51318"},{"taxonomy":"post_tag","embeddable":true,"href":"https:\/\/atecordoba.org\/index.php?rest_route=%2Fwp%2Fv2%2Ftags&post=51318"}],"curies":[{"name":"wp","href":"https:\/\/api.w.org\/{rel}","templated":true}]}}