{"id":51314,"date":"2025-10-30T09:45:25","date_gmt":"2025-10-30T12:45:25","guid":{"rendered":"https:\/\/atecordoba.org\/?p=51314"},"modified":"2025-10-30T09:45:25","modified_gmt":"2025-10-30T12:45:25","slug":"abogados-advierten-que-la-reforma-laboral-solo-apunta-a-bajar-costos-pero-no-preve-mejoras","status":"publish","type":"post","link":"https:\/\/atecordoba.org\/?p=51314","title":{"rendered":"Abogados advierten que la reforma laboral s\u00f3lo apunta a bajar costos pero no prev\u00e9 mejoras"},"content":{"rendered":"<h6><img loading=\"lazy\" decoding=\"async\" class=\"aligncenter wp-image-51315 \" src=\"https:\/\/atecordoba.org\/wp-content\/uploads\/2025\/10\/biafore-manos-1024x643.webp\" alt=\"\" width=\"604\" height=\"379\" srcset=\"https:\/\/atecordoba.org\/wp-content\/uploads\/2025\/10\/biafore-manos-1024x643.webp 1024w, https:\/\/atecordoba.org\/wp-content\/uploads\/2025\/10\/biafore-manos-300x189.webp 300w, https:\/\/atecordoba.org\/wp-content\/uploads\/2025\/10\/biafore-manos-768x483.webp 768w, https:\/\/atecordoba.org\/wp-content\/uploads\/2025\/10\/biafore-manos-750x471.webp 750w, https:\/\/atecordoba.org\/wp-content\/uploads\/2025\/10\/biafore-manos-1140x716.webp 1140w, https:\/\/atecordoba.org\/wp-content\/uploads\/2025\/10\/biafore-manos.webp 1200w\" sizes=\"auto, (max-width: 604px) 100vw, 604px\" \/>(fuente: puntal.com.ar)<\/h6>\n<p>\u201cEl Derecho del Trabajo es mutante y v\u00edvido por naturaleza. Si se queda quieto, si se queda anquilosado, hay un problem\u00f3n\u201d, comienza explicando el abogado laboralista Eugenio Biafore, asesor letrado de ATE C\u00f3rdoba, al describir el escenario de la normativa del empleo en Argentina, como respuesta a la sugerencia de que el marco legal permanece inalterable desde hace d\u00e9cadas.<\/p>\n<p>Es que uno de los argumentos centrales que arrojan los voceros del oficialismo nacional y sectores cercanos es que los convenios quedaron desactualizados y muchos datan de la d\u00e9cada del \u201870. \u201cPor eso es que por los convenios colectivos de trabajo tienen reuniones empresarios y sindicatos todos los a\u00f1os\u201d, agreg\u00f3 Biafore, antes de recordar que \u201cen Argentina, m\u00e1s de 4.000 sindicatos todos los a\u00f1os discuten salario en una mesa de negociaci\u00f3n que funciona y que es una extraordinaria muestra al mundo\u201d.<\/p>\n<p><strong>-\u00bfPero ah\u00ed no s\u00f3lo se discute salario?<\/strong><\/p>\n<p>-No, todo. Lo que pasa es que cuando se habla de modernizaci\u00f3n, no se habla de modernizaci\u00f3n productiva, ni de convenio colectivo, sino de c\u00f3mo cambiar aquellas normas que no permiten transformar los m\u00ednimos inderogables o la renunciabilidad, o bajar el costo final que tiene el despido, o algunas reglas del trabajo que se entienden ya vetustas y que le agregan al empleador algunos costos que no est\u00e1 dispuesto a convalidar. Por ejemplo, la forma en que se pagan las vacaciones, las enfermedades, las licencias, los francos compensatorios. Es decir, la modernizaci\u00f3n laboral es entendida como el abaratamiento del costo laboral a trav\u00e9s del cambio de la norma.<\/p>\n<p>En esa l\u00ednea, la abogada laboralista riocuartense, Cristina Azocar, remarc\u00f3 que la idea de ampliar la jornada laboral \u201cir\u00eda en contra de lineamientos internacionales que hablan de jornadas de descanso m\u00e1s extensas, de cuidar al trabajador, de debates en torno a la salud mental, el estr\u00e9s laboral y sus consecuencias\u201d, remarc\u00f3.<\/p>\n","protected":false},"excerpt":{"rendered":"<p>(fuente: puntal.com.ar) \u201cEl Derecho del Trabajo es mutante y v\u00edvido por naturaleza. Si se queda quieto, si se queda anquilosado, hay un problem\u00f3n\u201d, comienza explicando el abogado laboralista Eugenio Biafore, asesor letrado de ATE C\u00f3rdoba, al describir el escenario de la normativa del empleo en Argentina, como respuesta a la sugerencia de que el marco [&hellip;]<\/p>\n","protected":false},"author":7,"featured_media":51315,"comment_status":"open","ping_status":"open","sticky":false,"template":"","format":"standard","meta":{"_exactmetrics_skip_tracking":false,"_exactmetrics_sitenote_active":false,"_exactmetrics_sitenote_note":"","_exactmetrics_sitenote_category":0,"jnews-multi-image_gallery":[],"jnews_single_post":[],"jnews_primary_category":[],"jnews_social_meta":[],"jnews_review":[],"enable_review":"","type":"","name":"","summary":"","brand":"","sku":"","good":[],"bad":[],"score_override":"","override_value":"","rating":[],"price":[],"jnews_override_counter":[],"jnews_post_split":[],"footnotes":""},"categories":[10],"tags":[],"class_list":["post-51314","post","type-post","status-publish","format-standard","has-post-thumbnail","hentry","category-accion-politica"],"jetpack_featured_media_url":"https:\/\/atecordoba.org\/wp-content\/uploads\/2025\/10\/biafore-manos.webp","_links":{"self":[{"href":"https:\/\/atecordoba.org\/index.php?rest_route=\/wp\/v2\/posts\/51314","targetHints":{"allow":["GET"]}}],"collection":[{"href":"https:\/\/atecordoba.org\/index.php?rest_route=\/wp\/v2\/posts"}],"about":[{"href":"https:\/\/atecordoba.org\/index.php?rest_route=\/wp\/v2\/types\/post"}],"author":[{"embeddable":true,"href":"https:\/\/atecordoba.org\/index.php?rest_route=\/wp\/v2\/users\/7"}],"replies":[{"embeddable":true,"href":"https:\/\/atecordoba.org\/index.php?rest_route=%2Fwp%2Fv2%2Fcomments&post=51314"}],"version-history":[{"count":1,"href":"https:\/\/atecordoba.org\/index.php?rest_route=\/wp\/v2\/posts\/51314\/revisions"}],"predecessor-version":[{"id":51316,"href":"https:\/\/atecordoba.org\/index.php?rest_route=\/wp\/v2\/posts\/51314\/revisions\/51316"}],"wp:featuredmedia":[{"embeddable":true,"href":"https:\/\/atecordoba.org\/index.php?rest_route=\/wp\/v2\/media\/51315"}],"wp:attachment":[{"href":"https:\/\/atecordoba.org\/index.php?rest_route=%2Fwp%2Fv2%2Fmedia&parent=51314"}],"wp:term":[{"taxonomy":"category","embeddable":true,"href":"https:\/\/atecordoba.org\/index.php?rest_route=%2Fwp%2Fv2%2Fcategories&post=51314"},{"taxonomy":"post_tag","embeddable":true,"href":"https:\/\/atecordoba.org\/index.php?rest_route=%2Fwp%2Fv2%2Ftags&post=51314"}],"curies":[{"name":"wp","href":"https:\/\/api.w.org\/{rel}","templated":true}]}}