{"id":51303,"date":"2025-10-29T14:11:49","date_gmt":"2025-10-29T17:11:49","guid":{"rendered":"https:\/\/atecordoba.org\/?p=51303"},"modified":"2025-10-29T14:11:49","modified_gmt":"2025-10-29T17:11:49","slug":"ate-dicto-un-taller-de-capacitacion-sobre-el-sistema-de-riesgos-del-trabajo","status":"publish","type":"post","link":"https:\/\/atecordoba.org\/?p=51303","title":{"rendered":"ATE dict\u00f3 un taller de capacitaci\u00f3n sobre el sistema de Riesgos del Trabajo"},"content":{"rendered":"<p><img loading=\"lazy\" decoding=\"async\" class=\"aligncenter wp-image-51304 \" src=\"https:\/\/atecordoba.org\/wp-content\/uploads\/2025\/10\/WhatsApp-Image-2025-10-29-at-13.09.06-e1761757705411-1024x728.jpeg\" alt=\"\" width=\"604\" height=\"429\" srcset=\"https:\/\/atecordoba.org\/wp-content\/uploads\/2025\/10\/WhatsApp-Image-2025-10-29-at-13.09.06-e1761757705411-1024x728.jpeg 1024w, https:\/\/atecordoba.org\/wp-content\/uploads\/2025\/10\/WhatsApp-Image-2025-10-29-at-13.09.06-e1761757705411-300x213.jpeg 300w, https:\/\/atecordoba.org\/wp-content\/uploads\/2025\/10\/WhatsApp-Image-2025-10-29-at-13.09.06-e1761757705411-768x546.jpeg 768w, https:\/\/atecordoba.org\/wp-content\/uploads\/2025\/10\/WhatsApp-Image-2025-10-29-at-13.09.06-e1761757705411-120x86.jpeg 120w, https:\/\/atecordoba.org\/wp-content\/uploads\/2025\/10\/WhatsApp-Image-2025-10-29-at-13.09.06-e1761757705411-350x250.jpeg 350w, https:\/\/atecordoba.org\/wp-content\/uploads\/2025\/10\/WhatsApp-Image-2025-10-29-at-13.09.06-e1761757705411-750x533.jpeg 750w, https:\/\/atecordoba.org\/wp-content\/uploads\/2025\/10\/WhatsApp-Image-2025-10-29-at-13.09.06-e1761757705411-1140x810.jpeg 1140w, https:\/\/atecordoba.org\/wp-content\/uploads\/2025\/10\/WhatsApp-Image-2025-10-29-at-13.09.06-e1761757705411.jpeg 1200w\" sizes=\"auto, (max-width: 604px) 100vw, 604px\" \/>Hoy se desarroll\u00f3 en la Escuela de Oficiales de la Fuerza A\u00e9rea un taller de formaci\u00f3n para el Personal Civil de las Fuerzas Armadas titulado \u201cJornada de Formaci\u00f3n y Debate sobre Prevenci\u00f3n y Derechos Laborales\u201d, a cargo conjuntamente de la Secretar\u00eda de Acci\u00f3n Pol\u00edtica, el Departamento de Discapacidad y el Departamento de Salud Laboral, con la disertaci\u00f3n de las compa\u00f1eras Alejandra Agnone, Vanesa Hern\u00e1ndez y Estefan\u00eda Carranza respectivamente.<\/p>\n<p>En la oportunidad se abord\u00f3, frente a las inquietudes de los y las compa\u00f1eras presentes, el sistema de riesgo de trabajo de manera integral y la funci\u00f3n de las ART, para luego continuar con la funci\u00f3n controladora o veedora de la Superintendencia de Riesgos del Trabajo (SRT).<img loading=\"lazy\" decoding=\"async\" class=\"aligncenter wp-image-51307 \" src=\"https:\/\/atecordoba.org\/wp-content\/uploads\/2025\/10\/WhatsApp-Image-2025-10-29-at-13.09.07-3-1024x768.jpeg\" alt=\"\" width=\"601\" height=\"451\" srcset=\"https:\/\/atecordoba.org\/wp-content\/uploads\/2025\/10\/WhatsApp-Image-2025-10-29-at-13.09.07-3-1024x768.jpeg 1024w, https:\/\/atecordoba.org\/wp-content\/uploads\/2025\/10\/WhatsApp-Image-2025-10-29-at-13.09.07-3-300x225.jpeg 300w, https:\/\/atecordoba.org\/wp-content\/uploads\/2025\/10\/WhatsApp-Image-2025-10-29-at-13.09.07-3-768x576.jpeg 768w, https:\/\/atecordoba.org\/wp-content\/uploads\/2025\/10\/WhatsApp-Image-2025-10-29-at-13.09.07-3-1536x1152.jpeg 1536w, https:\/\/atecordoba.org\/wp-content\/uploads\/2025\/10\/WhatsApp-Image-2025-10-29-at-13.09.07-3-750x563.jpeg 750w, https:\/\/atecordoba.org\/wp-content\/uploads\/2025\/10\/WhatsApp-Image-2025-10-29-at-13.09.07-3-1140x855.jpeg 1140w, https:\/\/atecordoba.org\/wp-content\/uploads\/2025\/10\/WhatsApp-Image-2025-10-29-at-13.09.07-3.jpeg 1600w\" sizes=\"auto, (max-width: 601px) 100vw, 601px\" \/><\/p>\n<p>En tal sentido, se destac\u00f3 de la importancia del rol del delegado en la tarea tanto de recibir las denuncias o atender a las inquietudes de los compa\u00f1eros. Los y las participantes recibieron herramientas pr\u00e1ctica sobre c\u00f3mo detectar a trav\u00e9s de un mapeo de riesgo en el sector de trabajo y cu\u00e1les son los posibles riesgos para que intervenga ah\u00ed con el reclamo de las medidas de protecci\u00f3n o bien intentar llevar a cabo la mayor cantidad de tareas preventivas.<img loading=\"lazy\" decoding=\"async\" class=\"aligncenter wp-image-51312 \" src=\"https:\/\/atecordoba.org\/wp-content\/uploads\/2025\/10\/WhatsApp-Image-2025-10-29-at-13.09.09-1024x768.jpeg\" alt=\"\" width=\"602\" height=\"452\" srcset=\"https:\/\/atecordoba.org\/wp-content\/uploads\/2025\/10\/WhatsApp-Image-2025-10-29-at-13.09.09-1024x768.jpeg 1024w, https:\/\/atecordoba.org\/wp-content\/uploads\/2025\/10\/WhatsApp-Image-2025-10-29-at-13.09.09-300x225.jpeg 300w, https:\/\/atecordoba.org\/wp-content\/uploads\/2025\/10\/WhatsApp-Image-2025-10-29-at-13.09.09-768x576.jpeg 768w, https:\/\/atecordoba.org\/wp-content\/uploads\/2025\/10\/WhatsApp-Image-2025-10-29-at-13.09.09-750x563.jpeg 750w, https:\/\/atecordoba.org\/wp-content\/uploads\/2025\/10\/WhatsApp-Image-2025-10-29-at-13.09.09-1140x855.jpeg 1140w, https:\/\/atecordoba.org\/wp-content\/uploads\/2025\/10\/WhatsApp-Image-2025-10-29-at-13.09.09.jpeg 1280w\" sizes=\"auto, (max-width: 602px) 100vw, 602px\" \/><\/p>\n<p>Por otra parte, el taller avanz\u00f3 sobre la problem\u00e1tica de riesgos psicosociales, su importancia que tiene y c\u00f3mo impacta la salud f\u00edsica del trabajador y la trabajadora, las caracter\u00edsticas adecuadas del ambiente laboral y qu\u00e9 hacer en t\u00e9rminos preventivos al respecto tambi\u00e9n. Por \u00faltimo se abordaron las caracter\u00edsticas del retiro por invalidez.<\/p>\n<p>De esta manera, ATE contin\u00faa desarrollando tareas de formaci\u00f3n para delegados y delegados estatales a los fines de poder dar respuesta a las demandas de sus compa\u00f1eros y compa\u00f1eras representadas.<\/p>\n","protected":false},"excerpt":{"rendered":"<p>Hoy se desarroll\u00f3 en la Escuela de Oficiales de la Fuerza A\u00e9rea un taller de formaci\u00f3n para el Personal Civil de las Fuerzas Armadas titulado \u201cJornada de Formaci\u00f3n y Debate sobre Prevenci\u00f3n y Derechos Laborales\u201d, a cargo conjuntamente de la Secretar\u00eda de Acci\u00f3n Pol\u00edtica, el Departamento de Discapacidad y el Departamento de Salud Laboral, con [&hellip;]<\/p>\n","protected":false},"author":7,"featured_media":51304,"comment_status":"open","ping_status":"open","sticky":false,"template":"","format":"standard","meta":{"_exactmetrics_skip_tracking":false,"_exactmetrics_sitenote_active":false,"_exactmetrics_sitenote_note":"","_exactmetrics_sitenote_category":0,"jnews-multi-image_gallery":[],"jnews_single_post":[],"jnews_primary_category":[],"jnews_social_meta":[],"jnews_review":[],"enable_review":"","type":"","name":"","summary":"","brand":"","sku":"","good":[],"bad":[],"score_override":"","override_value":"","rating":[],"price":[],"jnews_override_counter":[],"jnews_post_split":[],"footnotes":""},"categories":[88],"tags":[],"class_list":["post-51303","post","type-post","status-publish","format-standard","has-post-thumbnail","hentry","category-formacion"],"jetpack_featured_media_url":"https:\/\/atecordoba.org\/wp-content\/uploads\/2025\/10\/WhatsApp-Image-2025-10-29-at-13.09.06-e1761757705411.jpeg","_links":{"self":[{"href":"https:\/\/atecordoba.org\/index.php?rest_route=\/wp\/v2\/posts\/51303","targetHints":{"allow":["GET"]}}],"collection":[{"href":"https:\/\/atecordoba.org\/index.php?rest_route=\/wp\/v2\/posts"}],"about":[{"href":"https:\/\/atecordoba.org\/index.php?rest_route=\/wp\/v2\/types\/post"}],"author":[{"embeddable":true,"href":"https:\/\/atecordoba.org\/index.php?rest_route=\/wp\/v2\/users\/7"}],"replies":[{"embeddable":true,"href":"https:\/\/atecordoba.org\/index.php?rest_route=%2Fwp%2Fv2%2Fcomments&post=51303"}],"version-history":[{"count":1,"href":"https:\/\/atecordoba.org\/index.php?rest_route=\/wp\/v2\/posts\/51303\/revisions"}],"predecessor-version":[{"id":51313,"href":"https:\/\/atecordoba.org\/index.php?rest_route=\/wp\/v2\/posts\/51303\/revisions\/51313"}],"wp:featuredmedia":[{"embeddable":true,"href":"https:\/\/atecordoba.org\/index.php?rest_route=\/wp\/v2\/media\/51304"}],"wp:attachment":[{"href":"https:\/\/atecordoba.org\/index.php?rest_route=%2Fwp%2Fv2%2Fmedia&parent=51303"}],"wp:term":[{"taxonomy":"category","embeddable":true,"href":"https:\/\/atecordoba.org\/index.php?rest_route=%2Fwp%2Fv2%2Fcategories&post=51303"},{"taxonomy":"post_tag","embeddable":true,"href":"https:\/\/atecordoba.org\/index.php?rest_route=%2Fwp%2Fv2%2Ftags&post=51303"}],"curies":[{"name":"wp","href":"https:\/\/api.w.org\/{rel}","templated":true}]}}