{"id":51298,"date":"2025-10-29T10:52:15","date_gmt":"2025-10-29T13:52:15","guid":{"rendered":"https:\/\/atecordoba.org\/?p=51298"},"modified":"2025-10-29T10:53:35","modified_gmt":"2025-10-29T13:53:35","slug":"giuliani-repudio-a-la-criminalizacion-de-la-politica","status":"publish","type":"post","link":"https:\/\/atecordoba.org\/?p=51298","title":{"rendered":"Giuliani: repudio a la criminalizaci\u00f3n de la pol\u00edtica"},"content":{"rendered":"<p><img loading=\"lazy\" decoding=\"async\" class=\"aligncenter wp-image-51253 \" src=\"https:\/\/atecordoba.org\/wp-content\/uploads\/2025\/10\/WhatsApp-Image-2025-10-24-at-11.25.30-768x1024.jpeg\" alt=\"\" width=\"600\" height=\"800\" srcset=\"https:\/\/atecordoba.org\/wp-content\/uploads\/2025\/10\/WhatsApp-Image-2025-10-24-at-11.25.30-768x1024.jpeg 768w, https:\/\/atecordoba.org\/wp-content\/uploads\/2025\/10\/WhatsApp-Image-2025-10-24-at-11.25.30-225x300.jpeg 225w, https:\/\/atecordoba.org\/wp-content\/uploads\/2025\/10\/WhatsApp-Image-2025-10-24-at-11.25.30-1152x1536.jpeg 1152w, https:\/\/atecordoba.org\/wp-content\/uploads\/2025\/10\/WhatsApp-Image-2025-10-24-at-11.25.30-1536x2048.jpeg 1536w, https:\/\/atecordoba.org\/wp-content\/uploads\/2025\/10\/WhatsApp-Image-2025-10-24-at-11.25.30-750x1000.jpeg 750w, https:\/\/atecordoba.org\/wp-content\/uploads\/2025\/10\/WhatsApp-Image-2025-10-24-at-11.25.30-1140x1520.jpeg 1140w, https:\/\/atecordoba.org\/wp-content\/uploads\/2025\/10\/WhatsApp-Image-2025-10-24-at-11.25.30-scaled.jpeg 1920w\" sizes=\"auto, (max-width: 600px) 100vw, 600px\" \/>En su car\u00e1cter de Secretario General de la Asociaci\u00f3n Trabajadores del Estado \u2013ATE C\u00f3rdoba\u2013 y de la Central de Trabajadores Aut\u00f3nomos -CTA C\u00f3rdoba-, Federico Giuliani, expres\u00f3 su m\u00e1s en\u00e9rgico repudio a la criminalizaci\u00f3n de dirigentes populares y al uso pol\u00edtico del Poder Judicial, que una vez m\u00e1s demuestra ser funcional a los intereses de los poderosos y no a los del pueblo trabajador.<\/p>\n<p>&#8220;Apenas dos d\u00edas despu\u00e9s de las elecciones nacionales, la Corte Suprema de Justicia dict\u00f3 la condena firme contra Guillermo Moreno, inhabilit\u00e1ndolo de por vida para ejercer cargos p\u00fablicos, por hechos vinculados a su enfrentamiento pol\u00edtico con el poder medi\u00e1tico concentrado. En paralelo, ese mismo tribunal confirm\u00f3 el sobreseimiento de Mauricio Macri en la causa por el espionaje ilegal a los familiares de los tripulantes del ARA San Juan, un delito que vulner\u00f3 el dolor y la dignidad de quienes reclamaban justicia por sus seres queridos.<\/p>\n<p>No se trata de casualidades, sino de una l\u00f3gica de poder. La misma justicia que absuelve a los responsables de la persecuci\u00f3n y el espionaje pol\u00edtico, condena a quienes levantan la voz contra los grupos econ\u00f3micos y medi\u00e1ticos que condicionan la democracia. La doble vara del \u201cpartido judicial\u201d se hace cada vez m\u00e1s evidente: se castiga la militancia popular, mientras se garantiza impunidad a los representantes del poder concentrado.<\/p>\n<p>Desde ATE C\u00f3rdoba sostenemos que ning\u00fan dirigente popular debe ser perseguido por expresar sus convicciones, y que no puede haber democracia plena sin justicia independiente y al servicio del pueblo. Reivindicamos el derecho a la palabra, a la cr\u00edtica y a la organizaci\u00f3n pol\u00edtica de quienes luchamos por una Argentina m\u00e1s justa, libre y soberana.<\/p>\n<p>Nuestra historia demuestra que cada intento de disciplinamiento se enfrenta con m\u00e1s organizaci\u00f3n y m\u00e1s unidad. Frente a la criminalizaci\u00f3n de la dirigencia popular y al avance de un poder judicial cooptado por los intereses del macrismo y de los sectores dominantes, reafirmamos nuestro compromiso con la defensa irrestricta de los derechos de las y los trabajadores y con la construcci\u00f3n de un pa\u00eds verdaderamente democr\u00e1tico&#8221;, afirm\u00f3 Giuliani.<\/p>\n","protected":false},"excerpt":{"rendered":"<p>En su car\u00e1cter de Secretario General de la Asociaci\u00f3n Trabajadores del Estado \u2013ATE C\u00f3rdoba\u2013 y de la Central de Trabajadores Aut\u00f3nomos -CTA C\u00f3rdoba-, Federico Giuliani, expres\u00f3 su m\u00e1s en\u00e9rgico repudio a la criminalizaci\u00f3n de dirigentes populares y al uso pol\u00edtico del Poder Judicial, que una vez m\u00e1s demuestra ser funcional a los intereses de los [&hellip;]<\/p>\n","protected":false},"author":7,"featured_media":51253,"comment_status":"open","ping_status":"open","sticky":false,"template":"","format":"standard","meta":{"_exactmetrics_skip_tracking":false,"_exactmetrics_sitenote_active":false,"_exactmetrics_sitenote_note":"","_exactmetrics_sitenote_category":0,"jnews-multi-image_gallery":[],"jnews_single_post":{"format":"standard","override":[{"template":"1","parallax":"1","fullscreen":"1","layout":"no-sidebar-narrow","sidebar":"default-sidebar","second_sidebar":"default-sidebar","sticky_sidebar":"1","share_position":"bottom","share_float_style":"share-monocrhome","show_share_counter":"1","show_view_counter":"1","show_post_meta":"1","show_post_author_image":"1","show_post_date":"1","post_date_format":"default","post_date_format_custom":"Y\/m\/d","show_post_category":"1","show_post_reading_time":"0","post_reading_time_wpm":"300","post_calculate_word_method":"str_word_count","show_zoom_button":"0","zoom_button_out_step":"2","zoom_button_in_step":"3","show_post_tag":"1","number_popup_post":"1","show_post_related":"1","show_inline_post_related":"0"}],"image_override":[{"single_post_thumbnail_size":"crop-500","single_post_gallery_size":"crop-500"}],"trending_post_position":"meta","trending_post_label":"Trending","sponsored_post_label":"Sponsored by","disable_ad":"0"},"jnews_primary_category":[],"jnews_social_meta":[],"jnews_review":[],"enable_review":"","type":"percentage","name":"","summary":"","brand":"","sku":"","good":[],"bad":[],"score_override":"","override_value":"","rating":[],"price":[],"jnews_override_counter":{"view_counter_number":"0","share_counter_number":"0","like_counter_number":"0","dislike_counter_number":"0"},"jnews_post_split":{"post_split":[{"template":"1","tag":"h2","numbering":"asc","mode":"normal","first":"0","enable_toc":"0","toc_type":"normal"}]},"footnotes":""},"categories":[10],"tags":[],"class_list":["post-51298","post","type-post","status-publish","format-standard","has-post-thumbnail","hentry","category-accion-politica"],"jetpack_featured_media_url":"https:\/\/atecordoba.org\/wp-content\/uploads\/2025\/10\/WhatsApp-Image-2025-10-24-at-11.25.30-scaled.jpeg","_links":{"self":[{"href":"https:\/\/atecordoba.org\/index.php?rest_route=\/wp\/v2\/posts\/51298","targetHints":{"allow":["GET"]}}],"collection":[{"href":"https:\/\/atecordoba.org\/index.php?rest_route=\/wp\/v2\/posts"}],"about":[{"href":"https:\/\/atecordoba.org\/index.php?rest_route=\/wp\/v2\/types\/post"}],"author":[{"embeddable":true,"href":"https:\/\/atecordoba.org\/index.php?rest_route=\/wp\/v2\/users\/7"}],"replies":[{"embeddable":true,"href":"https:\/\/atecordoba.org\/index.php?rest_route=%2Fwp%2Fv2%2Fcomments&post=51298"}],"version-history":[{"count":2,"href":"https:\/\/atecordoba.org\/index.php?rest_route=\/wp\/v2\/posts\/51298\/revisions"}],"predecessor-version":[{"id":51300,"href":"https:\/\/atecordoba.org\/index.php?rest_route=\/wp\/v2\/posts\/51298\/revisions\/51300"}],"wp:featuredmedia":[{"embeddable":true,"href":"https:\/\/atecordoba.org\/index.php?rest_route=\/wp\/v2\/media\/51253"}],"wp:attachment":[{"href":"https:\/\/atecordoba.org\/index.php?rest_route=%2Fwp%2Fv2%2Fmedia&parent=51298"}],"wp:term":[{"taxonomy":"category","embeddable":true,"href":"https:\/\/atecordoba.org\/index.php?rest_route=%2Fwp%2Fv2%2Fcategories&post=51298"},{"taxonomy":"post_tag","embeddable":true,"href":"https:\/\/atecordoba.org\/index.php?rest_route=%2Fwp%2Fv2%2Ftags&post=51298"}],"curies":[{"name":"wp","href":"https:\/\/api.w.org\/{rel}","templated":true}]}}