{"id":51293,"date":"2025-10-28T09:48:04","date_gmt":"2025-10-28T12:48:04","guid":{"rendered":"https:\/\/atecordoba.org\/?p=51293"},"modified":"2025-10-28T09:48:04","modified_gmt":"2025-10-28T12:48:04","slug":"personal-civil-taller-sobre-riesgos-laborales","status":"publish","type":"post","link":"https:\/\/atecordoba.org\/?p=51293","title":{"rendered":"Personal Civil: Taller sobre Riesgos Laborales"},"content":{"rendered":"<p><img loading=\"lazy\" decoding=\"async\" class=\"aligncenter wp-image-51294 size-full\" src=\"https:\/\/atecordoba.org\/wp-content\/uploads\/2025\/10\/flyer-formacion-personal-civil.jpg\" alt=\"\" width=\"512\" height=\"640\" \/>El Consejo Directivo Provincial invita al Personal Civil de las Fuerzas Armadas a participar de una Jornada de Formaci\u00f3n y Debate sobre Prevenci\u00f3n y Derechos Laborales que se desarrollar\u00e1 ma\u00f1ana mi\u00e9rcoles 29 de octubre, a las 10 horas.<\/p>\n<p>La cita\u00a0es en el C\u00edrculo de Oficiales, av. Fuerza A\u00e9rea km 6 \u00bd, y el temario a abordar es:<\/p>\n<p>* \u201cElementos primarios de protecci\u00f3n.<\/p>\n<p>* \u201cMedidas de seguridad.<\/p>\n<p>* \u201cProcedimiento ante ART.<\/p>\n<p>* \u201cIntervenci\u00f3n de la SRT.<\/p>\n<p>* \u201cRetiro por invalidez.<\/p>\n<p>La actividad est\u00e1 organizada por la Secretar\u00eda de Salud y Seguridad Laboral de ATE C\u00f3rdoba.<\/p>\n","protected":false},"excerpt":{"rendered":"<p>El Consejo Directivo Provincial invita al Personal Civil de las Fuerzas Armadas a participar de una Jornada de Formaci\u00f3n y Debate sobre Prevenci\u00f3n y Derechos Laborales que se desarrollar\u00e1 ma\u00f1ana mi\u00e9rcoles 29 de octubre, a las 10 horas. La cita\u00a0es en el C\u00edrculo de Oficiales, av. Fuerza A\u00e9rea km 6 \u00bd, y el temario a [&hellip;]<\/p>\n","protected":false},"author":7,"featured_media":51294,"comment_status":"open","ping_status":"open","sticky":false,"template":"","format":"standard","meta":{"_exactmetrics_skip_tracking":false,"_exactmetrics_sitenote_active":false,"_exactmetrics_sitenote_note":"","_exactmetrics_sitenote_category":0,"jnews-multi-image_gallery":[],"jnews_single_post":[],"jnews_primary_category":[],"jnews_social_meta":[],"jnews_review":[],"enable_review":"","type":"","name":"","summary":"","brand":"","sku":"","good":[],"bad":[],"score_override":"","override_value":"","rating":[],"price":[],"jnews_override_counter":[],"jnews_post_split":[],"footnotes":""},"categories":[88],"tags":[],"class_list":["post-51293","post","type-post","status-publish","format-standard","has-post-thumbnail","hentry","category-formacion"],"jetpack_featured_media_url":"https:\/\/atecordoba.org\/wp-content\/uploads\/2025\/10\/flyer-formacion-personal-civil-e1761655678844.jpg","_links":{"self":[{"href":"https:\/\/atecordoba.org\/index.php?rest_route=\/wp\/v2\/posts\/51293","targetHints":{"allow":["GET"]}}],"collection":[{"href":"https:\/\/atecordoba.org\/index.php?rest_route=\/wp\/v2\/posts"}],"about":[{"href":"https:\/\/atecordoba.org\/index.php?rest_route=\/wp\/v2\/types\/post"}],"author":[{"embeddable":true,"href":"https:\/\/atecordoba.org\/index.php?rest_route=\/wp\/v2\/users\/7"}],"replies":[{"embeddable":true,"href":"https:\/\/atecordoba.org\/index.php?rest_route=%2Fwp%2Fv2%2Fcomments&post=51293"}],"version-history":[{"count":1,"href":"https:\/\/atecordoba.org\/index.php?rest_route=\/wp\/v2\/posts\/51293\/revisions"}],"predecessor-version":[{"id":51295,"href":"https:\/\/atecordoba.org\/index.php?rest_route=\/wp\/v2\/posts\/51293\/revisions\/51295"}],"wp:featuredmedia":[{"embeddable":true,"href":"https:\/\/atecordoba.org\/index.php?rest_route=\/wp\/v2\/media\/51294"}],"wp:attachment":[{"href":"https:\/\/atecordoba.org\/index.php?rest_route=%2Fwp%2Fv2%2Fmedia&parent=51293"}],"wp:term":[{"taxonomy":"category","embeddable":true,"href":"https:\/\/atecordoba.org\/index.php?rest_route=%2Fwp%2Fv2%2Fcategories&post=51293"},{"taxonomy":"post_tag","embeddable":true,"href":"https:\/\/atecordoba.org\/index.php?rest_route=%2Fwp%2Fv2%2Ftags&post=51293"}],"curies":[{"name":"wp","href":"https:\/\/api.w.org\/{rel}","templated":true}]}}