{"id":51289,"date":"2025-10-28T09:21:41","date_gmt":"2025-10-28T12:21:41","guid":{"rendered":"https:\/\/atecordoba.org\/?p=51289"},"modified":"2025-10-28T09:21:41","modified_gmt":"2025-10-28T12:21:41","slug":"el-pami-renueva-manana-su-cuerpo-de-delegados-as","status":"publish","type":"post","link":"https:\/\/atecordoba.org\/?p=51289","title":{"rendered":"El PAMI renueva ma\u00f1ana su cuerpo de delegados\/as"},"content":{"rendered":"<p><img loading=\"lazy\" decoding=\"async\" class=\"aligncenter wp-image-51290 \" src=\"https:\/\/atecordoba.org\/wp-content\/uploads\/2025\/10\/flyer-delegados-pami-1024x1024.jpg\" alt=\"\" width=\"604\" height=\"604\" \/>Ma\u00f1ana 29 de octubre los y las trabajadoras de la UGL PAMI C\u00f3rdoba renovar\u00e1n el cuerpo de delegados y delegadas de ATE.<\/p>\n<p>El comicio tendr\u00e1 lugar en el horario de 8 a 13 horas y ATE propone como candidatos y candidatas a Elisa Ojeda, Carolina Rold\u00e1n, Ana Laura Di Cola, Diego G\u00f3mez Echenique, Carolina Magall\u00e1n y Mar\u00eda Fernanda Polzoni.<\/p>\n<p>En ATE las y los delegados los eligen los trabajadores, a trav\u00e9s del voto directo y secreto.<\/p>\n<p>La elecci\u00f3n se realiza en el marco de un fuerte reclamo de haberes en el sector. ATE rechaza la propuesta salarial del Gobierno Nacional por insuficiente y exige ingresos dignos que reconozcan el trabajo y compromiso con las y los jubilados.<\/p>\n<div class=\"x14z9mp xat24cr x1lziwak x1vvkbs xtlvy1s x126k92a\">\n<div dir=\"auto\">\u201cDecimos basta de recortes en las prestaciones y defendemos el derecho a una salud p\u00fablica y de calidad para todas y todos. Porque la unidad es el camino y la dignidad no se negocia\u201d, afirm\u00f3 la asamblea de PAMI.<\/div>\n<div dir=\"auto\"><\/div>\n<\/div>\n<p>&nbsp;<\/p>\n","protected":false},"excerpt":{"rendered":"<p>Ma\u00f1ana 29 de octubre los y las trabajadoras de la UGL PAMI C\u00f3rdoba renovar\u00e1n el cuerpo de delegados y delegadas de ATE. El comicio tendr\u00e1 lugar en el horario de 8 a 13 horas y ATE propone como candidatos y candidatas a Elisa Ojeda, Carolina Rold\u00e1n, Ana Laura Di Cola, Diego G\u00f3mez Echenique, Carolina Magall\u00e1n [&hellip;]<\/p>\n","protected":false},"author":7,"featured_media":51290,"comment_status":"open","ping_status":"open","sticky":false,"template":"","format":"standard","meta":{"_exactmetrics_skip_tracking":false,"_exactmetrics_sitenote_active":false,"_exactmetrics_sitenote_note":"","_exactmetrics_sitenote_category":0,"jnews-multi-image_gallery":[],"jnews_single_post":[],"jnews_primary_category":[],"jnews_social_meta":[],"jnews_review":[],"enable_review":"","type":"","name":"","summary":"","brand":"","sku":"","good":[],"bad":[],"score_override":"","override_value":"","rating":[],"price":[],"jnews_override_counter":[],"jnews_post_split":[],"footnotes":""},"categories":[18],"tags":[],"class_list":["post-51289","post","type-post","status-publish","format-standard","has-post-thumbnail","hentry","category-nacionales"],"jetpack_featured_media_url":"https:\/\/atecordoba.org\/wp-content\/uploads\/2025\/10\/flyer-delegados-pami-e1761654094616.jpg","_links":{"self":[{"href":"https:\/\/atecordoba.org\/index.php?rest_route=\/wp\/v2\/posts\/51289","targetHints":{"allow":["GET"]}}],"collection":[{"href":"https:\/\/atecordoba.org\/index.php?rest_route=\/wp\/v2\/posts"}],"about":[{"href":"https:\/\/atecordoba.org\/index.php?rest_route=\/wp\/v2\/types\/post"}],"author":[{"embeddable":true,"href":"https:\/\/atecordoba.org\/index.php?rest_route=\/wp\/v2\/users\/7"}],"replies":[{"embeddable":true,"href":"https:\/\/atecordoba.org\/index.php?rest_route=%2Fwp%2Fv2%2Fcomments&post=51289"}],"version-history":[{"count":1,"href":"https:\/\/atecordoba.org\/index.php?rest_route=\/wp\/v2\/posts\/51289\/revisions"}],"predecessor-version":[{"id":51291,"href":"https:\/\/atecordoba.org\/index.php?rest_route=\/wp\/v2\/posts\/51289\/revisions\/51291"}],"wp:featuredmedia":[{"embeddable":true,"href":"https:\/\/atecordoba.org\/index.php?rest_route=\/wp\/v2\/media\/51290"}],"wp:attachment":[{"href":"https:\/\/atecordoba.org\/index.php?rest_route=%2Fwp%2Fv2%2Fmedia&parent=51289"}],"wp:term":[{"taxonomy":"category","embeddable":true,"href":"https:\/\/atecordoba.org\/index.php?rest_route=%2Fwp%2Fv2%2Fcategories&post=51289"},{"taxonomy":"post_tag","embeddable":true,"href":"https:\/\/atecordoba.org\/index.php?rest_route=%2Fwp%2Fv2%2Ftags&post=51289"}],"curies":[{"name":"wp","href":"https:\/\/api.w.org\/{rel}","templated":true}]}}