{"id":51286,"date":"2025-10-27T14:24:22","date_gmt":"2025-10-27T17:24:22","guid":{"rendered":"https:\/\/atecordoba.org\/?p=51286"},"modified":"2025-10-27T14:24:22","modified_gmt":"2025-10-27T17:24:22","slug":"proyecto-de-ate-para-que-el-asueto-del-dia-del-municipal-recaiga-en-dia-habil-2","status":"publish","type":"post","link":"https:\/\/atecordoba.org\/?p=51286","title":{"rendered":"Proyecto de ATE para que el asueto del D\u00eda del Municipal recaiga en d\u00eda h\u00e1bil"},"content":{"rendered":"<div class=\"entry-content no-share\">\n<div class=\"content-inner \">\n<p><img loading=\"lazy\" decoding=\"async\" class=\"aligncenter wp-image-51283 \" src=\"https:\/\/atecordoba.org\/wp-content\/uploads\/2025\/10\/WhatsApp-Image-2025-10-27-at-14.17.56-1024x768.jpeg\" alt=\"\" width=\"609\" height=\"457\" data-pin-no-hover=\"true\" \/>El Consejo Directivo Provincial de ATE C\u00f3rdoba envi\u00f3 un proyecto de ordenanza para los municipios y comunas del interior provincial, donde tiene la representaci\u00f3n directa, a los fines de establecer que el asueto del D\u00eda de La\/el Trabajador Municipal se establezca el d\u00eda h\u00e1bil anterior o posterior del 8 de noviembre, en caso que por calendario dicha jornada de celebraci\u00f3n devenga en d\u00eda inh\u00e1bil.<\/p>\n<p>De esta manera, las y los municipales tendr\u00e1n asegurado el merecido descanso que fija dicha jornada y se toma como experiencia base la Ordenanza 480\/09 de la Municipalidad de R\u00edo Cuarto.<\/p>\n<p>Los fundamentos de esta celebraci\u00f3n se basan en reconocer y valorar la labor esencial de los y las trabajadoras\u00a0 municipales en la atenci\u00f3n para garantizar derechos de la comunidad, en las distintas \u00e1reas de la gesti\u00f3n p\u00fablica, como limpieza, salud, seguridad y mantenimiento, entre otras. La fecha reivindica los derechos laborales y la importancia del trabajo del personal municipal.<\/p>\n<p>El proyecto se elevar\u00e1 a los concejos deliberantes de cada localidad para su tratamiento.<\/p>\n<p>De esta manera, ATE contin\u00faa trabajando para ampliar los derechos de los y las municipales del interior provincial.<\/p>\n<p><img loading=\"lazy\" decoding=\"async\" class=\"aligncenter wp-image-51279 \" src=\"https:\/\/atecordoba.org\/wp-content\/uploads\/2025\/10\/WhatsApp-Image-2025-10-27-at-13.40.32-1024x712.jpeg\" srcset=\"https:\/\/atecordoba.org\/wp-content\/uploads\/2025\/10\/WhatsApp-Image-2025-10-27-at-13.40.32-1024x712.jpeg 1024w, https:\/\/atecordoba.org\/wp-content\/uploads\/2025\/10\/WhatsApp-Image-2025-10-27-at-13.40.32-300x209.jpeg 300w, https:\/\/atecordoba.org\/wp-content\/uploads\/2025\/10\/WhatsApp-Image-2025-10-27-at-13.40.32-768x534.jpeg 768w, https:\/\/atecordoba.org\/wp-content\/uploads\/2025\/10\/WhatsApp-Image-2025-10-27-at-13.40.32-750x521.jpeg 750w, https:\/\/atecordoba.org\/wp-content\/uploads\/2025\/10\/WhatsApp-Image-2025-10-27-at-13.40.32.jpeg 1070w\" alt=\"\" width=\"606\" height=\"421\" data-pin-no-hover=\"true\" \/><\/p>\n<\/div>\n<\/div>\n<div class=\"jeg_share_bottom_container\">\n<div class=\"jeg_share_button share-bottom clearfix\">\n<div class=\"jeg_sharelist\"><\/div>\n<\/div>\n<\/div>\n","protected":false},"excerpt":{"rendered":"<p>El Consejo Directivo Provincial de ATE C\u00f3rdoba envi\u00f3 un proyecto de ordenanza para los municipios y comunas del interior provincial, donde tiene la representaci\u00f3n directa, a los fines de establecer que el asueto del D\u00eda de La\/el Trabajador Municipal se establezca el d\u00eda h\u00e1bil anterior o posterior del 8 de noviembre, en caso que por [&hellip;]<\/p>\n","protected":false},"author":7,"featured_media":51283,"comment_status":"open","ping_status":"open","sticky":false,"template":"","format":"standard","meta":{"_exactmetrics_skip_tracking":false,"_exactmetrics_sitenote_active":false,"_exactmetrics_sitenote_note":"","_exactmetrics_sitenote_category":0,"jnews-multi-image_gallery":[],"jnews_single_post":[],"jnews_primary_category":[],"jnews_social_meta":[],"jnews_review":[],"enable_review":"","type":"","name":"","summary":"","brand":"","sku":"","good":[],"bad":[],"score_override":"","override_value":"","rating":[],"price":[],"jnews_override_counter":[],"jnews_post_split":[],"footnotes":""},"categories":[20],"tags":[],"class_list":["post-51286","post","type-post","status-publish","format-standard","has-post-thumbnail","hentry","category-municipales"],"jetpack_featured_media_url":"https:\/\/atecordoba.org\/wp-content\/uploads\/2025\/10\/WhatsApp-Image-2025-10-27-at-14.17.56-e1761585755242.jpeg","_links":{"self":[{"href":"https:\/\/atecordoba.org\/index.php?rest_route=\/wp\/v2\/posts\/51286","targetHints":{"allow":["GET"]}}],"collection":[{"href":"https:\/\/atecordoba.org\/index.php?rest_route=\/wp\/v2\/posts"}],"about":[{"href":"https:\/\/atecordoba.org\/index.php?rest_route=\/wp\/v2\/types\/post"}],"author":[{"embeddable":true,"href":"https:\/\/atecordoba.org\/index.php?rest_route=\/wp\/v2\/users\/7"}],"replies":[{"embeddable":true,"href":"https:\/\/atecordoba.org\/index.php?rest_route=%2Fwp%2Fv2%2Fcomments&post=51286"}],"version-history":[{"count":1,"href":"https:\/\/atecordoba.org\/index.php?rest_route=\/wp\/v2\/posts\/51286\/revisions"}],"predecessor-version":[{"id":51288,"href":"https:\/\/atecordoba.org\/index.php?rest_route=\/wp\/v2\/posts\/51286\/revisions\/51288"}],"wp:featuredmedia":[{"embeddable":true,"href":"https:\/\/atecordoba.org\/index.php?rest_route=\/wp\/v2\/media\/51283"}],"wp:attachment":[{"href":"https:\/\/atecordoba.org\/index.php?rest_route=%2Fwp%2Fv2%2Fmedia&parent=51286"}],"wp:term":[{"taxonomy":"category","embeddable":true,"href":"https:\/\/atecordoba.org\/index.php?rest_route=%2Fwp%2Fv2%2Fcategories&post=51286"},{"taxonomy":"post_tag","embeddable":true,"href":"https:\/\/atecordoba.org\/index.php?rest_route=%2Fwp%2Fv2%2Ftags&post=51286"}],"curies":[{"name":"wp","href":"https:\/\/api.w.org\/{rel}","templated":true}]}}