{"id":51272,"date":"2025-10-27T11:52:35","date_gmt":"2025-10-27T14:52:35","guid":{"rendered":"https:\/\/atecordoba.org\/?p=51272"},"modified":"2025-10-27T11:52:35","modified_gmt":"2025-10-27T14:52:35","slug":"salsipuedes-ate-pide-la-apertura-de-la-mesa-de-relaciones-laboral-y-demanda-informacion-sobre-los-sueldos-de-los-funcionarios-politicos","status":"publish","type":"post","link":"https:\/\/atecordoba.org\/?p=51272","title":{"rendered":"Salsipuedes: ATE pide la apertura de la Mesa de Relaciones Laboral y demanda informaci\u00f3n sobre los sueldos de los funcionarios pol\u00edticos"},"content":{"rendered":"<figure id=\"attachment_51273\" aria-describedby=\"caption-attachment-51273\" style=\"width: 609px\" class=\"wp-caption aligncenter\"><img loading=\"lazy\" decoding=\"async\" class=\"wp-image-51273\" src=\"https:\/\/atecordoba.org\/wp-content\/uploads\/2025\/10\/salsipuedes-bandera-2-1024x481.jpg\" alt=\"\" width=\"609\" height=\"286\" srcset=\"https:\/\/atecordoba.org\/wp-content\/uploads\/2025\/10\/salsipuedes-bandera-2-1024x481.jpg 1024w, https:\/\/atecordoba.org\/wp-content\/uploads\/2025\/10\/salsipuedes-bandera-2-300x141.jpg 300w, https:\/\/atecordoba.org\/wp-content\/uploads\/2025\/10\/salsipuedes-bandera-2-768x361.jpg 768w, https:\/\/atecordoba.org\/wp-content\/uploads\/2025\/10\/salsipuedes-bandera-2-750x352.jpg 750w, https:\/\/atecordoba.org\/wp-content\/uploads\/2025\/10\/salsipuedes-bandera-2-1140x535.jpg 1140w, https:\/\/atecordoba.org\/wp-content\/uploads\/2025\/10\/salsipuedes-bandera-2.jpg 1280w\" sizes=\"auto, (max-width: 609px) 100vw, 609px\" \/><figcaption id=\"caption-attachment-51273\" class=\"wp-caption-text\">Delegados y trabajadores\/as municipales.<\/figcaption><\/figure>\n<p>En una nota enviada hoy a la Municipalidad de Salsipuedes ATE C\u00f3rdoba solicit\u00f3 al intendente David Strasorier la apertura de la Mesa de Relaciones Laborales, a los fines de abordar la agenda gremial en la localidad de Sierras Chicas: salarios, condiciones laborales y entrega de muda de ropa, entre otros puntos.<\/p>\n<p>Nuestro sindicato reclama as\u00ed un avance en el di\u00e1logo entre las y los trabajadores municipales y el Departamento Ejecutivo tras sendas instancias de negociaci\u00f3n en la Secretar\u00eda de Trabajo de la Provincia, donde la Municipalidad intent\u00f3 canalizar un largo plan de lucha del personal para lograr mejoras salariales sustanciales.<\/p>\n<figure id=\"attachment_51274\" aria-describedby=\"caption-attachment-51274\" style=\"width: 429px\" class=\"wp-caption alignright\"><img loading=\"lazy\" decoding=\"async\" class=\"wp-image-51274\" src=\"https:\/\/atecordoba.org\/wp-content\/uploads\/2025\/10\/intendente-Strasorier-salsipuedes-1.jpeg\" alt=\"\" width=\"429\" height=\"240\" \/><figcaption id=\"caption-attachment-51274\" class=\"wp-caption-text\">El intendente de Salsipuedes David Strasorier.<\/figcaption><\/figure>\n<p>En ese marco, ATE reclam\u00f3 tambi\u00e9n a la responsable de Recursos Humanos, Mariana Ataide, que la Municipalidad publique los recibos de sueldos de los funcionarios de enero de 2024 a esta parte para comparar los aumentos realizados a ese sector, con lo recibido por el personal municipal.<\/p>\n<p>La notificaci\u00f3n solicit\u00f3 &#8220;con nombre y apellido, sueldo b\u00e1sico m\u00e1s los adicionales de los coordinadores y la planta pol\u00edtica del municipio con fecha de Enero de 2024 hasta la fecha, esta informaci\u00f3n, que debe ser de libre acceso para el conjunto de la comunidad de Salsipuedes. Solicitamos para poder hacer un an\u00e1lisis de los aumentos salariales que la planta pol\u00edtica a dispuesto de manera arbitraria y unilateral en desmedro de los porcentajes que han recibido los trabajadores que son quienes sostiene las pol\u00edticas p\u00fablicas y garantiza el acceso a los derechos al conjunto de la ciudadan\u00eda&#8221;.<\/p>\n<p>El pedido se fundamenta la ley sobre acceso a la informaci\u00f3n p\u00fablica en Argentina, Ley N\u00b027.275, que garantiza &#8220;el derecho de todas las personas a solicitar y acceder a informaci\u00f3n en poder del Estado, bajo los principios de transparencia, publicidad y m\u00e1xima divulgaci\u00f3n. Tambi\u00e9n existe una reglamentaci\u00f3n y decretos que la\u00a0 complementan, como el decreto 780\/2024, y la existencia de la Agencia de Acceso a la Informaci\u00f3n P\u00fablica (AAIP) que vela por su cumplimiento&#8221;.<\/p>\n<p>De esta manera, ATE contin\u00faa defendiendo los derechos de las y los municipales de Salsipuedes.<\/p>\n<p>&nbsp;<\/p>\n","protected":false},"excerpt":{"rendered":"<p>En una nota enviada hoy a la Municipalidad de Salsipuedes ATE C\u00f3rdoba solicit\u00f3 al intendente David Strasorier la apertura de la Mesa de Relaciones Laborales, a los fines de abordar la agenda gremial en la localidad de Sierras Chicas: salarios, condiciones laborales y entrega de muda de ropa, entre otros puntos. Nuestro sindicato reclama as\u00ed [&hellip;]<\/p>\n","protected":false},"author":7,"featured_media":51273,"comment_status":"open","ping_status":"open","sticky":false,"template":"","format":"standard","meta":{"_exactmetrics_skip_tracking":false,"_exactmetrics_sitenote_active":false,"_exactmetrics_sitenote_note":"","_exactmetrics_sitenote_category":0,"jnews-multi-image_gallery":[],"jnews_single_post":[],"jnews_primary_category":[],"jnews_social_meta":[],"jnews_review":[],"enable_review":"","type":"","name":"","summary":"","brand":"","sku":"","good":[],"bad":[],"score_override":"","override_value":"","rating":[],"price":[],"jnews_override_counter":[],"jnews_post_split":[],"footnotes":""},"categories":[20],"tags":[],"class_list":["post-51272","post","type-post","status-publish","format-standard","has-post-thumbnail","hentry","category-municipales"],"jetpack_featured_media_url":"https:\/\/atecordoba.org\/wp-content\/uploads\/2025\/10\/salsipuedes-bandera-2.jpg","_links":{"self":[{"href":"https:\/\/atecordoba.org\/index.php?rest_route=\/wp\/v2\/posts\/51272","targetHints":{"allow":["GET"]}}],"collection":[{"href":"https:\/\/atecordoba.org\/index.php?rest_route=\/wp\/v2\/posts"}],"about":[{"href":"https:\/\/atecordoba.org\/index.php?rest_route=\/wp\/v2\/types\/post"}],"author":[{"embeddable":true,"href":"https:\/\/atecordoba.org\/index.php?rest_route=\/wp\/v2\/users\/7"}],"replies":[{"embeddable":true,"href":"https:\/\/atecordoba.org\/index.php?rest_route=%2Fwp%2Fv2%2Fcomments&post=51272"}],"version-history":[{"count":1,"href":"https:\/\/atecordoba.org\/index.php?rest_route=\/wp\/v2\/posts\/51272\/revisions"}],"predecessor-version":[{"id":51275,"href":"https:\/\/atecordoba.org\/index.php?rest_route=\/wp\/v2\/posts\/51272\/revisions\/51275"}],"wp:featuredmedia":[{"embeddable":true,"href":"https:\/\/atecordoba.org\/index.php?rest_route=\/wp\/v2\/media\/51273"}],"wp:attachment":[{"href":"https:\/\/atecordoba.org\/index.php?rest_route=%2Fwp%2Fv2%2Fmedia&parent=51272"}],"wp:term":[{"taxonomy":"category","embeddable":true,"href":"https:\/\/atecordoba.org\/index.php?rest_route=%2Fwp%2Fv2%2Fcategories&post=51272"},{"taxonomy":"post_tag","embeddable":true,"href":"https:\/\/atecordoba.org\/index.php?rest_route=%2Fwp%2Fv2%2Ftags&post=51272"}],"curies":[{"name":"wp","href":"https:\/\/api.w.org\/{rel}","templated":true}]}}