{"id":51270,"date":"2025-10-27T09:49:29","date_gmt":"2025-10-27T12:49:29","guid":{"rendered":"https:\/\/atecordoba.org\/?p=51270"},"modified":"2025-10-27T09:49:54","modified_gmt":"2025-10-27T12:49:54","slug":"recorrida-por-los-sectores-de-trabajo","status":"publish","type":"post","link":"https:\/\/atecordoba.org\/?p=51270","title":{"rendered":"Recorrida por los sectores de trabajo"},"content":{"rendered":"\n<figure class=\"wp-block-image size-large\"><img loading=\"lazy\" decoding=\"async\" width=\"720\" height=\"540\" src=\"https:\/\/atecordoba.org\/wp-content\/uploads\/2025\/10\/571252697_1236553725161206_664092295515967769_n2171506010918620103.jpg\" alt=\"\" class=\"wp-image-51268\" srcset=\"https:\/\/atecordoba.org\/wp-content\/uploads\/2025\/10\/571252697_1236553725161206_664092295515967769_n2171506010918620103.jpg 720w, https:\/\/atecordoba.org\/wp-content\/uploads\/2025\/10\/571252697_1236553725161206_664092295515967769_n2171506010918620103-300x225.jpg 300w\" sizes=\"auto, (max-width: 720px) 100vw, 720px\" \/><\/figure>\n\n\n\n<p>El Consejo Directivo Provincial de ATE C\u00f3rdoba presente y representados por Marcela Ch\u00e1vez, Secretaria de Convenios Colectivos de Trabajo, en una reuni\u00f3n con las y los trabajadores municipales de R\u00edo Ceballos.<br>Acompa\u00f1aron Vladimir Su\u00e1rez\u00a0 y Luis Tapia, delegados de Salsipuedes; Jesica Rojas y Jesica Plante, afiliadas de ATE del Estado Provincial.<br>\u201cSeguimos construyendo en el territorio. Agradecemos a nuestras compa\u00f1eras y compa\u00f1eros de ATE Ensenada por permitirnos utilizar la Hoster\u00eda El Molino de la Asociaci\u00f3n Trabajadores del Estado (ATE-CTAA) Ensenada\u201d, expresa un comunicado gremial.<\/p>\n","protected":false},"excerpt":{"rendered":"<p>El Consejo Directivo Provincial de ATE C\u00f3rdoba presente y representados por Marcela Ch\u00e1vez, Secretaria de Convenios Colectivos de Trabajo, en una reuni\u00f3n con las y los trabajadores municipales de R\u00edo Ceballos.Acompa\u00f1aron Vladimir Su\u00e1rez\u00a0 y Luis Tapia, delegados de Salsipuedes; Jesica Rojas y Jesica Plante, afiliadas de ATE del Estado Provincial.\u201cSeguimos construyendo en el territorio. Agradecemos [&hellip;]<\/p>\n","protected":false},"author":3,"featured_media":51269,"comment_status":"open","ping_status":"open","sticky":false,"template":"","format":"standard","meta":{"_exactmetrics_skip_tracking":false,"_exactmetrics_sitenote_active":false,"_exactmetrics_sitenote_note":"","_exactmetrics_sitenote_category":0,"jnews-multi-image_gallery":[],"jnews_single_post":[],"jnews_primary_category":[],"jnews_social_meta":[],"jnews_review":[],"enable_review":"","type":"","name":"","summary":"","brand":"","sku":"","good":[],"bad":[],"score_override":"","override_value":"","rating":[],"price":[],"jnews_override_counter":[],"jnews_post_split":[],"footnotes":""},"categories":[20],"tags":[1524],"class_list":["post-51270","post","type-post","status-publish","format-standard","has-post-thumbnail","hentry","category-municipales","tag-munici"],"jetpack_featured_media_url":"https:\/\/atecordoba.org\/wp-content\/uploads\/2025\/10\/571252697_1236553725161206_664092295515967769_n.jpg","_links":{"self":[{"href":"https:\/\/atecordoba.org\/index.php?rest_route=\/wp\/v2\/posts\/51270","targetHints":{"allow":["GET"]}}],"collection":[{"href":"https:\/\/atecordoba.org\/index.php?rest_route=\/wp\/v2\/posts"}],"about":[{"href":"https:\/\/atecordoba.org\/index.php?rest_route=\/wp\/v2\/types\/post"}],"author":[{"embeddable":true,"href":"https:\/\/atecordoba.org\/index.php?rest_route=\/wp\/v2\/users\/3"}],"replies":[{"embeddable":true,"href":"https:\/\/atecordoba.org\/index.php?rest_route=%2Fwp%2Fv2%2Fcomments&post=51270"}],"version-history":[{"count":1,"href":"https:\/\/atecordoba.org\/index.php?rest_route=\/wp\/v2\/posts\/51270\/revisions"}],"predecessor-version":[{"id":51271,"href":"https:\/\/atecordoba.org\/index.php?rest_route=\/wp\/v2\/posts\/51270\/revisions\/51271"}],"wp:featuredmedia":[{"embeddable":true,"href":"https:\/\/atecordoba.org\/index.php?rest_route=\/wp\/v2\/media\/51269"}],"wp:attachment":[{"href":"https:\/\/atecordoba.org\/index.php?rest_route=%2Fwp%2Fv2%2Fmedia&parent=51270"}],"wp:term":[{"taxonomy":"category","embeddable":true,"href":"https:\/\/atecordoba.org\/index.php?rest_route=%2Fwp%2Fv2%2Fcategories&post=51270"},{"taxonomy":"post_tag","embeddable":true,"href":"https:\/\/atecordoba.org\/index.php?rest_route=%2Fwp%2Fv2%2Ftags&post=51270"}],"curies":[{"name":"wp","href":"https:\/\/api.w.org\/{rel}","templated":true}]}}