{"id":51266,"date":"2025-10-27T09:20:19","date_gmt":"2025-10-27T12:20:19","guid":{"rendered":"https:\/\/atecordoba.org\/?p=51266"},"modified":"2025-10-27T09:21:00","modified_gmt":"2025-10-27T12:21:00","slug":"hay-que-construir-otra-cosa","status":"publish","type":"post","link":"https:\/\/atecordoba.org\/?p=51266","title":{"rendered":"Hay que construir otra cosa"},"content":{"rendered":"\n<h1 class=\"wp-block-heading entry-title\"><\/h1>\n\n\n\n<figure class=\"wp-block-image\"><img decoding=\"async\" src=\"https:\/\/ctaacordoba.org\/wp-content\/uploads\/2025\/10\/descarga-8.jpg\" alt=\"\"\/><\/figure>\n\n\n\n<p><strong>Por Federico Giuliani*<\/strong><\/p>\n\n\n\n<p>Desde el golpe c\u00edvico-policial del \u201cNavarrazo\u201d (27 de febrero de 1974) que inici\u00f3 2 a\u00f1os antes de la genocida dictadura olig\u00e1rquico-militar de marzo de 1976 las pol\u00edticas de represi\u00f3n, exterminio y encarcelamiento de las dirigencias combativas, que luego el asesino del General Men\u00e9ndez sistematiz\u00f3 haciendo estragos en la militancia revolucionaria, C\u00f3rdoba profundiz\u00f3 su mirada conservadora y gorila que siempre tuvo.<\/p>\n\n\n\n<p>All\u00e1 lejos y hace tiempo qued\u00f3 la C\u00f3rdoba de la Reforma Universitaria de 1918 y el \u201cCordobazo\u201d en 1969, con ese par\u00e9ntesis de la C\u00f3rdoba industrial con el desarrollo de un Polo de Producci\u00f3n para la defensa de la Soberan\u00eda Nacional.<\/p>\n\n\n\n<p>Con una crisis de representaci\u00f3n pol\u00edtica terminal en las Organizaciones Libres del Pueblo y un Peronismo cooptado por el \u201cCordobesismo\u201d que lo lav\u00f3 y lo hizo amarillo, que no tiene un plafond de identidad y tertulia peronista a tal punto que no canta la \u201cMarcha Peronista\u201d, el desaf\u00edo es reagrupar el disperso y fragmentado campo popular, continuar en la calle reclamando nuestros derechos y construir un programa de la clase trabajadora con un proyecto de Liberaci\u00f3n Nacional.<\/p>\n\n\n\n<p>No hay que agarr\u00e1rsela con la gente: Es el final de esta democracia de baja intensidad, neocolonial, extractivista que restringe la participaci\u00f3n popular s\u00f3lo para votar al menos peor de ellos.&nbsp;El nivel de ausentismo es el m\u00e1s alto desde la recuperaci\u00f3n democr\u00e1tica en el a\u00f1o 1983. El 40 por ciento de nuestro pueblo no vot\u00f3 o vot\u00f3 en blanco, nulo, etc. La gente no cree en la partidocracia liberal que no le garantiza comida, trabajo, vivienda, tierra, educaci\u00f3n y salud publica, gratuita y de calidad.<\/p>\n\n\n\n<p>Hay que construir otra cosa, desde abajo, de la periferia al centro, desde las provincias al puerto, con otras caras, otras pr\u00e1cticas, otros m\u00e9todos, con un proyecto colectivo que conmueva a los que no quieren votar, porque quieren participaci\u00f3n verdadera en la toma de decisiones, no que vengan a decirle a quien hay que votar. Basta de siempre los mismos nombres. La dirigencia \u201cpol\u00edtica\u201d aun no se hizo la autocr\u00edtica del porqu\u00e9 gan\u00f3 Milei el ballotage. Los que le asfaltaron en el 2023 el camino al fascismo, son los mismos que hoy nos quer\u00edan decir a quien votar. Y lamentablemente el pueblo volvi\u00f3 a votar a su verdugo; la extrema derecha cipaya y vendepatria.<\/p>\n\n\n\n<p>Hay un sujeto social de una clase trabajadora desmembrada por la precarizaci\u00f3n laboral, el pluriempleo, bajo un r\u00e9gimen de explotaci\u00f3n laboral sin derechos desde hace dos generaciones, rota humanamente, embroncada y marginada del sistema, que no se siente representada por la partidocracia tradicional. Con un tejido social absolutamente fragmentado, el pueblo descree de los mismos de siempre, de la rosca pol\u00edtica, de la imposici\u00f3n de nombres, que no debaten proyectos sino lugares en lista, de dirigentes que viven alejados de la realidad del pueblo trabajador, de pol\u00edicos que hablan un lenguaje que no es popular y que es tibio ante el dolor de la gente, de una dirigencia que no se embarra las patas. Menos escritorio y mas territorio.<\/p>\n\n\n\n<p>Ante esa crisis terminal en la representatividad, parar la pelota, generar encuentros para reflexionar comunitariamente y pensar en clave colectiva. Basta de \u201cheroes individuales\u201d. No hay mes\u00edas o l\u00edderes unipersonales. Cero personalismo y m\u00e1s accionar colectivo. Es la que va para replantearae desde el debate fraterno que incomode la falsa unidad, nuevas estrategias y construcciones pol\u00edticas desde abajo. Debemos recuperar la pol\u00edtica para y por el pueblo. Basta de pol\u00edtica electoralista para repartir cargos y prebendas.<\/p>\n\n\n\n<p>Los y las que estuvimos en la calle resistiendo el ajuste de Milei, Llayora y los intendentes, seguimos estando en la calle a pesar de la represi\u00f3n y la c\u00e1rcel. Basta de progresismo amarillo y m\u00e1s peronismo que interpele a esta democracia fr\u00e1gil, al sistema neoliberal y al poder econ\u00f3mico. Que sea un amplio Movimiento de Liberaci\u00f3n Nacional, revolucionario y anti-imperialista. Que sea clasista y conbativo. Lo otro es m\u00e1s de lo mismo que nos trajo hasta ac\u00e1.<\/p>\n\n\n\n<p>Reiventamos o erramos.<\/p>\n\n\n\n<p><strong>*Secretario General de ATE y la CTA Aut\u00f3noma C\u00f3rdoba<\/strong><\/p>\n\n\n\n<p><\/p>\n","protected":false},"excerpt":{"rendered":"<p>Por Federico Giuliani* Desde el golpe c\u00edvico-policial del \u201cNavarrazo\u201d (27 de febrero de 1974) que inici\u00f3 2 a\u00f1os antes de la genocida dictadura olig\u00e1rquico-militar de marzo de 1976 las pol\u00edticas de represi\u00f3n, exterminio y encarcelamiento de las dirigencias combativas, que luego el asesino del General Men\u00e9ndez sistematiz\u00f3 haciendo estragos en la militancia revolucionaria, C\u00f3rdoba profundiz\u00f3 [&hellip;]<\/p>\n","protected":false},"author":3,"featured_media":51265,"comment_status":"open","ping_status":"open","sticky":false,"template":"","format":"standard","meta":{"_exactmetrics_skip_tracking":false,"_exactmetrics_sitenote_active":false,"_exactmetrics_sitenote_note":"","_exactmetrics_sitenote_category":0,"jnews-multi-image_gallery":[],"jnews_single_post":[],"jnews_primary_category":[],"jnews_social_meta":[],"jnews_review":[],"enable_review":"","type":"","name":"","summary":"","brand":"","sku":"","good":[],"bad":[],"score_override":"","override_value":"","rating":[],"price":[],"jnews_override_counter":[],"jnews_post_split":[],"footnotes":""},"categories":[10],"tags":[],"class_list":["post-51266","post","type-post","status-publish","format-standard","has-post-thumbnail","hentry","category-accion-politica"],"jetpack_featured_media_url":"https:\/\/atecordoba.org\/wp-content\/uploads\/2025\/10\/descarga-8.jpg","_links":{"self":[{"href":"https:\/\/atecordoba.org\/index.php?rest_route=\/wp\/v2\/posts\/51266","targetHints":{"allow":["GET"]}}],"collection":[{"href":"https:\/\/atecordoba.org\/index.php?rest_route=\/wp\/v2\/posts"}],"about":[{"href":"https:\/\/atecordoba.org\/index.php?rest_route=\/wp\/v2\/types\/post"}],"author":[{"embeddable":true,"href":"https:\/\/atecordoba.org\/index.php?rest_route=\/wp\/v2\/users\/3"}],"replies":[{"embeddable":true,"href":"https:\/\/atecordoba.org\/index.php?rest_route=%2Fwp%2Fv2%2Fcomments&post=51266"}],"version-history":[{"count":1,"href":"https:\/\/atecordoba.org\/index.php?rest_route=\/wp\/v2\/posts\/51266\/revisions"}],"predecessor-version":[{"id":51267,"href":"https:\/\/atecordoba.org\/index.php?rest_route=\/wp\/v2\/posts\/51266\/revisions\/51267"}],"wp:featuredmedia":[{"embeddable":true,"href":"https:\/\/atecordoba.org\/index.php?rest_route=\/wp\/v2\/media\/51265"}],"wp:attachment":[{"href":"https:\/\/atecordoba.org\/index.php?rest_route=%2Fwp%2Fv2%2Fmedia&parent=51266"}],"wp:term":[{"taxonomy":"category","embeddable":true,"href":"https:\/\/atecordoba.org\/index.php?rest_route=%2Fwp%2Fv2%2Fcategories&post=51266"},{"taxonomy":"post_tag","embeddable":true,"href":"https:\/\/atecordoba.org\/index.php?rest_route=%2Fwp%2Fv2%2Ftags&post=51266"}],"curies":[{"name":"wp","href":"https:\/\/api.w.org\/{rel}","templated":true}]}}