{"id":51263,"date":"2025-10-24T14:35:32","date_gmt":"2025-10-24T17:35:32","guid":{"rendered":"https:\/\/atecordoba.org\/?p=51263"},"modified":"2025-10-24T14:35:32","modified_gmt":"2025-10-24T17:35:32","slug":"federico-giuliani-este-domingo-no-votemos-a-nuestros-verdugos","status":"publish","type":"post","link":"https:\/\/atecordoba.org\/?p=51263","title":{"rendered":"Federico Giuliani: \u201cEste domingo NO VOTEMOS A NUESTROS VERDUGOS\u201d"},"content":{"rendered":"<p data-start=\"106\" data-end=\"535\"><a href=\"https:\/\/atecordoba.org\/wp-content\/uploads\/2025\/10\/fedeperfil.jpeg\"><img loading=\"lazy\" decoding=\"async\" class=\"alignnone size-full wp-image-51235\" src=\"https:\/\/atecordoba.org\/wp-content\/uploads\/2025\/10\/fedeperfil.jpeg\" alt=\"\" width=\"768\" height=\"563\" srcset=\"https:\/\/atecordoba.org\/wp-content\/uploads\/2025\/10\/fedeperfil.jpeg 768w, https:\/\/atecordoba.org\/wp-content\/uploads\/2025\/10\/fedeperfil-300x220.jpeg 300w, https:\/\/atecordoba.org\/wp-content\/uploads\/2025\/10\/fedeperfil-750x550.jpeg 750w\" sizes=\"auto, (max-width: 768px) 100vw, 768px\" \/><\/a><\/p>\n<p data-start=\"106\" data-end=\"535\"><strong data-start=\"106\" data-end=\"141\">C\u00f3rdoba, 24 de octubre de 2025.<\/strong><br data-start=\"141\" data-end=\"144\" \/>De cara a las elecciones legislativas del pr\u00f3ximo <strong data-start=\"194\" data-end=\"219\">domingo 26 de octubre<\/strong>, el secretario general de <strong data-start=\"246\" data-end=\"290\">ATE C\u00f3rdoba y de la CTA Aut\u00f3noma C\u00f3rdoba<\/strong>, <strong data-start=\"292\" data-end=\"313\">Federico Giuliani<\/strong>, realiz\u00f3 un contundente llamado a las y los trabajadores estatales a reflexionar sobre el voto y a no respaldar a los sectores pol\u00edticos responsables del ajuste, la persecuci\u00f3n sindical y el desmantelamiento del Estado.<\/p>\n<h3 data-start=\"537\" data-end=\"575\">\u201cNo votemos a nuestros verdugos\u201d<\/h3>\n<blockquote data-start=\"577\" data-end=\"1020\">\n<p data-start=\"579\" data-end=\"1020\">\u201cEste 26 de octubre tenemos una responsabilidad enorme como trabajadoras y trabajadores del Estado. No podemos volver a entregar nuestro futuro en manos de quienes siempre gobernaron contra el pueblo. No votemos a nuestros verdugos: La Libertad Avanza, el PRO, el radicalismo y Provincias Unidas son parte de la misma maquinaria que ajusta, despide y persigue a quienes defendemos los derechos de las y los trabajadores\u201d, expres\u00f3 Giuliani.<\/p>\n<\/blockquote>\n<p data-start=\"1022\" data-end=\"1544\">El dirigente remarc\u00f3 adem\u00e1s la responsabilidad del espacio <strong data-start=\"1081\" data-end=\"1102\">Provincias Unidas<\/strong>, encabezado por el exgobernador <strong data-start=\"1135\" data-end=\"1154\">Juan Schiaretti<\/strong>, que \u201cdesde el llamado cordobesismo acompa\u00f1\u00f3 todas las leyes de Milei: el desguace del Estado, el cierre de organismos p\u00fablicos, los recortes en discapacidad, en jubilaciones y en pol\u00edticas sociales\u201d, y se\u00f1al\u00f3 que tambi\u00e9n fueron \u201cparte de la persecuci\u00f3n pol\u00edtica y judicial contra los sindicatos combativos, como el nuestro, que no bajamos la cabeza ni entregamos nuestras convicciones\u201d.<\/p>\n<h3 data-start=\"1546\" data-end=\"1610\">\u201cNuestra obligaci\u00f3n es organizarnos y construir esperanza\u201d<\/h3>\n<p data-start=\"1612\" data-end=\"1706\">Giuliani advirti\u00f3 sobre el <strong data-start=\"1639\" data-end=\"1681\">dram\u00e1tico escenario social y econ\u00f3mico<\/strong> que atraviesa el pa\u00eds:<\/p>\n<blockquote data-start=\"1707\" data-end=\"1994\">\n<p data-start=\"1709\" data-end=\"1994\">\u201cHoy la realidad duele: hay hambre en las barriadas, familias enteras sin trabajo y una cat\u00e1strofe social que crece con cada despido. Detr\u00e1s de cada puesto perdido hay una historia, una mesa vac\u00eda, una vida golpeada por un modelo que solo piensa en el mercado y desprecia al pueblo.\u201d<\/p>\n<\/blockquote>\n<p data-start=\"1996\" data-end=\"2139\">Finalmente, convoc\u00f3 a las y los trabajadores a mantener la organizaci\u00f3n y la conciencia de clase frente al avance de las pol\u00edticas de ajuste:<\/p>\n<blockquote data-start=\"2140\" data-end=\"2357\">\n<p data-start=\"2142\" data-end=\"2357\">\u201cNuestra obligaci\u00f3n es organizarnos, resistir y construir esperanza desde la unidad del movimiento obrero. Que nadie nos confunda: la libertad no es ajuste, la libertad es tener derechos, organizaci\u00f3n y dignidad.\u201d<\/p>\n<\/blockquote>\n<p data-start=\"2359\" data-end=\"2583\" data-is-last-node=\"\" data-is-only-node=\"\">Con este mensaje, <strong data-start=\"2377\" data-end=\"2398\">Federico Giuliani<\/strong> reafirm\u00f3 el compromiso hist\u00f3rico de ATE y la CTA Aut\u00f3noma con la defensa de los derechos laborales, la soberan\u00eda nacional y la justicia social como pilares de una verdadera democracia.<\/p>\n","protected":false},"excerpt":{"rendered":"<p>C\u00f3rdoba, 24 de octubre de 2025.De cara a las elecciones legislativas del pr\u00f3ximo domingo 26 de octubre, el secretario general de ATE C\u00f3rdoba y de la CTA Aut\u00f3noma C\u00f3rdoba, Federico Giuliani, realiz\u00f3 un contundente llamado a las y los trabajadores estatales a reflexionar sobre el voto y a no respaldar a los sectores pol\u00edticos responsables [&hellip;]<\/p>\n","protected":false},"author":3,"featured_media":51235,"comment_status":"open","ping_status":"open","sticky":false,"template":"","format":"standard","meta":{"_exactmetrics_skip_tracking":false,"_exactmetrics_sitenote_active":false,"_exactmetrics_sitenote_note":"","_exactmetrics_sitenote_category":0,"jnews-multi-image_gallery":[],"jnews_single_post":[],"jnews_primary_category":[],"jnews_social_meta":[],"jnews_review":[],"enable_review":"","type":"","name":"","summary":"","brand":"","sku":"","good":[],"bad":[],"score_override":"","override_value":"","rating":[],"price":[],"jnews_override_counter":[],"jnews_post_split":[],"footnotes":""},"categories":[10],"tags":[],"class_list":["post-51263","post","type-post","status-publish","format-standard","has-post-thumbnail","hentry","category-accion-politica"],"jetpack_featured_media_url":"https:\/\/atecordoba.org\/wp-content\/uploads\/2025\/10\/fedeperfil.jpeg","_links":{"self":[{"href":"https:\/\/atecordoba.org\/index.php?rest_route=\/wp\/v2\/posts\/51263","targetHints":{"allow":["GET"]}}],"collection":[{"href":"https:\/\/atecordoba.org\/index.php?rest_route=\/wp\/v2\/posts"}],"about":[{"href":"https:\/\/atecordoba.org\/index.php?rest_route=\/wp\/v2\/types\/post"}],"author":[{"embeddable":true,"href":"https:\/\/atecordoba.org\/index.php?rest_route=\/wp\/v2\/users\/3"}],"replies":[{"embeddable":true,"href":"https:\/\/atecordoba.org\/index.php?rest_route=%2Fwp%2Fv2%2Fcomments&post=51263"}],"version-history":[{"count":1,"href":"https:\/\/atecordoba.org\/index.php?rest_route=\/wp\/v2\/posts\/51263\/revisions"}],"predecessor-version":[{"id":51264,"href":"https:\/\/atecordoba.org\/index.php?rest_route=\/wp\/v2\/posts\/51263\/revisions\/51264"}],"wp:featuredmedia":[{"embeddable":true,"href":"https:\/\/atecordoba.org\/index.php?rest_route=\/wp\/v2\/media\/51235"}],"wp:attachment":[{"href":"https:\/\/atecordoba.org\/index.php?rest_route=%2Fwp%2Fv2%2Fmedia&parent=51263"}],"wp:term":[{"taxonomy":"category","embeddable":true,"href":"https:\/\/atecordoba.org\/index.php?rest_route=%2Fwp%2Fv2%2Fcategories&post=51263"},{"taxonomy":"post_tag","embeddable":true,"href":"https:\/\/atecordoba.org\/index.php?rest_route=%2Fwp%2Fv2%2Ftags&post=51263"}],"curies":[{"name":"wp","href":"https:\/\/api.w.org\/{rel}","templated":true}]}}