{"id":51260,"date":"2025-10-24T12:58:02","date_gmt":"2025-10-24T15:58:02","guid":{"rendered":"https:\/\/atecordoba.org\/?p=51260"},"modified":"2025-10-24T12:58:02","modified_gmt":"2025-10-24T15:58:02","slug":"ate-exige-cumplimiento-de-actas-y-mejoras-salariales-en-la-municipalidad-de-villa-cura-brochero","status":"publish","type":"post","link":"https:\/\/atecordoba.org\/?p=51260","title":{"rendered":"ATE exige cumplimiento de actas y mejoras salariales en la Municipalidad de Villa Cura Brochero"},"content":{"rendered":"<article class=\"text-token-text-primary w-full focus:outline-none [--shadow-height:45px] has-data-writing-block:pointer-events-none has-data-writing-block:-mt-(--shadow-height) has-data-writing-block:pt-(--shadow-height) [&amp;:has([data-writing-block])&gt;*]:pointer-events-auto scroll-mt-[calc(var(--header-height)+min(200px,max(70px,20svh)))]\" dir=\"auto\" tabindex=\"-1\" data-turn-id=\"0554e996-b0d9-4194-bcaf-19ec7200d7d4\" data-testid=\"conversation-turn-112\" data-scroll-anchor=\"true\" data-turn=\"assistant\">\n<div class=\"text-base my-auto mx-auto pb-10 [--thread-content-margin:--spacing(4)] thread-sm:[--thread-content-margin:--spacing(6)] thread-lg:[--thread-content-margin:--spacing(16)] px-(--thread-content-margin)\">\n<div class=\"[--thread-content-max-width:40rem] thread-lg:[--thread-content-max-width:48rem] mx-auto max-w-(--thread-content-max-width) flex-1 group\/turn-messages focus-visible:outline-hidden relative flex w-full min-w-0 flex-col agent-turn\" tabindex=\"-1\">\n<div class=\"flex max-w-full flex-col grow\">\n<div class=\"min-h-8 text-message relative flex w-full flex-col items-end gap-2 text-start break-words whitespace-normal [.text-message+&amp;]:mt-1\" dir=\"auto\" data-message-author-role=\"assistant\" data-message-id=\"b437f407-7765-4941-9aed-3234b66deedf\" data-message-model-slug=\"gpt-5\">\n<div class=\"flex w-full flex-col gap-1 empty:hidden first:pt-[1px]\">\n<div class=\"markdown prose dark:prose-invert w-full break-words light markdown-new-styling\">\n<p data-start=\"101\" data-end=\"128\"><a href=\"https:\/\/atecordoba.org\/wp-content\/uploads\/2025\/10\/brochero-1.png\"><img loading=\"lazy\" decoding=\"async\" class=\"alignnone size-full wp-image-51261\" src=\"https:\/\/atecordoba.org\/wp-content\/uploads\/2025\/10\/brochero-1.png\" alt=\"\" width=\"628\" height=\"395\" srcset=\"https:\/\/atecordoba.org\/wp-content\/uploads\/2025\/10\/brochero-1.png 628w, https:\/\/atecordoba.org\/wp-content\/uploads\/2025\/10\/brochero-1-300x189.png 300w\" sizes=\"auto, (max-width: 628px) 100vw, 628px\" \/><\/a><\/p>\n<p data-start=\"101\" data-end=\"128\"><strong data-start=\"101\" data-end=\"126\">24 de octubre de 2025<\/strong><\/p>\n<p data-start=\"130\" data-end=\"380\">La Asociaci\u00f3n Trabajadores del Estado (ATE) mantuvo una nueva reuni\u00f3n paritaria con funcionarios del Ejecutivo municipal de <strong data-start=\"254\" data-end=\"277\">Villa Cura Brochero<\/strong>, en el marco del proceso inflacionario y la p\u00e9rdida del poder adquisitivo de las y los trabajadores.<\/p>\n<h2 data-start=\"382\" data-end=\"439\">Reclamos por incumplimiento y actualizaci\u00f3n salarial<\/h2>\n<p data-start=\"441\" data-end=\"671\">Desde ATE se present\u00f3 un <strong data-start=\"466\" data-end=\"485\">informe t\u00e9cnico<\/strong> que establece un piso m\u00ednimo para avanzar en la negociaci\u00f3n, ante el <strong data-start=\"555\" data-end=\"605\">incumplimiento de las actas acuerdo anteriores<\/strong> firmadas entre las partes. En ese sentido, el sindicato exigi\u00f3:<\/p>\n<ol data-start=\"673\" data-end=\"1384\">\n<li data-start=\"673\" data-end=\"784\">\n<p data-start=\"676\" data-end=\"784\"><strong data-start=\"676\" data-end=\"757\">Pago del aumento salarial al b\u00e1sico correspondiente a julio, agosto y octubre<\/strong>, equivalente al <strong data-start=\"774\" data-end=\"781\">25%<\/strong>.<\/p>\n<\/li>\n<li data-start=\"785\" data-end=\"919\">\n<p data-start=\"788\" data-end=\"919\"><strong data-start=\"788\" data-end=\"829\">Pago del 5% en concepto de refrigerio<\/strong>, aplicado sobre el b\u00e1sico de cada trabajador y trabajadora, sin distinci\u00f3n contractual.<\/p>\n<\/li>\n<li data-start=\"920\" data-end=\"994\">\n<p data-start=\"923\" data-end=\"994\"><strong data-start=\"923\" data-end=\"992\">Aumento del \u00edtem de asistencia y puntualidad en un 15% al b\u00e1sico.<\/strong><\/p>\n<\/li>\n<li data-start=\"995\" data-end=\"1041\">\n<p data-start=\"998\" data-end=\"1041\"><strong data-start=\"998\" data-end=\"1039\">Blanqueo del 10% de aumento otorgado.<\/strong><\/p>\n<\/li>\n<li data-start=\"1042\" data-end=\"1130\">\n<p data-start=\"1045\" data-end=\"1130\"><strong data-start=\"1045\" data-end=\"1095\">Entrega inmediata de la muda de ropa de verano<\/strong> para todo el personal municipal.<\/p>\n<\/li>\n<li data-start=\"1131\" data-end=\"1253\">\n<p data-start=\"1134\" data-end=\"1253\"><strong data-start=\"1134\" data-end=\"1193\">Presentaci\u00f3n urgente del proyecto de recategorizaciones<\/strong> en el Concejo Deliberante, pendiente desde junio de 2024.<\/p>\n<\/li>\n<li data-start=\"1254\" data-end=\"1384\">\n<p data-start=\"1257\" data-end=\"1384\"><strong data-start=\"1257\" data-end=\"1324\">Aprobaci\u00f3n de las licencias sanitaria y por violencia de g\u00e9nero<\/strong>, conforme a lo planteado por ATE en las mesas anteriores.<\/p>\n<\/li>\n<\/ol>\n<h2 data-start=\"1386\" data-end=\"1418\">Avances y cuarto intermedio<\/h2>\n<p data-start=\"1420\" data-end=\"1726\">En el encuentro, el Ejecutivo, representado por <strong data-start=\"1468\" data-end=\"1486\">Gerardo Cuello<\/strong>, Secretario General de Gesti\u00f3n, y su equipo, escuch\u00f3 los planteos de los delegados municipales de ATE, <strong data-start=\"1590\" data-end=\"1620\">Gustavo Cohen y Jos\u00e9 Tapia<\/strong>, quienes adem\u00e1s propusieron un <strong data-start=\"1652\" data-end=\"1686\">bono de fin de a\u00f1o de $100.000<\/strong> y un <strong data-start=\"1692\" data-end=\"1723\">incremento salarial del 20%<\/strong>.<\/p>\n<p data-start=\"1728\" data-end=\"1954\">Durante la reuni\u00f3n tambi\u00e9n se abord\u00f3 la necesidad de avanzar con la <strong data-start=\"1796\" data-end=\"1824\">gesti\u00f3n de las licencias<\/strong> mencionadas y la <strong data-start=\"1842\" data-end=\"1889\">importante inversi\u00f3n en uniformes de verano<\/strong>, que el municipio se comprometi\u00f3 a entregar en tiempo y forma.<\/p>\n<p data-start=\"1956\" data-end=\"2164\">Las partes acordaron <strong data-start=\"1977\" data-end=\"2047\">pasar a un cuarto intermedio hasta el 30 de octubre a las 13:00 hs<\/strong>, fecha en la que se retomar\u00e1 la mesa de negociaci\u00f3n a la espera de una respuesta concreta del Ejecutivo municipal.<\/p>\n<p data-start=\"2166\" data-end=\"2398\" data-is-last-node=\"\" data-is-only-node=\"\">ATE reafirma su compromiso con la defensa de los derechos de las y los trabajadores municipales y exige el cumplimiento efectivo de las actas firmadas, la mejora de las condiciones laborales y la recomposici\u00f3n justa de los salarios.<\/p>\n<\/div>\n<\/div>\n<\/div>\n<\/div>\n<div class=\"z-0 flex min-h-[46px] justify-start\"><\/div>\n<div class=\"mt-3 w-full empty:hidden\">\n<div class=\"text-center\"><\/div>\n<\/div>\n<\/div>\n<\/div>\n<\/article>\n<div class=\"pointer-events-none h-px w-px\" aria-hidden=\"true\" data-edge=\"true\"><\/div>\n","protected":false},"excerpt":{"rendered":"<p>24 de octubre de 2025 La Asociaci\u00f3n Trabajadores del Estado (ATE) mantuvo una nueva reuni\u00f3n paritaria con funcionarios del Ejecutivo municipal de Villa Cura Brochero, en el marco del proceso inflacionario y la p\u00e9rdida del poder adquisitivo de las y los trabajadores. Reclamos por incumplimiento y actualizaci\u00f3n salarial Desde ATE se present\u00f3 un informe t\u00e9cnico [&hellip;]<\/p>\n","protected":false},"author":3,"featured_media":51261,"comment_status":"open","ping_status":"open","sticky":false,"template":"","format":"standard","meta":{"_exactmetrics_skip_tracking":false,"_exactmetrics_sitenote_active":false,"_exactmetrics_sitenote_note":"","_exactmetrics_sitenote_category":0,"jnews-multi-image_gallery":[],"jnews_single_post":[],"jnews_primary_category":[],"jnews_social_meta":[],"jnews_review":[],"enable_review":"","type":"","name":"","summary":"","brand":"","sku":"","good":[],"bad":[],"score_override":"","override_value":"","rating":[],"price":[],"jnews_override_counter":[],"jnews_post_split":[],"footnotes":""},"categories":[20],"tags":[],"class_list":["post-51260","post","type-post","status-publish","format-standard","has-post-thumbnail","hentry","category-municipales"],"jetpack_featured_media_url":"https:\/\/atecordoba.org\/wp-content\/uploads\/2025\/10\/brochero-1.png","_links":{"self":[{"href":"https:\/\/atecordoba.org\/index.php?rest_route=\/wp\/v2\/posts\/51260","targetHints":{"allow":["GET"]}}],"collection":[{"href":"https:\/\/atecordoba.org\/index.php?rest_route=\/wp\/v2\/posts"}],"about":[{"href":"https:\/\/atecordoba.org\/index.php?rest_route=\/wp\/v2\/types\/post"}],"author":[{"embeddable":true,"href":"https:\/\/atecordoba.org\/index.php?rest_route=\/wp\/v2\/users\/3"}],"replies":[{"embeddable":true,"href":"https:\/\/atecordoba.org\/index.php?rest_route=%2Fwp%2Fv2%2Fcomments&post=51260"}],"version-history":[{"count":1,"href":"https:\/\/atecordoba.org\/index.php?rest_route=\/wp\/v2\/posts\/51260\/revisions"}],"predecessor-version":[{"id":51262,"href":"https:\/\/atecordoba.org\/index.php?rest_route=\/wp\/v2\/posts\/51260\/revisions\/51262"}],"wp:featuredmedia":[{"embeddable":true,"href":"https:\/\/atecordoba.org\/index.php?rest_route=\/wp\/v2\/media\/51261"}],"wp:attachment":[{"href":"https:\/\/atecordoba.org\/index.php?rest_route=%2Fwp%2Fv2%2Fmedia&parent=51260"}],"wp:term":[{"taxonomy":"category","embeddable":true,"href":"https:\/\/atecordoba.org\/index.php?rest_route=%2Fwp%2Fv2%2Fcategories&post=51260"},{"taxonomy":"post_tag","embeddable":true,"href":"https:\/\/atecordoba.org\/index.php?rest_route=%2Fwp%2Fv2%2Ftags&post=51260"}],"curies":[{"name":"wp","href":"https:\/\/api.w.org\/{rel}","templated":true}]}}