{"id":51252,"date":"2025-10-24T11:32:35","date_gmt":"2025-10-24T14:32:35","guid":{"rendered":"https:\/\/atecordoba.org\/?p=51252"},"modified":"2025-10-24T11:32:35","modified_gmt":"2025-10-24T14:32:35","slug":"federico-giuliani-denuncio-ante-la-justicia-la-represion-del-28-de-agosto-y-pidio-que-no-haya-impunidad","status":"publish","type":"post","link":"https:\/\/atecordoba.org\/?p=51252","title":{"rendered":"Federico Giuliani denunci\u00f3 ante la Justicia la represi\u00f3n del 28 de agosto y pidi\u00f3 que no haya impunidad"},"content":{"rendered":"<p data-start=\"111\" data-end=\"620\">\n<p data-start=\"111\" data-end=\"620\"><a href=\"https:\/\/atecordoba.org\/wp-content\/uploads\/2025\/10\/WhatsApp-Image-2025-10-24-at-11.26.43.jpeg\"><img loading=\"lazy\" decoding=\"async\" class=\"alignnone size-full wp-image-51257\" src=\"https:\/\/atecordoba.org\/wp-content\/uploads\/2025\/10\/WhatsApp-Image-2025-10-24-at-11.26.43.jpeg\" alt=\"\" width=\"1600\" height=\"1204\" srcset=\"https:\/\/atecordoba.org\/wp-content\/uploads\/2025\/10\/WhatsApp-Image-2025-10-24-at-11.26.43.jpeg 1600w, https:\/\/atecordoba.org\/wp-content\/uploads\/2025\/10\/WhatsApp-Image-2025-10-24-at-11.26.43-300x226.jpeg 300w, https:\/\/atecordoba.org\/wp-content\/uploads\/2025\/10\/WhatsApp-Image-2025-10-24-at-11.26.43-1024x771.jpeg 1024w, https:\/\/atecordoba.org\/wp-content\/uploads\/2025\/10\/WhatsApp-Image-2025-10-24-at-11.26.43-768x578.jpeg 768w, https:\/\/atecordoba.org\/wp-content\/uploads\/2025\/10\/WhatsApp-Image-2025-10-24-at-11.26.43-1536x1156.jpeg 1536w, https:\/\/atecordoba.org\/wp-content\/uploads\/2025\/10\/WhatsApp-Image-2025-10-24-at-11.26.43-750x564.jpeg 750w, https:\/\/atecordoba.org\/wp-content\/uploads\/2025\/10\/WhatsApp-Image-2025-10-24-at-11.26.43-1140x858.jpeg 1140w\" sizes=\"auto, (max-width: 1600px) 100vw, 1600px\" \/><\/a><\/p>\n<p data-start=\"111\" data-end=\"620\"><strong data-start=\"111\" data-end=\"147\">24 de octubre de 2025 \u2013 C\u00f3rdoba.<\/strong><br data-start=\"147\" data-end=\"150\" \/>En la ma\u00f1ana de hoy, el secretario general de ATE y de la CTA Aut\u00f3noma C\u00f3rdoba, <strong data-start=\"230\" data-end=\"251\">Federico Giuliani<\/strong>, junto a su abogado <strong data-start=\"272\" data-end=\"289\">Claudio Orosz<\/strong>, present\u00f3 formalmente una denuncia en <strong data-start=\"328\" data-end=\"345\">Tribunales II<\/strong> por los hechos de represi\u00f3n ocurridos el pasado <strong data-start=\"394\" data-end=\"449\">28 de agosto en la Secretar\u00eda de Pol\u00edticas Sociales<\/strong>.<br data-start=\"450\" data-end=\"453\" \/>Tras el sorteo, la causa qued\u00f3 radicada en el expediente <strong data-start=\"510\" data-end=\"526\">SAC 14222844<\/strong> en la <strong data-start=\"533\" data-end=\"574\">Fiscal\u00eda de Distrito Dos, Turno Cinco<\/strong>, a cargo de la <strong data-start=\"590\" data-end=\"617\">Dra. Florencia Esposito<\/strong>.<\/p>\n<hr data-start=\"622\" data-end=\"625\" \/>\n<h3 data-start=\"627\" data-end=\"708\">\u201cVenimos a denunciar una causa armada por la polic\u00eda y el fiscal De Arag\u00f3n\u201d<\/h3>\n<p><a href=\"https:\/\/atecordoba.org\/wp-content\/uploads\/2025\/10\/WhatsApp-Image-2025-10-24-at-11.25.31-scaled.jpeg\"><img loading=\"lazy\" decoding=\"async\" class=\"alignleft wp-image-51255 size-medium\" src=\"https:\/\/atecordoba.org\/wp-content\/uploads\/2025\/10\/WhatsApp-Image-2025-10-24-at-11.25.31-225x300.jpeg\" alt=\"\" width=\"225\" height=\"300\" srcset=\"https:\/\/atecordoba.org\/wp-content\/uploads\/2025\/10\/WhatsApp-Image-2025-10-24-at-11.25.31-225x300.jpeg 225w, https:\/\/atecordoba.org\/wp-content\/uploads\/2025\/10\/WhatsApp-Image-2025-10-24-at-11.25.31-768x1024.jpeg 768w, https:\/\/atecordoba.org\/wp-content\/uploads\/2025\/10\/WhatsApp-Image-2025-10-24-at-11.25.31-1152x1536.jpeg 1152w, https:\/\/atecordoba.org\/wp-content\/uploads\/2025\/10\/WhatsApp-Image-2025-10-24-at-11.25.31-1536x2048.jpeg 1536w, https:\/\/atecordoba.org\/wp-content\/uploads\/2025\/10\/WhatsApp-Image-2025-10-24-at-11.25.31-750x1000.jpeg 750w, https:\/\/atecordoba.org\/wp-content\/uploads\/2025\/10\/WhatsApp-Image-2025-10-24-at-11.25.31-1140x1520.jpeg 1140w, https:\/\/atecordoba.org\/wp-content\/uploads\/2025\/10\/WhatsApp-Image-2025-10-24-at-11.25.31-scaled.jpeg 1920w\" sizes=\"auto, (max-width: 225px) 100vw, 225px\" \/><\/a>Durante la <strong data-start=\"721\" data-end=\"746\">conferencia de prensa<\/strong> realizada en el edificio judicial, el abogado <strong data-start=\"793\" data-end=\"810\">Claudio Orosz<\/strong> se\u00f1al\u00f3 que la denuncia ampl\u00eda las ya presentadas por el <strong data-start=\"867\" data-end=\"887\">Dr. C\u00e9sar Theaux<\/strong> \u2014en su caso acompa\u00f1ado por el Colegio de Abogados\u2014 y por la <strong data-start=\"948\" data-end=\"992\">Mesa de Trabajo por los Derechos Humanos<\/strong>.<\/p>\n<blockquote data-start=\"997\" data-end=\"1355\">\n<p data-start=\"999\" data-end=\"1355\">\u201cHoy venimos a explicitar mucho m\u00e1s la denuncia, porque en el caso de Federico Giuliani, junto con otra compa\u00f1era, sufrieron lesiones graves, incluyendo una quebradura. Adem\u00e1s acompa\u00f1amos un pendrive elaborado por la organizaci\u00f3n <em data-start=\"1229\" data-end=\"1249\">Mapa de la Polic\u00eda<\/em>, que investiga las aberraciones represivas que cada mi\u00e9rcoles se viven en Buenos Aires\u201d, explic\u00f3 Orosz.<\/p>\n<\/blockquote>\n<p data-start=\"1357\" data-end=\"1634\">El letrado subray\u00f3 que el material probatorio presentado demuestra que \u201c<strong data-start=\"1429\" data-end=\"1512\">no existen los delitos por los que fueron imputados los 15 compa\u00f1eros detenidos<\/strong>\u201d aquel d\u00eda, y que la causa fue \u201c<strong data-start=\"1545\" data-end=\"1573\">falseada ideol\u00f3gicamente<\/strong> por parte del fiscal <strong data-start=\"1595\" data-end=\"1608\">De Arag\u00f3n<\/strong> y de jefes policiales\u201d.<\/p>\n<blockquote data-start=\"1636\" data-end=\"1919\">\n<p data-start=\"1638\" data-end=\"1919\">\u201cNo hubo piedras, no hubo agresiones ni amenazas. A los manifestantes se los enga\u00f1\u00f3 para que ingresaran al edificio con el pretexto de mantener una reuni\u00f3n con funcionarias, que luego fueron retenidas por la polic\u00eda. Todo fue una maniobra para justificar la represi\u00f3n\u201d, denunci\u00f3.<\/p>\n<\/blockquote>\n<p data-start=\"1921\" data-end=\"2003\">Orosz tambi\u00e9n advirti\u00f3 sobre el contexto pol\u00edtico y judicial de la presentaci\u00f3n:<\/p>\n<blockquote data-start=\"2004\" data-end=\"2287\">\n<p data-start=\"2006\" data-end=\"2287\">\u201cEsperamos que esta justicia del cordobesismo no vuelva a caer en el pozo de impunidad que cubre toda denuncia contra el poder pol\u00edtico. Denunciamos una justicia ama\u00f1ada y genuflexa ante los poderosos, pero muy dura con quienes protestan y ejercen sus derechos constitucionales\u201d.<\/p>\n<\/blockquote>\n<hr data-start=\"2289\" data-end=\"2292\" \/>\n<h3 data-start=\"2294\" data-end=\"2353\">\u201cEstamos obligados moral y pol\u00edticamente a denunciar\u201d<\/h3>\n<p><a href=\"https:\/\/atecordoba.org\/wp-content\/uploads\/2025\/10\/WhatsApp-Image-2025-10-24-at-11.25.30-scaled.jpeg\"><img loading=\"lazy\" decoding=\"async\" class=\"alignleft wp-image-51253 size-medium\" src=\"https:\/\/atecordoba.org\/wp-content\/uploads\/2025\/10\/WhatsApp-Image-2025-10-24-at-11.25.30-225x300.jpeg\" alt=\"\" width=\"225\" height=\"300\" srcset=\"https:\/\/atecordoba.org\/wp-content\/uploads\/2025\/10\/WhatsApp-Image-2025-10-24-at-11.25.30-225x300.jpeg 225w, https:\/\/atecordoba.org\/wp-content\/uploads\/2025\/10\/WhatsApp-Image-2025-10-24-at-11.25.30-768x1024.jpeg 768w, https:\/\/atecordoba.org\/wp-content\/uploads\/2025\/10\/WhatsApp-Image-2025-10-24-at-11.25.30-1152x1536.jpeg 1152w, https:\/\/atecordoba.org\/wp-content\/uploads\/2025\/10\/WhatsApp-Image-2025-10-24-at-11.25.30-1536x2048.jpeg 1536w, https:\/\/atecordoba.org\/wp-content\/uploads\/2025\/10\/WhatsApp-Image-2025-10-24-at-11.25.30-750x1000.jpeg 750w, https:\/\/atecordoba.org\/wp-content\/uploads\/2025\/10\/WhatsApp-Image-2025-10-24-at-11.25.30-1140x1520.jpeg 1140w, https:\/\/atecordoba.org\/wp-content\/uploads\/2025\/10\/WhatsApp-Image-2025-10-24-at-11.25.30-scaled.jpeg 1920w\" sizes=\"auto, (max-width: 225px) 100vw, 225px\" \/><\/a>Por su parte, <strong data-start=\"2369\" data-end=\"2390\">Federico Giuliani<\/strong> afirm\u00f3 que la decisi\u00f3n de avanzar con esta denuncia responde a una <strong data-start=\"2458\" data-end=\"2489\">obligaci\u00f3n pol\u00edtica y \u00e9tica<\/strong> frente a los hechos ocurridos.<\/p>\n<blockquote data-start=\"2524\" data-end=\"2866\">\n<p data-start=\"2526\" data-end=\"2866\">\u201cNosotros est\u00e1bamos obligados moral y pol\u00edticamente a presentar esta denuncia. Es muy llamativo que en una movilizaci\u00f3n pac\u00edfica haya 15 detenidos y detenidas. No tendr\u00edamos que haber estado un minuto en un sistema carcelario que viola los derechos humanos y que todav\u00eda conserva pr\u00e1cticas ancladas en la dictadura\u201d, sostuvo el dirigente.<\/p>\n<\/blockquote>\n<p data-start=\"2868\" data-end=\"3105\">Giuliani remarc\u00f3 que lo sucedido forma parte de <strong data-start=\"2916\" data-end=\"2965\">un proceso de persecuci\u00f3n pol\u00edtica y judicial<\/strong> que lleva m\u00e1s de dos a\u00f1os y que tiene como responsables tanto al fiscal De Arag\u00f3n como al <strong data-start=\"3056\" data-end=\"3102\">ministro de Seguridad Juan Pablo Quinteros<\/strong>.<\/p>\n<blockquote data-start=\"3107\" data-end=\"3432\">\n<p data-start=\"3109\" data-end=\"3432\">\u201cVenimos a desmontar la mentira de la Polic\u00eda cordobesa, que junto al fiscal De Arag\u00f3n arm\u00f3 esta causa. Queremos aportar pruebas para que se desarticule el aparato represivo que tiene C\u00f3rdoba, un aparato que criminaliza la protesta social, la pobreza y la juventud, y que genera gatillo f\u00e1cil en las barriadas\u201d, denunci\u00f3.<\/p>\n<\/blockquote>\n<p data-start=\"3434\" data-end=\"3577\">Finalmente, Giuliani se\u00f1al\u00f3 que este reclamo se enmarca en una lucha m\u00e1s amplia por la <strong data-start=\"3521\" data-end=\"3574\">defensa de los derechos democr\u00e1ticos y sindicales<\/strong>:<\/p>\n<blockquote data-start=\"3579\" data-end=\"3843\">\n<p data-start=\"3581\" data-end=\"3843\">\u201cSeguimos gritando a viva voz que <strong data-start=\"3615\" data-end=\"3672\">reclamar y protestar no es un delito, sino un derecho<\/strong>. Por eso exigimos justicia, acompa\u00f1ados por la CTA Nacional y ATE Nacional, para que no haya impunidad y se termine la persecuci\u00f3n a las y los trabajadores que luchan\u201d.<\/p>\n<\/blockquote>\n<hr data-start=\"3845\" data-end=\"3848\" \/>\n<p data-start=\"3850\" data-end=\"4144\" data-is-last-node=\"\" data-is-only-node=\"\"><strong data-start=\"3850\" data-end=\"3989\">ATE C\u00f3rdoba y la CTA Aut\u00f3noma ratifican su compromiso con la defensa de los derechos humanos, la libertad sindical y la justicia social<\/strong>, y exigen una investigaci\u00f3n transparente sobre los hechos del 28 de agosto, que garantice verdad y justicia para todas las personas detenidas y agredidas.<\/p>\n<p style=\"text-align: right;\" data-start=\"3850\" data-end=\"4144\" data-is-last-node=\"\" data-is-only-node=\"\"><a href=\"https:\/\/atecordoba.org\/wp-content\/uploads\/2025\/10\/WhatsApp-Image-2025-10-24-at-11.26.45-scaled.jpeg\"><img loading=\"lazy\" decoding=\"async\" class=\"alignnone wp-image-51258 size-medium\" src=\"https:\/\/atecordoba.org\/wp-content\/uploads\/2025\/10\/WhatsApp-Image-2025-10-24-at-11.26.45-225x300.jpeg\" alt=\"\" width=\"225\" height=\"300\" srcset=\"https:\/\/atecordoba.org\/wp-content\/uploads\/2025\/10\/WhatsApp-Image-2025-10-24-at-11.26.45-225x300.jpeg 225w, https:\/\/atecordoba.org\/wp-content\/uploads\/2025\/10\/WhatsApp-Image-2025-10-24-at-11.26.45-768x1024.jpeg 768w, https:\/\/atecordoba.org\/wp-content\/uploads\/2025\/10\/WhatsApp-Image-2025-10-24-at-11.26.45-1152x1536.jpeg 1152w, https:\/\/atecordoba.org\/wp-content\/uploads\/2025\/10\/WhatsApp-Image-2025-10-24-at-11.26.45-1536x2048.jpeg 1536w, https:\/\/atecordoba.org\/wp-content\/uploads\/2025\/10\/WhatsApp-Image-2025-10-24-at-11.26.45-750x1000.jpeg 750w, https:\/\/atecordoba.org\/wp-content\/uploads\/2025\/10\/WhatsApp-Image-2025-10-24-at-11.26.45-1140x1520.jpeg 1140w, https:\/\/atecordoba.org\/wp-content\/uploads\/2025\/10\/WhatsApp-Image-2025-10-24-at-11.26.45-scaled.jpeg 1920w\" sizes=\"auto, (max-width: 225px) 100vw, 225px\" \/><\/a> <a href=\"https:\/\/atecordoba.org\/wp-content\/uploads\/2025\/10\/WhatsApp-Image-2025-10-24-at-11.25.31-2-scaled.jpeg\"><img loading=\"lazy\" decoding=\"async\" class=\"alignnone wp-image-51256 size-medium\" src=\"https:\/\/atecordoba.org\/wp-content\/uploads\/2025\/10\/WhatsApp-Image-2025-10-24-at-11.25.31-2-225x300.jpeg\" alt=\"\" width=\"225\" height=\"300\" srcset=\"https:\/\/atecordoba.org\/wp-content\/uploads\/2025\/10\/WhatsApp-Image-2025-10-24-at-11.25.31-2-225x300.jpeg 225w, https:\/\/atecordoba.org\/wp-content\/uploads\/2025\/10\/WhatsApp-Image-2025-10-24-at-11.25.31-2-768x1024.jpeg 768w, https:\/\/atecordoba.org\/wp-content\/uploads\/2025\/10\/WhatsApp-Image-2025-10-24-at-11.25.31-2-1152x1536.jpeg 1152w, https:\/\/atecordoba.org\/wp-content\/uploads\/2025\/10\/WhatsApp-Image-2025-10-24-at-11.25.31-2-1536x2048.jpeg 1536w, https:\/\/atecordoba.org\/wp-content\/uploads\/2025\/10\/WhatsApp-Image-2025-10-24-at-11.25.31-2-750x1000.jpeg 750w, https:\/\/atecordoba.org\/wp-content\/uploads\/2025\/10\/WhatsApp-Image-2025-10-24-at-11.25.31-2-1140x1520.jpeg 1140w, https:\/\/atecordoba.org\/wp-content\/uploads\/2025\/10\/WhatsApp-Image-2025-10-24-at-11.25.31-2-scaled.jpeg 1920w\" sizes=\"auto, (max-width: 225px) 100vw, 225px\" \/><\/a> <a href=\"https:\/\/atecordoba.org\/wp-content\/uploads\/2025\/10\/WhatsApp-Image-2025-10-24-at-11.25.30-1-scaled.jpeg\"><img loading=\"lazy\" decoding=\"async\" class=\"alignnone wp-image-51254 size-medium\" src=\"https:\/\/atecordoba.org\/wp-content\/uploads\/2025\/10\/WhatsApp-Image-2025-10-24-at-11.25.30-1-225x300.jpeg\" alt=\"\" width=\"225\" height=\"300\" srcset=\"https:\/\/atecordoba.org\/wp-content\/uploads\/2025\/10\/WhatsApp-Image-2025-10-24-at-11.25.30-1-225x300.jpeg 225w, https:\/\/atecordoba.org\/wp-content\/uploads\/2025\/10\/WhatsApp-Image-2025-10-24-at-11.25.30-1-768x1024.jpeg 768w, https:\/\/atecordoba.org\/wp-content\/uploads\/2025\/10\/WhatsApp-Image-2025-10-24-at-11.25.30-1-1152x1536.jpeg 1152w, https:\/\/atecordoba.org\/wp-content\/uploads\/2025\/10\/WhatsApp-Image-2025-10-24-at-11.25.30-1-1536x2048.jpeg 1536w, https:\/\/atecordoba.org\/wp-content\/uploads\/2025\/10\/WhatsApp-Image-2025-10-24-at-11.25.30-1-750x1000.jpeg 750w, https:\/\/atecordoba.org\/wp-content\/uploads\/2025\/10\/WhatsApp-Image-2025-10-24-at-11.25.30-1-1140x1520.jpeg 1140w, https:\/\/atecordoba.org\/wp-content\/uploads\/2025\/10\/WhatsApp-Image-2025-10-24-at-11.25.30-1-scaled.jpeg 1920w\" sizes=\"auto, (max-width: 225px) 100vw, 225px\" \/><\/a><\/p>\n","protected":false},"excerpt":{"rendered":"<p>24 de octubre de 2025 \u2013 C\u00f3rdoba.En la ma\u00f1ana de hoy, el secretario general de ATE y de la CTA Aut\u00f3noma C\u00f3rdoba, Federico Giuliani, junto a su abogado Claudio Orosz, present\u00f3 formalmente una denuncia en Tribunales II por los hechos de represi\u00f3n ocurridos el pasado 28 de agosto en la Secretar\u00eda de Pol\u00edticas Sociales.Tras el [&hellip;]<\/p>\n","protected":false},"author":3,"featured_media":51253,"comment_status":"open","ping_status":"open","sticky":false,"template":"","format":"standard","meta":{"_exactmetrics_skip_tracking":false,"_exactmetrics_sitenote_active":false,"_exactmetrics_sitenote_note":"","_exactmetrics_sitenote_category":0,"jnews-multi-image_gallery":[],"jnews_single_post":[],"jnews_primary_category":[],"jnews_social_meta":[],"jnews_review":[],"enable_review":"","type":"","name":"","summary":"","brand":"","sku":"","good":[],"bad":[],"score_override":"","override_value":"","rating":[],"price":[],"jnews_override_counter":[],"jnews_post_split":[],"footnotes":""},"categories":[10,341,122],"tags":[],"class_list":["post-51252","post","type-post","status-publish","format-standard","has-post-thumbnail","hentry","category-accion-politica","category-cdp","category-ddhh"],"jetpack_featured_media_url":"https:\/\/atecordoba.org\/wp-content\/uploads\/2025\/10\/WhatsApp-Image-2025-10-24-at-11.25.30-scaled.jpeg","_links":{"self":[{"href":"https:\/\/atecordoba.org\/index.php?rest_route=\/wp\/v2\/posts\/51252","targetHints":{"allow":["GET"]}}],"collection":[{"href":"https:\/\/atecordoba.org\/index.php?rest_route=\/wp\/v2\/posts"}],"about":[{"href":"https:\/\/atecordoba.org\/index.php?rest_route=\/wp\/v2\/types\/post"}],"author":[{"embeddable":true,"href":"https:\/\/atecordoba.org\/index.php?rest_route=\/wp\/v2\/users\/3"}],"replies":[{"embeddable":true,"href":"https:\/\/atecordoba.org\/index.php?rest_route=%2Fwp%2Fv2%2Fcomments&post=51252"}],"version-history":[{"count":1,"href":"https:\/\/atecordoba.org\/index.php?rest_route=\/wp\/v2\/posts\/51252\/revisions"}],"predecessor-version":[{"id":51259,"href":"https:\/\/atecordoba.org\/index.php?rest_route=\/wp\/v2\/posts\/51252\/revisions\/51259"}],"wp:featuredmedia":[{"embeddable":true,"href":"https:\/\/atecordoba.org\/index.php?rest_route=\/wp\/v2\/media\/51253"}],"wp:attachment":[{"href":"https:\/\/atecordoba.org\/index.php?rest_route=%2Fwp%2Fv2%2Fmedia&parent=51252"}],"wp:term":[{"taxonomy":"category","embeddable":true,"href":"https:\/\/atecordoba.org\/index.php?rest_route=%2Fwp%2Fv2%2Fcategories&post=51252"},{"taxonomy":"post_tag","embeddable":true,"href":"https:\/\/atecordoba.org\/index.php?rest_route=%2Fwp%2Fv2%2Ftags&post=51252"}],"curies":[{"name":"wp","href":"https:\/\/api.w.org\/{rel}","templated":true}]}}