{"id":51245,"date":"2025-10-23T14:01:47","date_gmt":"2025-10-23T17:01:47","guid":{"rendered":"https:\/\/atecordoba.org\/?p=51245"},"modified":"2025-10-23T14:01:47","modified_gmt":"2025-10-23T17:01:47","slug":"salsacate-ate-pidio-al-ejecutivo-50-de-recomposicion-retroactivo-a-julio-y-hasta-noviembre","status":"publish","type":"post","link":"https:\/\/atecordoba.org\/?p=51245","title":{"rendered":"Salsacate: ATE pidi\u00f3 al Ejecutivo 50% de recomposici\u00f3n, retroactivo a julio y hasta noviembre"},"content":{"rendered":"<p><img loading=\"lazy\" decoding=\"async\" class=\"aligncenter wp-image-51247 \" src=\"https:\/\/atecordoba.org\/wp-content\/uploads\/2025\/10\/WhatsApp-Image-2025-10-23-at-11.56.21-1024x768.jpeg\" alt=\"\" width=\"611\" height=\"459\" srcset=\"https:\/\/atecordoba.org\/wp-content\/uploads\/2025\/10\/WhatsApp-Image-2025-10-23-at-11.56.21-1024x768.jpeg 1024w, https:\/\/atecordoba.org\/wp-content\/uploads\/2025\/10\/WhatsApp-Image-2025-10-23-at-11.56.21-300x225.jpeg 300w, https:\/\/atecordoba.org\/wp-content\/uploads\/2025\/10\/WhatsApp-Image-2025-10-23-at-11.56.21-768x576.jpeg 768w, https:\/\/atecordoba.org\/wp-content\/uploads\/2025\/10\/WhatsApp-Image-2025-10-23-at-11.56.21-1536x1152.jpeg 1536w, https:\/\/atecordoba.org\/wp-content\/uploads\/2025\/10\/WhatsApp-Image-2025-10-23-at-11.56.21-750x563.jpeg 750w, https:\/\/atecordoba.org\/wp-content\/uploads\/2025\/10\/WhatsApp-Image-2025-10-23-at-11.56.21-1140x855.jpeg 1140w, https:\/\/atecordoba.org\/wp-content\/uploads\/2025\/10\/WhatsApp-Image-2025-10-23-at-11.56.21.jpeg 1600w\" sizes=\"auto, (max-width: 611px) 100vw, 611px\" \/>En una reuni\u00f3n mantenida hoy con funcionarios de la Municipalidad de Salsacate, en el oeste provincial, ATE solicit\u00f3 al Departamento Ejecutivo una recomposici\u00f3n del 50% en los haberes de todo el personal, m\u00e1s all\u00e1 de su situaci\u00f3n contractual.<\/p>\n<p>Durante el corriente a\u00f1o la Municipalidad solo otorg\u00f3 un 15% de aumento por lo que los salarios se encuentran muy retrasados, sumado a que el piso de partida es brutalmente bajo. <img loading=\"lazy\" decoding=\"async\" class=\"aligncenter wp-image-51246 \" src=\"https:\/\/atecordoba.org\/wp-content\/uploads\/2025\/10\/WhatsApp-Image-2025-10-23-at-11.56.22-1024x768.jpeg\" alt=\"\" width=\"614\" height=\"461\" srcset=\"https:\/\/atecordoba.org\/wp-content\/uploads\/2025\/10\/WhatsApp-Image-2025-10-23-at-11.56.22-1024x768.jpeg 1024w, https:\/\/atecordoba.org\/wp-content\/uploads\/2025\/10\/WhatsApp-Image-2025-10-23-at-11.56.22-300x225.jpeg 300w, https:\/\/atecordoba.org\/wp-content\/uploads\/2025\/10\/WhatsApp-Image-2025-10-23-at-11.56.22-768x576.jpeg 768w, https:\/\/atecordoba.org\/wp-content\/uploads\/2025\/10\/WhatsApp-Image-2025-10-23-at-11.56.22-1536x1152.jpeg 1536w, https:\/\/atecordoba.org\/wp-content\/uploads\/2025\/10\/WhatsApp-Image-2025-10-23-at-11.56.22-750x563.jpeg 750w, https:\/\/atecordoba.org\/wp-content\/uploads\/2025\/10\/WhatsApp-Image-2025-10-23-at-11.56.22-1140x855.jpeg 1140w, https:\/\/atecordoba.org\/wp-content\/uploads\/2025\/10\/WhatsApp-Image-2025-10-23-at-11.56.22.jpeg 1600w\" sizes=\"auto, (max-width: 614px) 100vw, 614px\" \/><\/p>\n<p>En ese marco, ATE pidi\u00f3 tambi\u00e9n aumento con impacto al b\u00e1sico de los \u00edtems refrigerio (del 15 al 20%) y Puntualidad y Asistencia (actualmente no se paga, el reclamo es que sea del 10% del salario).<\/p>\n<p>Sobre los otros puntos planteados, nuestra organizaci\u00f3n pidi\u00f3 la entrega de la muda de ropa de verano y la aprobaci\u00f3n y reglamentaci\u00f3n de las licencias presentadas por ATE: licencia sanitaria y licencia por violencia de g\u00e9nero.<\/p>\n<p>Al finalizar la audiencia, se realiz\u00f3 una asamblea para informar a los y las municipales sobre los pormenores de la negociaci\u00f3n y someter a los compa\u00f1eros la aprobaci\u00f3n de lo actuado.<\/p>\n<p>En tanto, se pas\u00f3 a un cuarto intermedio con el Departamento Ejecutivo a la espera de una respuesta a nuestro reclamo gremial.<\/p>\n<div id='gallery_1' class='gallery galleryid-51245 gallery-columns-3 gallery-size-thumbnail'><figure class='gallery-item'>\n                <div class='gallery-icon landscape'>\n                    <a href='https:\/\/atecordoba.org\/wp-content\/uploads\/2025\/10\/WhatsApp-Image-2025-10-23-at-13.21.00-1.jpeg'><img loading=\"lazy\" decoding=\"async\" width=\"150\" height=\"150\" src=\"\" class=\"attachment-thumbnail size-thumbnail lazyload\" alt=\"\" data-src=\"https:\/\/atecordoba.org\/wp-content\/uploads\/2025\/10\/WhatsApp-Image-2025-10-23-at-13.21.00-1-150x150.jpeg\" data-sizes=\"auto\" data-srcset=\"https:\/\/atecordoba.org\/wp-content\/uploads\/2025\/10\/WhatsApp-Image-2025-10-23-at-13.21.00-1-150x150.jpeg 150w, https:\/\/atecordoba.org\/wp-content\/uploads\/2025\/10\/WhatsApp-Image-2025-10-23-at-13.21.00-1-560x560.jpeg 560w, https:\/\/atecordoba.org\/wp-content\/uploads\/2025\/10\/WhatsApp-Image-2025-10-23-at-13.21.00-1-75x75.jpeg 75w, https:\/\/atecordoba.org\/wp-content\/uploads\/2025\/10\/WhatsApp-Image-2025-10-23-at-13.21.00-1-350x350.jpeg 350w\" data-expand=\"700\" \/><\/a>\n                <\/div><\/figure><figure class='gallery-item'>\n                <div class='gallery-icon landscape'>\n                    <a href='https:\/\/atecordoba.org\/wp-content\/uploads\/2025\/10\/WhatsApp-Image-2025-10-23-at-13.21.00-2.jpeg'><img loading=\"lazy\" decoding=\"async\" width=\"150\" height=\"150\" src=\"\" class=\"attachment-thumbnail size-thumbnail lazyload\" alt=\"\" data-src=\"https:\/\/atecordoba.org\/wp-content\/uploads\/2025\/10\/WhatsApp-Image-2025-10-23-at-13.21.00-2-150x150.jpeg\" data-sizes=\"auto\" data-srcset=\"https:\/\/atecordoba.org\/wp-content\/uploads\/2025\/10\/WhatsApp-Image-2025-10-23-at-13.21.00-2-150x150.jpeg 150w, https:\/\/atecordoba.org\/wp-content\/uploads\/2025\/10\/WhatsApp-Image-2025-10-23-at-13.21.00-2-560x560.jpeg 560w, https:\/\/atecordoba.org\/wp-content\/uploads\/2025\/10\/WhatsApp-Image-2025-10-23-at-13.21.00-2-75x75.jpeg 75w, https:\/\/atecordoba.org\/wp-content\/uploads\/2025\/10\/WhatsApp-Image-2025-10-23-at-13.21.00-2-350x350.jpeg 350w\" data-expand=\"700\" \/><\/a>\n                <\/div><\/figure><figure class='gallery-item'>\n                <div class='gallery-icon landscape'>\n                    <a href='https:\/\/atecordoba.org\/wp-content\/uploads\/2025\/10\/WhatsApp-Image-2025-10-23-at-13.21.00.jpeg'><img loading=\"lazy\" decoding=\"async\" width=\"150\" height=\"150\" src=\"\" class=\"attachment-thumbnail size-thumbnail lazyload\" alt=\"\" data-src=\"https:\/\/atecordoba.org\/wp-content\/uploads\/2025\/10\/WhatsApp-Image-2025-10-23-at-13.21.00-150x150.jpeg\" data-sizes=\"auto\" data-srcset=\"https:\/\/atecordoba.org\/wp-content\/uploads\/2025\/10\/WhatsApp-Image-2025-10-23-at-13.21.00-150x150.jpeg 150w, https:\/\/atecordoba.org\/wp-content\/uploads\/2025\/10\/WhatsApp-Image-2025-10-23-at-13.21.00-560x560.jpeg 560w, https:\/\/atecordoba.org\/wp-content\/uploads\/2025\/10\/WhatsApp-Image-2025-10-23-at-13.21.00-75x75.jpeg 75w, https:\/\/atecordoba.org\/wp-content\/uploads\/2025\/10\/WhatsApp-Image-2025-10-23-at-13.21.00-350x350.jpeg 350w\" data-expand=\"700\" \/><\/a>\n                <\/div><\/figure><br style=\"clear: both\" \/>\n            <\/div>\n\n","protected":false},"excerpt":{"rendered":"<p>En una reuni\u00f3n mantenida hoy con funcionarios de la Municipalidad de Salsacate, en el oeste provincial, ATE solicit\u00f3 al Departamento Ejecutivo una recomposici\u00f3n del 50% en los haberes de todo el personal, m\u00e1s all\u00e1 de su situaci\u00f3n contractual. Durante el corriente a\u00f1o la Municipalidad solo otorg\u00f3 un 15% de aumento por lo que los salarios [&hellip;]<\/p>\n","protected":false},"author":7,"featured_media":51247,"comment_status":"open","ping_status":"open","sticky":false,"template":"","format":"standard","meta":{"_exactmetrics_skip_tracking":false,"_exactmetrics_sitenote_active":false,"_exactmetrics_sitenote_note":"","_exactmetrics_sitenote_category":0,"jnews-multi-image_gallery":[],"jnews_single_post":[],"jnews_primary_category":[],"jnews_social_meta":[],"jnews_review":[],"enable_review":"","type":"","name":"","summary":"","brand":"","sku":"","good":[],"bad":[],"score_override":"","override_value":"","rating":[],"price":[],"jnews_override_counter":[],"jnews_post_split":[],"footnotes":""},"categories":[20],"tags":[],"class_list":["post-51245","post","type-post","status-publish","format-standard","has-post-thumbnail","hentry","category-municipales"],"jetpack_featured_media_url":"https:\/\/atecordoba.org\/wp-content\/uploads\/2025\/10\/WhatsApp-Image-2025-10-23-at-11.56.21.jpeg","_links":{"self":[{"href":"https:\/\/atecordoba.org\/index.php?rest_route=\/wp\/v2\/posts\/51245","targetHints":{"allow":["GET"]}}],"collection":[{"href":"https:\/\/atecordoba.org\/index.php?rest_route=\/wp\/v2\/posts"}],"about":[{"href":"https:\/\/atecordoba.org\/index.php?rest_route=\/wp\/v2\/types\/post"}],"author":[{"embeddable":true,"href":"https:\/\/atecordoba.org\/index.php?rest_route=\/wp\/v2\/users\/7"}],"replies":[{"embeddable":true,"href":"https:\/\/atecordoba.org\/index.php?rest_route=%2Fwp%2Fv2%2Fcomments&post=51245"}],"version-history":[{"count":1,"href":"https:\/\/atecordoba.org\/index.php?rest_route=\/wp\/v2\/posts\/51245\/revisions"}],"predecessor-version":[{"id":51251,"href":"https:\/\/atecordoba.org\/index.php?rest_route=\/wp\/v2\/posts\/51245\/revisions\/51251"}],"wp:featuredmedia":[{"embeddable":true,"href":"https:\/\/atecordoba.org\/index.php?rest_route=\/wp\/v2\/media\/51247"}],"wp:attachment":[{"href":"https:\/\/atecordoba.org\/index.php?rest_route=%2Fwp%2Fv2%2Fmedia&parent=51245"}],"wp:term":[{"taxonomy":"category","embeddable":true,"href":"https:\/\/atecordoba.org\/index.php?rest_route=%2Fwp%2Fv2%2Fcategories&post=51245"},{"taxonomy":"post_tag","embeddable":true,"href":"https:\/\/atecordoba.org\/index.php?rest_route=%2Fwp%2Fv2%2Ftags&post=51245"}],"curies":[{"name":"wp","href":"https:\/\/api.w.org\/{rel}","templated":true}]}}