{"id":51239,"date":"2025-10-23T12:07:44","date_gmt":"2025-10-23T15:07:44","guid":{"rendered":"https:\/\/atecordoba.org\/?p=51239"},"modified":"2025-10-23T12:07:44","modified_gmt":"2025-10-23T15:07:44","slug":"la-coordinadora-de-trabajadores-y-trabajadoras-despedidas-reclama-a-las-y-los-candidatos-definiciones-concretas-contra-el-ajuste-del-estado-que-impuso-milei","status":"publish","type":"post","link":"https:\/\/atecordoba.org\/?p=51239","title":{"rendered":"La Coordinadora de Trabajadores y Trabajadoras Despedidas reclama a las y los candidatos definiciones concretas contra el ajuste del Estado que impuso Milei"},"content":{"rendered":"<p><img loading=\"lazy\" decoding=\"async\" class=\"aligncenter wp-image-51243 \" src=\"https:\/\/atecordoba.org\/wp-content\/uploads\/2025\/10\/marcha0709-29-1024x684.jpg\" alt=\"\" width=\"633\" height=\"423\" \/>La Coordinadora de Trabajadores y Trabajadoras Despedidas\/os en durante el gobierno Milei env\u00eda un documento a las y los candidatos a diputados nacionales por C\u00f3rdoba, a los fines de reclamar una definici\u00f3n pol\u00edtica previa a las elecciones del domingo pr\u00f3ximo respecto al brutal ajuste que el gobierno de Javier Milei al Estado nacional y los efectos concretos sobre las y los cientos de despidos de estatales en la provincia y sobre la p\u00e9rdida de pol\u00edticas p\u00fablicas para el conjunto de la poblaci\u00f3n.<\/p>\n<p>El documento:<\/p>\n<p style=\"text-align: center\"><strong>AN\u00c1LISIS Y PRONUNCIAMIENTO POL\u00cdTICO<\/strong><\/p>\n<p>Desde la asunci\u00f3n del gobierno de Javier Milei, el Estado Nacional ha sido objeto de un profundo proceso de ajuste y desmantelamiento institucional bajo el argumento de reducir el gasto p\u00fablico y eliminar lo que se considera &#8216;estructura improductiva&#8217;. Este proceso implic\u00f3 el cierre, vaciamiento y\/o fusi\u00f3n de m\u00e1s de 100 organismos p\u00fablicos y programas nacionales, afectando a miles de trabajadores y trabajadoras, y a millones de ciudadanos y ciudadanas beneficiarios de las pol\u00edticas p\u00fablicas implementadas.<\/p>\n<p>El llamado &#8216;plan de ajuste estatal&#8217; no es solo una medida contable: redefine el rol del Estado, reduci\u00e9ndolo a su m\u00ednima expresi\u00f3n y abandonando su funci\u00f3n de garante de derechos, promotor del desarrollo y constructor de equidad social.<\/p>\n<p>En diciembre de 2023 se sancion\u00f3 el Decreto 70\/2023 (&#8216;Bases para la reconstrucci\u00f3n de la econom\u00eda argentina&#8217;), que otorg\u00f3 al Poder Ejecutivo amplias facultades para reorganizar y reestructurar el Estado Nacional. Durante 2024 y 2025, este proceso deriv\u00f3 en el cierre o transformaci\u00f3n de m\u00e1s de 100 organismos p\u00fablicos, incluyendo \u00e1reas estrat\u00e9gicas como salud, ciencia, cultura, transporte, agroindustria, ambiente, g\u00e9nero y derechos humanos.<\/p>\n<p>Entre las estructuras afectadas se encuentran: SENNAF, CDR (Centro de Referencia del ex Min Desarrollo Social), ANSES, SRT, CAJ (Centros de Acceso a la Justicia), SSS (Superintendencia de Servicios de Salud) Renaper, SDH (Sec. de Derechos Humanos), ANDIS, PAMI, INTI, INCAA, CONICET, INAFCI, Ministerio de Mujeres, G\u00e9neros y Diversidad, ENACOM, T\u00e9lam, Educ.ar, INADI, Parque Nacionales, DIOXITEK, ANAC, Radio Nacional, Museos Nacionales, CONICET, CNEA (Centro Nac. Energ\u00eda At\u00f3mica), entre otros.<\/p>\n<p>A lo largo de 2024 y 2025, decenas de miles de trabajadores del Estado Nacional fueron despedidos, en C\u00f3rdoba cerca de 300 trabajadores\/as cordobeses y cordobesas, en muchos casos con d\u00e9cadas de servicio y alta calificaci\u00f3n profesional. Estos despidos se realizaron sin evaluaci\u00f3n de desempe\u00f1o, sin procesos administrativos transparentes, con auditor\u00edas irregulares y mediante campa\u00f1as de difamaci\u00f3n p\u00fablica que buscaron justificar un ajuste ideol\u00f3gico. Las cesant\u00edas violaron derechos constitucionales y laborales, afectando la estabilidad garantizada por el art\u00edculo 14 bis de la Constituci\u00f3n Nacional y destruyendo capacidades t\u00e9cnicas esenciales para el funcionamiento del Estado.<\/p>\n<p>Seg\u00fan el Centro de Econom\u00eda Pol\u00edtica Argentina (CEPA), entre diciembre de 2023 y marzo de 2025 se perdieron m\u00e1s de 58.000 empleos p\u00fablicos, lo que representa un desmantelamiento in\u00e9dito en la historia democr\u00e1tica reciente.<\/p>\n<p>El cierre de organismos nacionales implic\u00f3 la interrupci\u00f3n o debilitamiento de pol\u00edticas esenciales: asistencia a PyMEs y econom\u00eda popular, programas de soberan\u00eda alimentaria y desarrollo rural, promoci\u00f3n cultural y audiovisual, investigaci\u00f3n cient\u00edfica y tecnol\u00f3gica, programas de g\u00e9nero y diversidad, protecci\u00f3n social y asistencia alimentaria, capacitaci\u00f3n laboral, educaci\u00f3n digital, desprotecci\u00f3n a las infancias, jubilados, salud, discapacidad, etc. El impacto se siente especialmente en territorios rurales, localidades del interior y comunidades m\u00e1s vulnerables, donde la presencia del Estado era un pilar de desarrollo e inclusi\u00f3n.<\/p>\n<p>El ajuste en el Estado Nacional ha producido una regresi\u00f3n en derechos, un debilitamiento de la soberan\u00eda institucional y productiva, y una p\u00e9rdida de capacidades estatales fundamentales. Sus efectos se traducen en desempleo masivo, precarizaci\u00f3n laboral, p\u00e9rdida de profesionalismo t\u00e9cnico e institucionalidad, desigualdad territorial y avance del capital financiero y del modelo extractivista sin control estatal.<\/p>\n<p>Desde la Coordinadora de Trabajadores y Trabajadoras Despedidas\/os en durante el gobierno Milei, nos dirigimos a ustedes \u2014candidatos y candidatas a ocupar bancas en el Congreso Nacional\u2014 para exigir un compromiso pol\u00edtico claro en defensa del trabajo, del Estado y de las pol\u00edticas p\u00fablicas que garantizan derechos y soberan\u00eda.<\/p>\n<p>Les solicitamos expresamente:<\/p>\n<ol>\n<li>Pronunciarse p\u00fablicamente en contra de los despidos masivos y el desmantelamiento del Estado.<\/li>\n<li>Impulsar proyectos de ley para la reincorporaci\u00f3n de las y los trabajadores despedidos.<\/li>\n<li>Promover la restituci\u00f3n de los organismos disueltos, especialmente aquellos con presencia territorial en C\u00f3rdoba.<\/li>\n<li>Defender el presupuesto p\u00fablico destinado a ciencia, educaci\u00f3n, salud, cultura, agricultura familiar, g\u00e9nero y derechos humanos.<\/li>\n<\/ol>\n<p>Nuestra demanda no es solo laboral: es pol\u00edtica y social. Defendemos al Estado como herramienta de justicia, equidad e inclusi\u00f3n territorial. La restituci\u00f3n de los organismos disueltos y la reincorporaci\u00f3n de sus trabajadores son pasos indispensables para recuperar la capacidad estatal de planificar, regular y acompa\u00f1ar a las mayor\u00edas populares.<\/p>\n<p>Por todo ello, reafirmamos nuestro compromiso con la unidad, la organizaci\u00f3n y la lucha colectiva, convencidos de que la reconstrucci\u00f3n del Estado Nacional y la recuperaci\u00f3n de nuestros puestos de trabajo son una causa justa, necesaria y profundamente democr\u00e1tica.<\/p>\n<p style=\"text-align: center\"><strong>ATTE<\/strong><\/p>\n<p style=\"text-align: center\"><strong>Coordinadora de Trabajadores y Trabajadoras del Estado Nacional Despedidas\/os durante el gobierno de Milei<\/strong><\/p>\n<p style=\"text-align: center\"><strong>Provincia de C\u00f3rdoba \u2013 Octubre 2025<\/strong><\/p>\n<p style=\"text-align: center\"><strong>Contacto: 358-4388818 (Natalia Arrieta)<\/strong><\/p>\n","protected":false},"excerpt":{"rendered":"<p>La Coordinadora de Trabajadores y Trabajadoras Despedidas\/os en durante el gobierno Milei env\u00eda un documento a las y los candidatos a diputados nacionales por C\u00f3rdoba, a los fines de reclamar una definici\u00f3n pol\u00edtica previa a las elecciones del domingo pr\u00f3ximo respecto al brutal ajuste que el gobierno de Javier Milei al Estado nacional y los [&hellip;]<\/p>\n","protected":false},"author":7,"featured_media":51243,"comment_status":"open","ping_status":"open","sticky":false,"template":"","format":"standard","meta":{"_exactmetrics_skip_tracking":false,"_exactmetrics_sitenote_active":false,"_exactmetrics_sitenote_note":"","_exactmetrics_sitenote_category":0,"jnews-multi-image_gallery":[],"jnews_single_post":{"format":"standard","override":[{"template":"1","parallax":"1","fullscreen":"1","layout":"no-sidebar-narrow","sidebar":"default-sidebar","second_sidebar":"default-sidebar","sticky_sidebar":"1","share_position":"bottom","share_float_style":"share-monocrhome","show_share_counter":"1","show_view_counter":"1","show_post_meta":"1","show_post_author_image":"1","show_post_date":"1","post_date_format":"default","post_date_format_custom":"Y\/m\/d","show_post_category":"1","show_post_reading_time":"0","post_reading_time_wpm":"300","post_calculate_word_method":"str_word_count","show_zoom_button":"0","zoom_button_out_step":"2","zoom_button_in_step":"3","show_post_tag":"1","number_popup_post":"1","show_post_related":"1","show_inline_post_related":"0"}],"image_override":[{"single_post_thumbnail_size":"crop-500","single_post_gallery_size":"crop-500"}],"trending_post_position":"meta","trending_post_label":"Trending","sponsored_post_label":"Sponsored by","disable_ad":"0"},"jnews_primary_category":[],"jnews_social_meta":[],"jnews_review":[],"enable_review":"","type":"percentage","name":"","summary":"","brand":"","sku":"","good":[],"bad":[],"score_override":"","override_value":"","rating":[],"price":[],"jnews_override_counter":{"view_counter_number":"0","share_counter_number":"0","like_counter_number":"0","dislike_counter_number":"0"},"jnews_post_split":{"post_split":[{"template":"1","tag":"h2","numbering":"asc","mode":"normal","first":"0","enable_toc":"0","toc_type":"normal"}]},"footnotes":""},"categories":[10],"tags":[],"class_list":["post-51239","post","type-post","status-publish","format-standard","has-post-thumbnail","hentry","category-accion-politica"],"jetpack_featured_media_url":"https:\/\/atecordoba.org\/wp-content\/uploads\/2025\/10\/marcha0709-29-scaled-e1761232055741.jpg","_links":{"self":[{"href":"https:\/\/atecordoba.org\/index.php?rest_route=\/wp\/v2\/posts\/51239","targetHints":{"allow":["GET"]}}],"collection":[{"href":"https:\/\/atecordoba.org\/index.php?rest_route=\/wp\/v2\/posts"}],"about":[{"href":"https:\/\/atecordoba.org\/index.php?rest_route=\/wp\/v2\/types\/post"}],"author":[{"embeddable":true,"href":"https:\/\/atecordoba.org\/index.php?rest_route=\/wp\/v2\/users\/7"}],"replies":[{"embeddable":true,"href":"https:\/\/atecordoba.org\/index.php?rest_route=%2Fwp%2Fv2%2Fcomments&post=51239"}],"version-history":[{"count":2,"href":"https:\/\/atecordoba.org\/index.php?rest_route=\/wp\/v2\/posts\/51239\/revisions"}],"predecessor-version":[{"id":51244,"href":"https:\/\/atecordoba.org\/index.php?rest_route=\/wp\/v2\/posts\/51239\/revisions\/51244"}],"wp:featuredmedia":[{"embeddable":true,"href":"https:\/\/atecordoba.org\/index.php?rest_route=\/wp\/v2\/media\/51243"}],"wp:attachment":[{"href":"https:\/\/atecordoba.org\/index.php?rest_route=%2Fwp%2Fv2%2Fmedia&parent=51239"}],"wp:term":[{"taxonomy":"category","embeddable":true,"href":"https:\/\/atecordoba.org\/index.php?rest_route=%2Fwp%2Fv2%2Fcategories&post=51239"},{"taxonomy":"post_tag","embeddable":true,"href":"https:\/\/atecordoba.org\/index.php?rest_route=%2Fwp%2Fv2%2Ftags&post=51239"}],"curies":[{"name":"wp","href":"https:\/\/api.w.org\/{rel}","templated":true}]}}