{"id":51230,"date":"2025-10-22T15:11:31","date_gmt":"2025-10-22T18:11:31","guid":{"rendered":"https:\/\/atecordoba.org\/?p=51230"},"modified":"2025-10-22T15:11:31","modified_gmt":"2025-10-22T18:11:31","slug":"ate-evalua-un-nuevo-paro-nacional-por-la-suspension-al-financiamiento-del-garrahan","status":"publish","type":"post","link":"https:\/\/atecordoba.org\/?p=51230","title":{"rendered":"ATE eval\u00faa un nuevo Paro Nacional por la suspensi\u00f3n al financiamiento del Garrahan"},"content":{"rendered":"<p><em>&#8220;No podemos naturalizar que gobiernen al margen de la ley y contra la Constituci\u00f3n nacional. Es intolerable semejante degradaci\u00f3n democr\u00e1tica. Desde hace tiempo se cumplen las causales para el Juicio Pol\u00edtico&#8221;, indic\u00f3 Rodolfo Aguiar.<\/em><\/p>\n<p><img loading=\"lazy\" decoding=\"async\" class=\"aligncenter wp-image-51231 \" src=\"https:\/\/atecordoba.org\/wp-content\/uploads\/2025\/10\/salud-publica-aguiar.jpeg\" alt=\"\" width=\"618\" height=\"412\" srcset=\"https:\/\/atecordoba.org\/wp-content\/uploads\/2025\/10\/salud-publica-aguiar.jpeg 1024w, https:\/\/atecordoba.org\/wp-content\/uploads\/2025\/10\/salud-publica-aguiar-300x200.jpeg 300w, https:\/\/atecordoba.org\/wp-content\/uploads\/2025\/10\/salud-publica-aguiar-768x512.jpeg 768w, https:\/\/atecordoba.org\/wp-content\/uploads\/2025\/10\/salud-publica-aguiar-750x500.jpeg 750w\" sizes=\"auto, (max-width: 618px) 100vw, 618px\" \/><\/p>\n<p>Luego de que el Gobierno Nacional publicara los decretos 759 y 760 que suspenden las leyes de Financiamiento Universitario y de Emergencia Pedi\u00e1trica, respectivamente, el Secretario General de ATE Nacional, Rodolfo Aguiar, asegur\u00f3 que el sindicato evaluar\u00e1 un nuevo Paro Nacional.<\/p>\n<p>\u00abEl Gobierno desconoce lo votado en el Congreso y decidi\u00f3 suspender mediante los decretos 759 y 760 las leyes de Emergencia Pedi\u00e1trica y de Financiamiento Universitario. No podemos naturalizar que gobiernen al margen de la ley y contra la Constituci\u00f3n nacional. Es intolerable semejante degradaci\u00f3n democr\u00e1tica. Desde hace tiempo se cumplen las causales para el Juicio Pol\u00edtico\u00bb, se\u00f1al\u00f3 el dirigente estatal.<\/p>\n<p>En este marco, agreg\u00f3: \u00abEs falso lo que dice Milei que sea una cuesti\u00f3n presupuestaria, es de prioridades. Decidieron regalarle 1.500 millones de d\u00f3lares a las cerealeras, pero con ese monto se podr\u00eda haber garantizado 7 a\u00f1os de financiamiento para el Hospital Garrahan\u00bb.<\/p>\n<p>\u00abEl domingo es con el voto, pero la derrota definitiva de Milei se construye en las calles. \u00bfQu\u00e9 m\u00e1s hace falta para que se convoque a una huelga general?\u00bb, concluy\u00f3 el Secretario General de ATE Nacional<\/p>\n<p>Ambas leyes, la 27.795 y la 27.796, fueron promulgadas por el Ejecutivo nacional pero su aplicaci\u00f3n quedar\u00e1 en suspenso hasta que el Gobierno lo defina.<\/p>\n","protected":false},"excerpt":{"rendered":"<p>&#8220;No podemos naturalizar que gobiernen al margen de la ley y contra la Constituci\u00f3n nacional. Es intolerable semejante degradaci\u00f3n democr\u00e1tica. Desde hace tiempo se cumplen las causales para el Juicio Pol\u00edtico&#8221;, indic\u00f3 Rodolfo Aguiar. Luego de que el Gobierno Nacional publicara los decretos 759 y 760 que suspenden las leyes de Financiamiento Universitario y de [&hellip;]<\/p>\n","protected":false},"author":7,"featured_media":51231,"comment_status":"open","ping_status":"open","sticky":false,"template":"","format":"standard","meta":{"_exactmetrics_skip_tracking":false,"_exactmetrics_sitenote_active":false,"_exactmetrics_sitenote_note":"","_exactmetrics_sitenote_category":0,"jnews-multi-image_gallery":[],"jnews_single_post":[],"jnews_primary_category":[],"jnews_social_meta":[],"jnews_review":[],"enable_review":"","type":"","name":"","summary":"","brand":"","sku":"","good":[],"bad":[],"score_override":"","override_value":"","rating":[],"price":[],"jnews_override_counter":[],"jnews_post_split":[],"footnotes":""},"categories":[10],"tags":[],"class_list":["post-51230","post","type-post","status-publish","format-standard","has-post-thumbnail","hentry","category-accion-politica"],"jetpack_featured_media_url":"https:\/\/atecordoba.org\/wp-content\/uploads\/2025\/10\/salud-publica-aguiar.jpeg","_links":{"self":[{"href":"https:\/\/atecordoba.org\/index.php?rest_route=\/wp\/v2\/posts\/51230","targetHints":{"allow":["GET"]}}],"collection":[{"href":"https:\/\/atecordoba.org\/index.php?rest_route=\/wp\/v2\/posts"}],"about":[{"href":"https:\/\/atecordoba.org\/index.php?rest_route=\/wp\/v2\/types\/post"}],"author":[{"embeddable":true,"href":"https:\/\/atecordoba.org\/index.php?rest_route=\/wp\/v2\/users\/7"}],"replies":[{"embeddable":true,"href":"https:\/\/atecordoba.org\/index.php?rest_route=%2Fwp%2Fv2%2Fcomments&post=51230"}],"version-history":[{"count":1,"href":"https:\/\/atecordoba.org\/index.php?rest_route=\/wp\/v2\/posts\/51230\/revisions"}],"predecessor-version":[{"id":51232,"href":"https:\/\/atecordoba.org\/index.php?rest_route=\/wp\/v2\/posts\/51230\/revisions\/51232"}],"wp:featuredmedia":[{"embeddable":true,"href":"https:\/\/atecordoba.org\/index.php?rest_route=\/wp\/v2\/media\/51231"}],"wp:attachment":[{"href":"https:\/\/atecordoba.org\/index.php?rest_route=%2Fwp%2Fv2%2Fmedia&parent=51230"}],"wp:term":[{"taxonomy":"category","embeddable":true,"href":"https:\/\/atecordoba.org\/index.php?rest_route=%2Fwp%2Fv2%2Fcategories&post=51230"},{"taxonomy":"post_tag","embeddable":true,"href":"https:\/\/atecordoba.org\/index.php?rest_route=%2Fwp%2Fv2%2Ftags&post=51230"}],"curies":[{"name":"wp","href":"https:\/\/api.w.org\/{rel}","templated":true}]}}