{"id":5123,"date":"2015-04-27T17:24:20","date_gmt":"2015-04-27T20:24:20","guid":{"rendered":"http:\/\/www.atecordoba.org\/?p=5123"},"modified":"2015-04-27T17:24:20","modified_gmt":"2015-04-27T20:24:20","slug":"19o-congreso-provincial-aprobo-por-unanimidad-memoria-y-balance","status":"publish","type":"post","link":"https:\/\/atecordoba.org\/?p=5123","title":{"rendered":"19\u00ba Congreso Provincial aprob\u00f3 por unanimidad memoria y balance"},"content":{"rendered":"<p><em>El Congreso Provincial se realiz\u00f3 el viernes pasado en la ciudad de R\u00edo Tercero y cont\u00f3 con la participaci\u00f3n de 140 congresales. Presidido por nuestra secretaria General, Mar\u00eda Teresa Romero, el secretario Adjunto, Oscar Mengarelli, y los secretarios generales de las tres seccionales del interior provincial, aprob\u00f3 memoria y balance del Congreso ordinario y debati\u00f3 los lineamientos pol\u00edticos para este a\u00f1o, en el extraordinario. Se resolvi\u00f3 la realizaci\u00f3n de una jornada provincial de protesta en contra del trabajo precario para el pr\u00f3ximo 27 de junio. La propuesta se llevar\u00e1 al Congreso Nacional de nuestro gremio.<\/em><\/p>\n<figure id=\"attachment_5124\" aria-describedby=\"caption-attachment-5124\" style=\"width: 550px\" class=\"wp-caption aligncenter\"><a href=\"http:\/\/www.atecordoba.org\/wp-content\/uploads\/2015\/04\/IMG_7663-e1430164926321.jpg\"><img loading=\"lazy\" decoding=\"async\" class=\"wp-image-5124 size-full\" src=\"http:\/\/www.atecordoba.org\/wp-content\/uploads\/2015\/04\/IMG_7663-e1430164926321.jpg\" alt=\"IMG_7663\" width=\"550\" height=\"309\" \/><\/a><figcaption id=\"caption-attachment-5124\" class=\"wp-caption-text\">Mesa de conducci\u00f3n del congreso. De izquierda a derecha: Federico Giuliani, secretario General R\u00edo Cuarto, Cristian Colman, secretario General R\u00edo Tercero, Mar\u00eda Teresa Romero, secretario General CDP, Oscar Mengarelli, secretario Adjunto CDP, Walter Secondino, secretario General Villa Mar\u00eda.<\/figcaption><\/figure>\n<p>&nbsp;<\/p>\n<p>En un clima de fraternidad y compa\u00f1erismo, 140 congresales de ATE C\u00f3rdoba de toda la provincia aprobaron la memoria y balance de lo actuado por nuestro gremio durante el ejercicio 2014.<\/p>\n<p>Este congreso tuvo la particularidad de ser el \u00faltimo presidido por nuestra compa\u00f1era secretaria General, Mar\u00eda Teresa Romero, que finaliza su mandato este a\u00f1o y no renovar\u00e1, al igual que nuestra secretario Adjunto, Oscar Mengarelli.<\/p>\n<figure id=\"attachment_5125\" aria-describedby=\"caption-attachment-5125\" style=\"width: 309px\" class=\"wp-caption aligncenter\"><a href=\"http:\/\/www.atecordoba.org\/wp-content\/uploads\/2015\/04\/IMG_7578-e1430165087534.jpg\"><img loading=\"lazy\" decoding=\"async\" class=\"wp-image-5125 size-full\" src=\"http:\/\/www.atecordoba.org\/wp-content\/uploads\/2015\/04\/IMG_7578-e1430165087534.jpg\" alt=\"IMG_7578\" width=\"309\" height=\"550\" \/><\/a><figcaption id=\"caption-attachment-5125\" class=\"wp-caption-text\">Mar\u00eda Teresa, junto a una gigantograf\u00eda de Germ\u00e1n Abdala.<\/figcaption><\/figure>\n<p>&nbsp;<\/p>\n<p>En la oportunidad, el congreso sesion\u00f3 bajo el nombre de Alberto Morlachetti en homenaje fundador y alma mater del Movimiento de los Chicos del Pueblo, que falleci\u00f3 hace la semana pasada.<\/p>\n<p>Representantes de los distintos sectores nacionales, provinciales y municipales evaluaron lo actuado y destacaron distintos logros alcanzados por ATE en 2014, que abren una perspectiva de avance de nuestra organizaci\u00f3n en t\u00e9rminos pol\u00edtico-gremiales de importante crecimiento.<\/p>\n<figure id=\"attachment_5126\" aria-describedby=\"caption-attachment-5126\" style=\"width: 550px\" class=\"wp-caption aligncenter\"><a href=\"http:\/\/www.atecordoba.org\/wp-content\/uploads\/2015\/04\/IMG_7611-e1430165163942.jpg\"><img loading=\"lazy\" decoding=\"async\" class=\"wp-image-5126 size-full\" src=\"http:\/\/www.atecordoba.org\/wp-content\/uploads\/2015\/04\/IMG_7611-e1430165163942.jpg\" alt=\"IMG_7611\" width=\"550\" height=\"309\" \/><\/a><figcaption id=\"caption-attachment-5126\" class=\"wp-caption-text\">Votaci\u00f3n un\u00e1nime.<\/figcaption><\/figure>\n<p>&nbsp;<\/p>\n<p>Romero hizo balance de su gesti\u00f3n y destac\u00f3 que nuestro gremio finalmente recuper\u00f3 este mes los c\u00f3digos de descuento de la cuota sindical de los afiliados provinciales, arrebatados por el gobierno de Jos\u00e9 Manuel De la Sota hace nueve a\u00f1os. \u201cLogramos el objetivo que nos planteamos sin ceder ninguna convicci\u00f3n. Elegimos el camino m\u00e1s largo, pero el nuestro, como nos ense\u00f1\u00f3 Germ\u00e1n Abdala, sabiendo que era el m\u00e1s sacrificado. Pero ahora podemos decir que nadie nos regal\u00f3 nada, que fue nuestra lucha gremial, el apoyo de nuestros afiliados y la organizaci\u00f3n en todos los planos de nuestro gremio lo que consigui\u00f3 plasmar nuestros justos reclamos\u201d, subray\u00f3 la dirigente.<\/p>\n<figure id=\"attachment_5127\" aria-describedby=\"caption-attachment-5127\" style=\"width: 550px\" class=\"wp-caption aligncenter\"><a href=\"http:\/\/www.atecordoba.org\/wp-content\/uploads\/2015\/04\/IMG_7629-e1430165480149.jpg\"><img loading=\"lazy\" decoding=\"async\" class=\"wp-image-5127 size-full\" src=\"http:\/\/www.atecordoba.org\/wp-content\/uploads\/2015\/04\/IMG_7629-e1430165480149.jpg\" alt=\"IMG_7629\" width=\"550\" height=\"309\" \/><\/a><figcaption id=\"caption-attachment-5127\" class=\"wp-caption-text\">Mesa de conducci\u00f3n, toda la provincia representada.<\/figcaption><\/figure>\n<p>&nbsp;<\/p>\n<p>El discurso de Mar\u00eda Teresa fue apoyado por un cerrado aplauso que emocion\u00f3 a todos los presentes. Dirigentes de toda la provincia destacaron la capacidad de conducci\u00f3n de la secretaria General en los momentos m\u00e1s dif\u00edciles, para combinar las distintas miradas en pos del objetivo en com\u00fan.<\/p>\n<figure id=\"attachment_5128\" aria-describedby=\"caption-attachment-5128\" style=\"width: 550px\" class=\"wp-caption aligncenter\"><a href=\"http:\/\/www.atecordoba.org\/wp-content\/uploads\/2015\/04\/IMG_7664-e1430165574788.jpg\"><img loading=\"lazy\" decoding=\"async\" class=\"wp-image-5128 size-full\" src=\"http:\/\/www.atecordoba.org\/wp-content\/uploads\/2015\/04\/IMG_7664-e1430165574788.jpg\" alt=\"IMG_7664\" width=\"550\" height=\"309\" \/><\/a><figcaption id=\"caption-attachment-5128\" class=\"wp-caption-text\">banderas de todos los sectores, contra el trabajo precario.<\/figcaption><\/figure>\n<p>&nbsp;<\/p>\n<p>Romero destac\u00f3 que ATE present\u00f3 super\u00e1vit contable en ejercicio 2014 \u201csin dejar de apostar por la organizaci\u00f3n y quitar el apoyo financiero a cada uno de los conflictos que se produjeron en la provincia. Eso no es poco atento a como est\u00e1n la finanzas de otros gremios. Nosotros no tenemos cajas alternativas como mutuales, obra social o diversas alternativas que si tienen otras organizaciones por lo que es mucho m\u00e1s meritorio el trabajo que realiz\u00f3 la administraci\u00f3n, con la responsabilidad y honestidad de siempre\u201d.<\/p>\n<figure id=\"attachment_5129\" aria-describedby=\"caption-attachment-5129\" style=\"width: 550px\" class=\"wp-caption aligncenter\"><a href=\"http:\/\/www.atecordoba.org\/wp-content\/uploads\/2015\/04\/IMG_7573-e1430165656886.jpg\"><img loading=\"lazy\" decoding=\"async\" class=\"wp-image-5129 size-full\" src=\"http:\/\/www.atecordoba.org\/wp-content\/uploads\/2015\/04\/IMG_7573-e1430165656886.jpg\" alt=\"IMG_7573\" width=\"550\" height=\"309\" \/><\/a><figcaption id=\"caption-attachment-5129\" class=\"wp-caption-text\">acreditaciones<\/figcaption><\/figure>\n<p>&nbsp;<\/p>\n<p><strong>Extraordinario\u00a0\u00a0\u00a0\u00a0\u00a0\u00a0\u00a0\u00a0\u00a0\u00a0\u00a0\u00a0\u00a0\u00a0\u00a0\u00a0\u00a0\u00a0\u00a0\u00a0\u00a0\u00a0\u00a0\u00a0\u00a0\u00a0\u00a0\u00a0\u00a0\u00a0\u00a0\u00a0\u00a0\u00a0\u00a0\u00a0\u00a0\u00a0\u00a0\u00a0\u00a0\u00a0\u00a0\u00a0\u00a0\u00a0 <\/strong><\/p>\n<p>El Congreso Extraordinario debati\u00f3 las diversas realidades que viven los distintos sectores de trabajo estatales, todos con un denominador en com\u00fan: la problem\u00e1tica del trabajo precario que agobia a los compa\u00f1eros cualquiera sea el nivel del Estado.<\/p>\n<p><a href=\"http:\/\/www.atecordoba.org\/wp-content\/uploads\/2015\/04\/IMG_7596-e1430165753345.jpg\"><img loading=\"lazy\" decoding=\"async\" class=\"aligncenter size-full wp-image-5130\" src=\"http:\/\/www.atecordoba.org\/wp-content\/uploads\/2015\/04\/IMG_7596-e1430165753345.jpg\" alt=\"IMG_7596\" width=\"550\" height=\"309\" \/><\/a><\/p>\n<p>En consecuencia, el Congreso aprob\u00f3 la realizaci\u00f3n de una jornada provincial de protesta para el pr\u00f3ximo 27 de junio en lucha contra la precarizaci\u00f3n laboral. De la misma forma, se aprob\u00f3 que la propuesta sea llevada al Congreso nacional para que la protesta se lleve a cabo en todo el pa\u00eds.<\/p>\n<figure id=\"attachment_5131\" aria-describedby=\"caption-attachment-5131\" style=\"width: 550px\" class=\"wp-caption aligncenter\"><a href=\"http:\/\/www.atecordoba.org\/wp-content\/uploads\/2015\/04\/IMG_7705-e1430165829715.jpg\"><img loading=\"lazy\" decoding=\"async\" class=\"size-full wp-image-5131\" src=\"http:\/\/www.atecordoba.org\/wp-content\/uploads\/2015\/04\/IMG_7705-e1430165829715.jpg\" alt=\"Trabajo en comisiones\" width=\"550\" height=\"309\" \/><\/a><figcaption id=\"caption-attachment-5131\" class=\"wp-caption-text\">Trabajo en comisiones<\/figcaption><\/figure>\n","protected":false},"excerpt":{"rendered":"<p>El Congreso Provincial se realiz\u00f3 el viernes pasado en la ciudad de R\u00edo Tercero y cont\u00f3 con la participaci\u00f3n de 140 congresales. Presidido por nuestra secretaria General, Mar\u00eda Teresa Romero, el secretario Adjunto, Oscar Mengarelli, y los secretarios generales de las tres seccionales del interior provincial, aprob\u00f3 memoria y balance del Congreso ordinario y debati\u00f3 [&hellip;]<\/p>\n","protected":false},"author":1,"featured_media":19220,"comment_status":"open","ping_status":"open","sticky":false,"template":"","format":"standard","meta":{"_exactmetrics_skip_tracking":false,"_exactmetrics_sitenote_active":false,"_exactmetrics_sitenote_note":"","_exactmetrics_sitenote_category":0,"jnews-multi-image_gallery":[],"jnews_single_post":[],"jnews_primary_category":[],"jnews_social_meta":[],"jnews_review":[],"enable_review":"","type":"","name":"","summary":"","brand":"","sku":"","good":[],"bad":[],"score_override":"","override_value":"","rating":[],"price":[],"jnews_override_counter":[],"jnews_post_split":[],"footnotes":""},"categories":[18,8],"tags":[],"class_list":["post-5123","post","type-post","status-publish","format-standard","has-post-thumbnail","hentry","category-nacionales","category-provinciales"],"jetpack_featured_media_url":"https:\/\/atecordoba.org\/wp-content\/uploads\/2020\/05\/logo-nuevochico-e1561581322808.png","_links":{"self":[{"href":"https:\/\/atecordoba.org\/index.php?rest_route=\/wp\/v2\/posts\/5123","targetHints":{"allow":["GET"]}}],"collection":[{"href":"https:\/\/atecordoba.org\/index.php?rest_route=\/wp\/v2\/posts"}],"about":[{"href":"https:\/\/atecordoba.org\/index.php?rest_route=\/wp\/v2\/types\/post"}],"author":[{"embeddable":true,"href":"https:\/\/atecordoba.org\/index.php?rest_route=\/wp\/v2\/users\/1"}],"replies":[{"embeddable":true,"href":"https:\/\/atecordoba.org\/index.php?rest_route=%2Fwp%2Fv2%2Fcomments&post=5123"}],"version-history":[{"count":0,"href":"https:\/\/atecordoba.org\/index.php?rest_route=\/wp\/v2\/posts\/5123\/revisions"}],"wp:featuredmedia":[{"embeddable":true,"href":"https:\/\/atecordoba.org\/index.php?rest_route=\/wp\/v2\/media\/19220"}],"wp:attachment":[{"href":"https:\/\/atecordoba.org\/index.php?rest_route=%2Fwp%2Fv2%2Fmedia&parent=5123"}],"wp:term":[{"taxonomy":"category","embeddable":true,"href":"https:\/\/atecordoba.org\/index.php?rest_route=%2Fwp%2Fv2%2Fcategories&post=5123"},{"taxonomy":"post_tag","embeddable":true,"href":"https:\/\/atecordoba.org\/index.php?rest_route=%2Fwp%2Fv2%2Ftags&post=5123"}],"curies":[{"name":"wp","href":"https:\/\/api.w.org\/{rel}","templated":true}]}}