{"id":51200,"date":"2025-10-20T12:45:54","date_gmt":"2025-10-20T15:45:54","guid":{"rendered":"https:\/\/atecordoba.org\/?p=51200"},"modified":"2025-10-20T13:15:20","modified_gmt":"2025-10-20T16:15:20","slug":"ate-realizo-una-charla-debate-sobre-ddhh-y-criminalizacion-de-la-protesta","status":"publish","type":"post","link":"https:\/\/atecordoba.org\/?p=51200","title":{"rendered":"ATE realiz\u00f3 una Charla-Debate sobre DDHH y criminalizaci\u00f3n de la protesta"},"content":{"rendered":"<p><img loading=\"lazy\" decoding=\"async\" class=\"aligncenter wp-image-51206 \" src=\"https:\/\/atecordoba.org\/wp-content\/uploads\/2025\/10\/WhatsApp-Image-2025-10-16-at-6.26.04-PM.jpeg\" alt=\"\" width=\"604\" height=\"455\" srcset=\"https:\/\/atecordoba.org\/wp-content\/uploads\/2025\/10\/WhatsApp-Image-2025-10-16-at-6.26.04-PM.jpeg 1020w, https:\/\/atecordoba.org\/wp-content\/uploads\/2025\/10\/WhatsApp-Image-2025-10-16-at-6.26.04-PM-300x226.jpeg 300w, https:\/\/atecordoba.org\/wp-content\/uploads\/2025\/10\/WhatsApp-Image-2025-10-16-at-6.26.04-PM-768x578.jpeg 768w, https:\/\/atecordoba.org\/wp-content\/uploads\/2025\/10\/WhatsApp-Image-2025-10-16-at-6.26.04-PM-750x565.jpeg 750w\" sizes=\"auto, (max-width: 604px) 100vw, 604px\" \/>El jueves 16 de octubre el Consejo Directivo Provincial realiz\u00f3 una Charla- Debate sobre DDHH y criminalizaci\u00f3n de la protesta social, donde particip\u00f3 la red de cuidados colectivos contra la violencia policial Mapa de la Polic\u00eda, un espacio que present\u00f3 material probatorio, con formato de video, que desmiente las acusaciones del Fiscal Ernesto De Arag\u00f3n contra el secretario General de ATE, Federico Giuliani y las y los 14 dirigentes detenidos el pasado 28 de agosto.<\/p>\n<p>En al oportunidad, junto a Giuliani y el secretario de DDHH de ATE C\u00f3rdoba, C\u00e9sar Theaux, participaron Silvia Alcoba, referente de la Federaci\u00f3n Nacional Territorial (FeNaT-CTAA), y la integrante de Mapa de la Polic\u00eda, Micaela Minervini. Tambi\u00e9n participaron la Mesa de Trabajo por los DDHH de C\u00f3rdoba, Barbara Ju\u00e1rez del CELS, Amigos y Familiares de Facundo Rivera Alegre, el padre de Ezequiel Castro -Guillermo Castro-, y Jorge Cardoso de la Asociaci\u00f3n Pro Homini, junto a integrantes de La Marcha de la Gorra y la Marcha por la Salud Mental.<\/p>\n<p><img loading=\"lazy\" decoding=\"async\" class=\"aligncenter wp-image-51207 \" src=\"https:\/\/atecordoba.org\/wp-content\/uploads\/2025\/10\/WhatsApp-Image-2025-10-16-at-6.25.55-PM.jpeg\" alt=\"\" width=\"608\" height=\"458\" srcset=\"https:\/\/atecordoba.org\/wp-content\/uploads\/2025\/10\/WhatsApp-Image-2025-10-16-at-6.25.55-PM.jpeg 1020w, https:\/\/atecordoba.org\/wp-content\/uploads\/2025\/10\/WhatsApp-Image-2025-10-16-at-6.25.55-PM-300x226.jpeg 300w, https:\/\/atecordoba.org\/wp-content\/uploads\/2025\/10\/WhatsApp-Image-2025-10-16-at-6.25.55-PM-768x578.jpeg 768w, https:\/\/atecordoba.org\/wp-content\/uploads\/2025\/10\/WhatsApp-Image-2025-10-16-at-6.25.55-PM-750x565.jpeg 750w\" sizes=\"auto, (max-width: 608px) 100vw, 608px\" \/><\/p>\n<p>En al introducci\u00f3n de la Charla. Theaux se\u00f1al\u00f3 que sobre los sucesos del 28 de agosto, donde la manifestaci\u00f3n fue reprimida en el marco de una reclamo pro la entrega de alimentos para comederos populares: &#8220;no ten\u00edamos antecedentes en nivel sindical de este nivel de violencia policial, pero tiene que ver con el clima represivo contra cualquier tipo de reclamo. Estamos articulando redes con los organismos de DDHH para visibilizar lo que sucede en la ciudad de C\u00f3rdoba&#8221;.<\/p>\n<p>Luego Giuliani explic\u00f3, entre otros pormenores, su detenci\u00f3n arbitraria durante cinco d\u00edas en el Penal de Bower, previo paso por Hospital Misericordia para recibir curaciones por un brazo quebrado por la polic\u00eda, y afirm\u00f3 que &#8220;hoy comprobamos que las c\u00e1rceles en C\u00f3rdoba tienen el mismo r\u00e9gimen que durante la dictadura, a 42 a\u00f1os de recuperada la democracia no existen los DDHH en el sistema carcelario&#8221;.<img loading=\"lazy\" decoding=\"async\" class=\"aligncenter wp-image-51208 \" src=\"https:\/\/atecordoba.org\/wp-content\/uploads\/2025\/10\/WhatsApp-Image-2025-10-16-at-6.26.21-PM.jpeg\" alt=\"\" width=\"609\" height=\"366\" srcset=\"https:\/\/atecordoba.org\/wp-content\/uploads\/2025\/10\/WhatsApp-Image-2025-10-16-at-6.26.21-PM.jpeg 1020w, https:\/\/atecordoba.org\/wp-content\/uploads\/2025\/10\/WhatsApp-Image-2025-10-16-at-6.26.21-PM-300x181.jpeg 300w, https:\/\/atecordoba.org\/wp-content\/uploads\/2025\/10\/WhatsApp-Image-2025-10-16-at-6.26.21-PM-768x462.jpeg 768w, https:\/\/atecordoba.org\/wp-content\/uploads\/2025\/10\/WhatsApp-Image-2025-10-16-at-6.26.21-PM-750x451.jpeg 750w\" sizes=\"auto, (max-width: 609px) 100vw, 609px\" \/><\/p>\n<p>&#8220;Entr\u00e1s vivo a un penal y no sab\u00e9s si salis con vida -denunci\u00f3-, por las peleas de pobres contra pobres o por las condiciones de vida que toca vivir: sin agua potable, con dos duchas para 80 internos, duermen cuatro donde hay lugar para dos, la comida no la comen ni los animales, condiciones de salubridad tremendas con plagas de todo tipo, las instalaciones el\u00e9ctricas con una precariedad donde en cualquier momento se puede prender fuego el pabell\u00f3n&#8221;.<\/p>\n<p>En ese marco, el dirigente remarc\u00f3 la labor solidaria\u00a0&#8220;de las organizaciones que hicieron que el encierro que pretend\u00eda el fiscal se redujera a cinco d\u00edas&#8221;.<\/p>\n<p><strong>Monitorear el accionar policial<\/strong><\/p>\n<p>Seguidamente Minervini, explic\u00f3 como trabaja la Red Mapa de la Polic\u00eda y apunt\u00f3 que &#8220;somos una red de cuidados colectivos contra la violencia policial que naci\u00f3 hace tres a\u00f1os y estamos compuestos por organizaciones y personas&#8221;.<\/p>\n<p><img loading=\"lazy\" decoding=\"async\" class=\"alignleft wp-image-51209 \" src=\"https:\/\/atecordoba.org\/wp-content\/uploads\/2025\/10\/WhatsApp-Image-2025-10-16-at-6.59.56-PM.jpeg\" alt=\"\" width=\"343\" height=\"455\" srcset=\"https:\/\/atecordoba.org\/wp-content\/uploads\/2025\/10\/WhatsApp-Image-2025-10-16-at-6.59.56-PM.jpeg 768w, https:\/\/atecordoba.org\/wp-content\/uploads\/2025\/10\/WhatsApp-Image-2025-10-16-at-6.59.56-PM-226x300.jpeg 226w, https:\/\/atecordoba.org\/wp-content\/uploads\/2025\/10\/WhatsApp-Image-2025-10-16-at-6.59.56-PM-750x996.jpeg 750w\" sizes=\"auto, (max-width: 343px) 100vw, 343px\" \/>&#8220;Nuestro objetivo es ejercer un monitoreo ciudadano sobre las fuerzas de seguridad y en especial sobre las violencia policial. Tenemos unas web donde hicimos p\u00fablica informaci\u00f3n referida a las comisar\u00edas, agentes y entidades que act\u00faan en el \u00e1mbito de la ciudad de Buenos Aires.\u00a0En este espacio se pueden denunciar casos de violencia policial. Publicamos investigaciones mensuales y difundimos reportes cada seis meses&#8221;, explic\u00f3.<\/p>\n<p>Y agreg\u00f3: &#8220;trabajamos con el m\u00e9todo de reconstrucci\u00f3n llamado \u2018arquitectura forense\u2019, que consiste en reunir im\u00e1genes de distintas procedencias (coberturas de medios de comunicaci\u00f3n, grabaciones de celulares, fotos de fotorreporteros, etc.) para sincronizar las im\u00e1genes y obtener una especie de pan\u00f3ptico del hecho&#8221;.<\/p>\n<p>Luego relat\u00f3 que la red realiz\u00f3 en 2023 la primera reconstrucci\u00f3n cuando asesinaron al periodista Facundo Molares. &#8220;En estos dos a\u00f1os la represi\u00f3n a la protesta se agudiz\u00f3 y comenzamos a monitorear los operativos que se realizaban en la Ciudad para analizar y entender c\u00f3mo se llevaban a cabo. En 2024 reconstruimos el caso de la ni\u00f1a gaseada por un polic\u00eda federal y hoy est\u00e1 procesado. En 2025 reconstruimos los casos de Pablo Grillo y Jonatan Navarro, donde casi en simultaneo los dos autores materiales de dos fuerzas federales diferentes les dispararon. Ambos tambi\u00e9n est\u00e1n procesados&#8221;, asegur\u00f3.<img loading=\"lazy\" decoding=\"async\" class=\"alignright wp-image-51210 \" src=\"https:\/\/atecordoba.org\/wp-content\/uploads\/2025\/10\/WhatsApp-Image-2025-10-16-at-6.41.17-PM.jpeg\" alt=\"\" width=\"328\" height=\"435\" srcset=\"https:\/\/atecordoba.org\/wp-content\/uploads\/2025\/10\/WhatsApp-Image-2025-10-16-at-6.41.17-PM.jpeg 768w, https:\/\/atecordoba.org\/wp-content\/uploads\/2025\/10\/WhatsApp-Image-2025-10-16-at-6.41.17-PM-226x300.jpeg 226w, https:\/\/atecordoba.org\/wp-content\/uploads\/2025\/10\/WhatsApp-Image-2025-10-16-at-6.41.17-PM-750x996.jpeg 750w\" sizes=\"auto, (max-width: 328px) 100vw, 328px\" \/><\/p>\n<p>Sobre ese caso, Minervini dijo que producto de las reconstrucciones se pudo entender que estos efectivos respondieron a las \u00f3rdenes del comando unificado que tiene a la cabeza a Patricia Bullrich &#8220;porque dispararon en distintos puntos de la plaza, no ten\u00edan referencias entre s\u00ed pero actuaron de la misma manera, violando los protocolos de uso de las armas y con tan solo tres minutos de distancia entre un hecho y el otro&#8221;.<\/p>\n<p>Y describi\u00f3 el caso de la reconstrucci\u00f3n de la joven Cintia Castellanos &#8220;que fue a una marcha de jubilados y un polic\u00eda de la ciudad le fractura un tobillo y la deja abandonada sin poder levantarse, incluso la intentan detener en ese momento. El polic\u00eda no est\u00e1 identificado porque no ten\u00eda nombre en su uniforme, que es una obligaci\u00f3n legal&#8221;.<\/p>\n<p><strong>Visibilizar y reforzar la redes<\/strong><\/p>\n<p>Por su parte, Silvia Alcoba dijo que la jornada &#8220;fue espectacular para visibilizar la represi\u00f3n que sufrimos y lo que pasa a diario&#8221;.<\/p>\n<p>Y destac\u00f3 que estas iniciativas son fundamentales para exponer la violencia policial &#8220;que es instrumento de un gobierno que no quiere a los pobres en la calle. Para eso es indispensable la complicidad judicial. Lo que vivimos el 28 de agosto fue tremendo y no debe volverse a repetir&#8221;, concluyo.<\/p>\n<p>&nbsp;<\/p>\n<p>&nbsp;<\/p>\n","protected":false},"excerpt":{"rendered":"<p>El jueves 16 de octubre el Consejo Directivo Provincial realiz\u00f3 una Charla- Debate sobre DDHH y criminalizaci\u00f3n de la protesta social, donde particip\u00f3 la red de cuidados colectivos contra la violencia policial Mapa de la Polic\u00eda, un espacio que present\u00f3 material probatorio, con formato de video, que desmiente las acusaciones del Fiscal Ernesto De Arag\u00f3n [&hellip;]<\/p>\n","protected":false},"author":7,"featured_media":51206,"comment_status":"open","ping_status":"open","sticky":false,"template":"","format":"standard","meta":{"_exactmetrics_skip_tracking":false,"_exactmetrics_sitenote_active":false,"_exactmetrics_sitenote_note":"","_exactmetrics_sitenote_category":0,"jnews-multi-image_gallery":[],"jnews_single_post":{"format":"standard","override":[{"template":"1","parallax":"1","fullscreen":"1","layout":"no-sidebar-narrow","sidebar":"default-sidebar","second_sidebar":"default-sidebar","sticky_sidebar":"1","share_position":"bottom","share_float_style":"share-monocrhome","show_share_counter":"1","show_view_counter":"1","show_post_meta":"1","show_post_author_image":"1","show_post_date":"1","post_date_format":"default","post_date_format_custom":"Y\/m\/d","show_post_category":"1","show_post_reading_time":"0","post_reading_time_wpm":"300","post_calculate_word_method":"str_word_count","show_zoom_button":"0","zoom_button_out_step":"2","zoom_button_in_step":"3","show_post_tag":"1","number_popup_post":"1","show_post_related":"1","show_inline_post_related":"0"}],"image_override":[{"single_post_thumbnail_size":"crop-500","single_post_gallery_size":"crop-500"}],"trending_post_position":"meta","trending_post_label":"Trending","sponsored_post_label":"Sponsored by","disable_ad":"0"},"jnews_primary_category":[],"jnews_social_meta":[],"jnews_review":[],"enable_review":"","type":"percentage","name":"","summary":"","brand":"","sku":"","good":[],"bad":[],"score_override":"","override_value":"","rating":[],"price":[],"jnews_override_counter":{"view_counter_number":"0","share_counter_number":"0","like_counter_number":"0","dislike_counter_number":"0"},"jnews_post_split":{"post_split":[{"template":"1","tag":"h2","numbering":"asc","mode":"normal","first":"0","enable_toc":"0","toc_type":"normal"}]},"footnotes":""},"categories":[341],"tags":[],"class_list":["post-51200","post","type-post","status-publish","format-standard","has-post-thumbnail","hentry","category-cdp"],"jetpack_featured_media_url":"https:\/\/atecordoba.org\/wp-content\/uploads\/2025\/10\/WhatsApp-Image-2025-10-16-at-6.26.04-PM.jpeg","_links":{"self":[{"href":"https:\/\/atecordoba.org\/index.php?rest_route=\/wp\/v2\/posts\/51200","targetHints":{"allow":["GET"]}}],"collection":[{"href":"https:\/\/atecordoba.org\/index.php?rest_route=\/wp\/v2\/posts"}],"about":[{"href":"https:\/\/atecordoba.org\/index.php?rest_route=\/wp\/v2\/types\/post"}],"author":[{"embeddable":true,"href":"https:\/\/atecordoba.org\/index.php?rest_route=\/wp\/v2\/users\/7"}],"replies":[{"embeddable":true,"href":"https:\/\/atecordoba.org\/index.php?rest_route=%2Fwp%2Fv2%2Fcomments&post=51200"}],"version-history":[{"count":6,"href":"https:\/\/atecordoba.org\/index.php?rest_route=\/wp\/v2\/posts\/51200\/revisions"}],"predecessor-version":[{"id":51220,"href":"https:\/\/atecordoba.org\/index.php?rest_route=\/wp\/v2\/posts\/51200\/revisions\/51220"}],"wp:featuredmedia":[{"embeddable":true,"href":"https:\/\/atecordoba.org\/index.php?rest_route=\/wp\/v2\/media\/51206"}],"wp:attachment":[{"href":"https:\/\/atecordoba.org\/index.php?rest_route=%2Fwp%2Fv2%2Fmedia&parent=51200"}],"wp:term":[{"taxonomy":"category","embeddable":true,"href":"https:\/\/atecordoba.org\/index.php?rest_route=%2Fwp%2Fv2%2Fcategories&post=51200"},{"taxonomy":"post_tag","embeddable":true,"href":"https:\/\/atecordoba.org\/index.php?rest_route=%2Fwp%2Fv2%2Ftags&post=51200"}],"curies":[{"name":"wp","href":"https:\/\/api.w.org\/{rel}","templated":true}]}}